{"id":1005,"date":"2018-05-08T23:30:31","date_gmt":"2018-05-08T21:30:31","guid":{"rendered":"http:\/\/tour.gradt.de?p=1005"},"modified":"2018-05-09T18:43:42","modified_gmt":"2018-05-09T16:43:42","slug":"erste-nacht-in-italien","status":"publish","type":"post","link":"http:\/\/tour.gradt.de\/?p=1005","title":{"rendered":"Erste Nacht in Italien"},"content":{"rendered":"<p>Zuerst wollten wir nur 2 N\u00e4chte auf dem Campingplatz bleiben und weiterfahren, aber es war so entspannt und gem\u00fctlich, dass wir jeden zweiten Tag wieder verl\u00e4ngert haben. Heute nach fast einer Woche verlassen wir den Campingplatz. Weil die Kinder vom Whirlpool so begeistert waren ist Anna, solange Christian das Auto f\u00fcr die Fahrt flott gemacht hat, mit Kindern zum letzten Mal zum Whirlpool gegangen.<\/p>\n<p><!--more-->Gegen Mittag sind wir los Richtung Italien. Das St\u00fcck zwischen Nizza und Monaco entlang der K\u00fcste bietet wundersch\u00f6ne Ausblicke von oben: blaues Wasser, Felsen, H\u00e4fen, sch\u00f6ne Buchten, Yachten, Villas.<\/p>\n<p>Wir sind durch Monaco gefahren. Monaco hat eine sehr beeindruckende Architektur. Alt und Neu treffen auf einander, es wird hoch gebaut, prunkvoll und edel.<\/p>\n<p>Zuf\u00e4llig sind wir mit unserem WoMo einen Teil auf der Rennstrecke gefahren. F\u00fcr Adrian und Christian ein besonderes Gef\u00fchl, f\u00fcr Anna eine ganz normale Stra\u00dfe ;-)! Das besondere Gef\u00fchl der M\u00e4nner wurde noch verst\u00e4rkt , denn Trib\u00fcnen werden im Moment aufgebaut, es ist schon einiges gesperrt und Ende Mai ist der gro\u00dfe Tag.<\/p>\n<p>Die Grenze nach Italien haben wir dann am fr\u00fchen Nachmittag \u00fcberquert. Italienisches Temperament ist uns bekannt. Wir haben jahrelang die temperamentvolle, italienische Nachbarn mit gro\u00dfem Herz gehabt, die uns ab und an mit ihren leckeren Spezialit\u00e4ten verw\u00f6hnt haben.<\/p>\n<p>\u00dcber die K\u00fcstenstra\u00dfe &#8222;via Aurelia&#8220; wollten wir es wie in Frankreich machen und w\u00e4hrend der Fahrt die K\u00fcste bestaunen. Leider ist viel verbaut und es war dichter Verkehr, so dass wir kaum voran gekommen sind.<\/p>\n<p>In Arma du Taggia haben wir einen Platz f\u00fcr eine Pause gesucht. Der Platz war so gut, dass wir uns entschieden haben hier die Nacht zu verbringen. Den nahegelegenen Supermarkt haben wir noch leer gekauft und den Strand am Abend noch gut genutzt.<\/p>\n<p><img loading=\"lazy\" src=\"https:\/\/i0.wp.com\/tour.gradt.de\/wp-content\/uploads\/2018\/05\/img_7410.jpg?resize=525%2C700\" class=\"wp-image-1008 size-full\" height=\"700\" width=\"525\" srcset=\"https:\/\/i0.wp.com\/tour.gradt.de\/wp-content\/uploads\/2018\/05\/img_7410.jpg?w=2448 2448w, https:\/\/i0.wp.com\/tour.gradt.de\/wp-content\/uploads\/2018\/05\/img_7410.jpg?resize=225%2C300 225w, https:\/\/i0.wp.com\/tour.gradt.de\/wp-content\/uploads\/2018\/05\/img_7410.jpg?resize=768%2C1024 768w, https:\/\/i0.wp.com\/tour.gradt.de\/wp-content\/uploads\/2018\/05\/img_7410.jpg?w=1050 1050w, https:\/\/i0.wp.com\/tour.gradt.de\/wp-content\/uploads\/2018\/05\/img_7410.jpg?w=1575 1575w\" sizes=\"(max-width: 767px) 89vw, (max-width: 1000px) 54vw, (max-width: 1071px) 543px, 580px\" data-recalc-dims=\"1\" \/><\/p>\n<p><img loading=\"lazy\" src=\"https:\/\/i0.wp.com\/tour.gradt.de\/wp-content\/uploads\/2018\/05\/img_7426.jpg?resize=525%2C700\" class=\"size-full wp-image-1012\" height=\"700\" width=\"525\" srcset=\"https:\/\/i0.wp.com\/tour.gradt.de\/wp-content\/uploads\/2018\/05\/img_7426.jpg?w=2448 2448w, https:\/\/i0.wp.com\/tour.gradt.de\/wp-content\/uploads\/2018\/05\/img_7426.jpg?resize=225%2C300 225w, https:\/\/i0.wp.com\/tour.gradt.de\/wp-content\/uploads\/2018\/05\/img_7426.jpg?resize=768%2C1024 768w, https:\/\/i0.wp.com\/tour.gradt.de\/wp-content\/uploads\/2018\/05\/img_7426.jpg?w=1050 1050w, https:\/\/i0.wp.com\/tour.gradt.de\/wp-content\/uploads\/2018\/05\/img_7426.jpg?w=1575 1575w\" sizes=\"(max-width: 767px) 89vw, (max-width: 1000px) 54vw, (max-width: 1071px) 543px, 580px\" data-recalc-dims=\"1\" \/><img loading=\"lazy\" src=\"https:\/\/i0.wp.com\/tour.gradt.de\/wp-content\/uploads\/2018\/05\/img_7425-1.jpg?resize=525%2C700\" class=\"size-full wp-image-1013\" height=\"700\" width=\"525\" srcset=\"https:\/\/i0.wp.com\/tour.gradt.de\/wp-content\/uploads\/2018\/05\/img_7425-1.jpg?w=2448 2448w, https:\/\/i0.wp.com\/tour.gradt.de\/wp-content\/uploads\/2018\/05\/img_7425-1.jpg?resize=225%2C300 225w, https:\/\/i0.wp.com\/tour.gradt.de\/wp-content\/uploads\/2018\/05\/img_7425-1.jpg?resize=768%2C1024 768w, https:\/\/i0.wp.com\/tour.gradt.de\/wp-content\/uploads\/2018\/05\/img_7425-1.jpg?w=1050 1050w, https:\/\/i0.wp.com\/tour.gradt.de\/wp-content\/uploads\/2018\/05\/img_7425-1.jpg?w=1575 1575w\" sizes=\"(max-width: 767px) 89vw, (max-width: 1000px) 54vw, (max-width: 1071px) 543px, 580px\" data-recalc-dims=\"1\" \/><img loading=\"lazy\" src=\"https:\/\/i0.wp.com\/tour.gradt.de\/wp-content\/uploads\/2018\/05\/img_7463.jpg?resize=525%2C700\" class=\"size-full wp-image-1014\" height=\"700\" width=\"525\" srcset=\"https:\/\/i0.wp.com\/tour.gradt.de\/wp-content\/uploads\/2018\/05\/img_7463.jpg?w=2448 2448w, https:\/\/i0.wp.com\/tour.gradt.de\/wp-content\/uploads\/2018\/05\/img_7463.jpg?resize=225%2C300 225w, https:\/\/i0.wp.com\/tour.gradt.de\/wp-content\/uploads\/2018\/05\/img_7463.jpg?resize=768%2C1024 768w, https:\/\/i0.wp.com\/tour.gradt.de\/wp-content\/uploads\/2018\/05\/img_7463.jpg?w=1050 1050w, https:\/\/i0.wp.com\/tour.gradt.de\/wp-content\/uploads\/2018\/05\/img_7463.jpg?w=1575 1575w\" sizes=\"(max-width: 767px) 89vw, (max-width: 1000px) 54vw, (max-width: 1071px) 543px, 580px\" data-recalc-dims=\"1\" \/><\/p>\n","protected":false},"excerpt":{"rendered":"<p>Zuerst wollten wir nur 2 N\u00e4chte auf dem Campingplatz bleiben und weiterfahren, aber es war so entspannt und gem\u00fctlich, dass wir jeden zweiten Tag wieder verl\u00e4ngert haben. Heute nach fast einer Woche verlassen wir den Campingplatz. Weil die Kinder vom Whirlpool so begeistert waren ist Anna, solange Christian das Auto f\u00fcr die Fahrt flott gemacht &hellip; <\/p>\n<p class=\"link-more\"><a href=\"http:\/\/tour.gradt.de\/?p=1005\" class=\"more-link\"><span class=\"screen-reader-text\">\u201eErste Nacht in Italien\u201c<\/span> weiterlesen<\/a><\/p>\n","protected":false},"author":1,"featured_media":0,"comment_status":"open","ping_status":"closed","sticky":false,"template":"","format":"standard","meta":{"jetpack_post_was_ever_published":false,"jetpack_publicize_message":"","jetpack_is_tweetstorm":false,"jetpack_publicize_feature_enabled":true},"categories":[18],"tags":[],"jetpack_publicize_connections":[],"jetpack_featured_media_url":"","jetpack_sharing_enabled":true,"jetpack_shortlink":"https:\/\/wp.me\/p9KDky-gd","jetpack_likes_enabled":true,"_links":{"self":[{"href":"http:\/\/tour.gradt.de\/index.php?rest_route=\/wp\/v2\/posts\/1005"}],"collection":[{"href":"http:\/\/tour.gradt.de\/index.php?rest_route=\/wp\/v2\/posts"}],"about":[{"href":"http:\/\/tour.gradt.de\/index.php?rest_route=\/wp\/v2\/types\/post"}],"author":[{"embeddable":true,"href":"http:\/\/tour.gradt.de\/index.php?rest_route=\/wp\/v2\/users\/1"}],"replies":[{"embeddable":true,"href":"http:\/\/tour.gradt.de\/index.php?rest_route=%2Fwp%2Fv2%2Fcomments&post=1005"}],"version-history":[{"count":5,"href":"http:\/\/tour.gradt.de\/index.php?rest_route=\/wp\/v2\/posts\/1005\/revisions"}],"predecessor-version":[{"id":1033,"href":"http:\/\/tour.gradt.de\/index.php?rest_route=\/wp\/v2\/posts\/1005\/revisions\/1033"}],"wp:attachment":[{"href":"http:\/\/tour.gradt.de\/index.php?rest_route=%2Fwp%2Fv2%2Fmedia&parent=1005"}],"wp:term":[{"taxonomy":"category","embeddable":true,"href":"http:\/\/tour.gradt.de\/index.php?rest_route=%2Fwp%2Fv2%2Fcategories&post=1005"},{"taxonomy":"post_tag","embeddable":true,"href":"http:\/\/tour.gradt.de\/index.php?rest_route=%2Fwp%2Fv2%2Ftags&post=1005"}],"curies":[{"name":"wp","href":"https:\/\/api.w.org\/{rel}","templated":true}]}}