{"id":5279,"date":"2018-08-04T09:50:44","date_gmt":"2018-08-04T07:50:44","guid":{"rendered":"http:\/\/tour.gradt.de\/?p=5279"},"modified":"2018-08-05T11:37:00","modified_gmt":"2018-08-05T09:37:00","slug":"im-nichts","status":"publish","type":"post","link":"http:\/\/tour.gradt.de\/?p=5279","title":{"rendered":"Im Nichts"},"content":{"rendered":"<p>Schweden ist ein interessantes Land, genau so wie Finnland. Manchmal f\u00e4hrt man stundenlang und sieht nichts und niemanden. Keine Spuren von der Menschheit, nur wilde Natur und wundersch\u00f6ne Landschaften. So ging&#8217;s uns heute. Nach langem Fahren sehen wir pl\u00f6tzlich ein H\u00e4uschen, das unbewohnt ist. Ein Paar Kilometer weiter standen ein Paar H\u00e4uschen mehr. Noch ein St\u00fcck weiter sehen wir ein ganzes &#8222;Dorf&#8220; :-), f\u00fcnf H\u00e4user nebeneinander und man sieht sogar ein paar Menschen \ud83d\ude42<\/p>\n<p><!--more-->Die Landschaft ist eigenartig und hat viele Gesichter: flache Sch\u00e4reninseln, ausgedehnte Seengebiete, hohe Berge, \u00fcppige W\u00e4lder und karge Fjelllandschaften. Das alles haben wir heute gesehen.<\/p>\n<p>Nach 2 Stunden Fahren waren wir reif f\u00fcr eine Pause und fahren eine Strecke, die uns gestern ein Motorradfahrer empfohlen hat. Wir fahren auf einer Stra\u00dfe aus Schotter und es geht bergauf durch eine immer karger werdende Landschaft. Oben angekommen gibt es eine gro\u00dfe Fl\u00e4che aus Grass, Steinen und Moos. Man kann weit sehen und wir entdecken neben der Stra\u00dfe Rentiere. Erst eins, dann pl\u00f6tzlich eine ganze Familie mit einem Jungtier. Sie umkreisen einmal unser Auto und laufen wieder fort. Ein paar Meter sp\u00e4ter ein gro\u00dfer Platz, an dem viele Rast machen. Wir stellen uns dazu, laufen herum, genie\u00dfen die Landschaft und essen zu Mittag.<\/p>\n<p><img loading=\"lazy\" src=\"https:\/\/i0.wp.com\/tour.gradt.de\/wp-content\/uploads\/2018\/08\/img_3414.jpg?resize=525%2C394\" class=\"wp-image-5288 size-full\" height=\"394\" width=\"525\" srcset=\"https:\/\/i0.wp.com\/tour.gradt.de\/wp-content\/uploads\/2018\/08\/img_3414.jpg?w=3264 3264w, https:\/\/i0.wp.com\/tour.gradt.de\/wp-content\/uploads\/2018\/08\/img_3414.jpg?resize=300%2C225 300w, https:\/\/i0.wp.com\/tour.gradt.de\/wp-content\/uploads\/2018\/08\/img_3414.jpg?resize=768%2C576 768w, https:\/\/i0.wp.com\/tour.gradt.de\/wp-content\/uploads\/2018\/08\/img_3414.jpg?resize=1024%2C768 1024w, https:\/\/i0.wp.com\/tour.gradt.de\/wp-content\/uploads\/2018\/08\/img_3414.jpg?w=1575 1575w\" sizes=\"(max-width: 767px) 89vw, (max-width: 1000px) 54vw, (max-width: 1071px) 543px, 580px\" data-recalc-dims=\"1\" \/><img loading=\"lazy\" src=\"https:\/\/i0.wp.com\/tour.gradt.de\/wp-content\/uploads\/2018\/08\/img_3398.jpg?resize=525%2C394\" class=\"wp-image-5291 size-full\" height=\"394\" width=\"525\" srcset=\"https:\/\/i0.wp.com\/tour.gradt.de\/wp-content\/uploads\/2018\/08\/img_3398.jpg?w=3264 3264w, https:\/\/i0.wp.com\/tour.gradt.de\/wp-content\/uploads\/2018\/08\/img_3398.jpg?resize=300%2C225 300w, https:\/\/i0.wp.com\/tour.gradt.de\/wp-content\/uploads\/2018\/08\/img_3398.jpg?resize=768%2C576 768w, https:\/\/i0.wp.com\/tour.gradt.de\/wp-content\/uploads\/2018\/08\/img_3398.jpg?resize=1024%2C768 1024w, https:\/\/i0.wp.com\/tour.gradt.de\/wp-content\/uploads\/2018\/08\/img_3398.jpg?w=1575 1575w\" sizes=\"(max-width: 767px) 89vw, (max-width: 1000px) 54vw, (max-width: 1071px) 543px, 580px\" data-recalc-dims=\"1\" \/><\/p>\n<p><img loading=\"lazy\" src=\"https:\/\/i0.wp.com\/tour.gradt.de\/wp-content\/uploads\/2018\/08\/img_3391.jpg?resize=525%2C394\" class=\"wp-image-5297 size-full\" height=\"394\" width=\"525\" srcset=\"https:\/\/i0.wp.com\/tour.gradt.de\/wp-content\/uploads\/2018\/08\/img_3391.jpg?w=2490 2490w, https:\/\/i0.wp.com\/tour.gradt.de\/wp-content\/uploads\/2018\/08\/img_3391.jpg?resize=300%2C225 300w, https:\/\/i0.wp.com\/tour.gradt.de\/wp-content\/uploads\/2018\/08\/img_3391.jpg?resize=768%2C576 768w, https:\/\/i0.wp.com\/tour.gradt.de\/wp-content\/uploads\/2018\/08\/img_3391.jpg?resize=1024%2C768 1024w, https:\/\/i0.wp.com\/tour.gradt.de\/wp-content\/uploads\/2018\/08\/img_3391.jpg?w=1575 1575w\" sizes=\"(max-width: 767px) 89vw, (max-width: 1000px) 54vw, (max-width: 1071px) 543px, 580px\" data-recalc-dims=\"1\" \/><\/p>\n<p>Nach einer ausgiebigen Mittagspause geht es weiter, bergab auf der selben Stra\u00dfe und die Begegnungen mit Rentieren werden kurios: zweimal kommen wir in die Situation, dass ein Tier mitten vor uns auf der Stra\u00dfe l\u00e4uft. Wir k\u00f6nnen nicht \u00fcberholen und es l\u00e4uft in die gleiche Richtung. Wenn es Lust hat stoppt es, leckt an der Stra\u00dfe oder macht sich sauber und l\u00e4uft weiter. Das zweite Tier war sogar so hartn\u00e4ckig, dass Anna ausgestiegen ist und es verjagen wollte&#8230; aber auch die Aktion hat das Tier nicht beeindruckt. Erst als Autos aus der Gegenrichtung kommen, machen sie den Weg frei.<\/p>\n<p>Wir stehen im Stau \ud83d\ude42 \ud83d\ude42 \ud83d\ude42<\/p>\n<p><img loading=\"lazy\" src=\"https:\/\/i0.wp.com\/tour.gradt.de\/wp-content\/uploads\/2018\/08\/img_3407-1.jpg?resize=525%2C700\" class=\"wp-image-5300 size-full\" height=\"700\" width=\"525\" srcset=\"https:\/\/i0.wp.com\/tour.gradt.de\/wp-content\/uploads\/2018\/08\/img_3407-1.jpg?w=1733 1733w, https:\/\/i0.wp.com\/tour.gradt.de\/wp-content\/uploads\/2018\/08\/img_3407-1.jpg?resize=225%2C300 225w, https:\/\/i0.wp.com\/tour.gradt.de\/wp-content\/uploads\/2018\/08\/img_3407-1.jpg?resize=768%2C1024 768w, https:\/\/i0.wp.com\/tour.gradt.de\/wp-content\/uploads\/2018\/08\/img_3407-1.jpg?w=1050 1050w, https:\/\/i0.wp.com\/tour.gradt.de\/wp-content\/uploads\/2018\/08\/img_3407-1.jpg?w=1575 1575w\" sizes=\"(max-width: 767px) 89vw, (max-width: 1000px) 54vw, (max-width: 1071px) 543px, 580px\" data-recalc-dims=\"1\" \/><\/p>\n<p>Danach fahren wir noch ein paar Kilometer auf einer schwedischen Landstra\u00dfe an einem Skigebiet vorbei nach Norwegen. Heute steuern wir einen Campingplatz an, da der Strom nachgeladen werden muss. Pl\u00f6tzlich schl\u00e4gt das Wetter um: es hat nur noch 17 Grad, es regnet. Willkommen in Norwegen \ud83d\ude42<\/p>\n","protected":false},"excerpt":{"rendered":"<p>Schweden ist ein interessantes Land, genau so wie Finnland. Manchmal f\u00e4hrt man stundenlang und sieht nichts und niemanden. Keine Spuren von der Menschheit, nur wilde Natur und wundersch\u00f6ne Landschaften. So ging&#8217;s uns heute. Nach langem Fahren sehen wir pl\u00f6tzlich ein H\u00e4uschen, das unbewohnt ist. Ein Paar Kilometer weiter standen ein Paar H\u00e4uschen mehr. Noch ein &hellip; <\/p>\n<p class=\"link-more\"><a href=\"http:\/\/tour.gradt.de\/?p=5279\" class=\"more-link\"><span class=\"screen-reader-text\">\u201eIm Nichts\u201c<\/span> weiterlesen<\/a><\/p>\n","protected":false},"author":1,"featured_media":5311,"comment_status":"open","ping_status":"closed","sticky":false,"template":"","format":"standard","meta":{"jetpack_post_was_ever_published":false,"jetpack_publicize_message":"","jetpack_is_tweetstorm":false,"jetpack_publicize_feature_enabled":true},"categories":[59],"tags":[],"jetpack_publicize_connections":[],"jetpack_featured_media_url":"https:\/\/i0.wp.com\/tour.gradt.de\/wp-content\/uploads\/2018\/08\/img_3394-1.jpg?fit=2448%2C3264","jetpack_sharing_enabled":true,"jetpack_shortlink":"https:\/\/wp.me\/p9KDky-1n9","jetpack_likes_enabled":true,"_links":{"self":[{"href":"http:\/\/tour.gradt.de\/index.php?rest_route=\/wp\/v2\/posts\/5279"}],"collection":[{"href":"http:\/\/tour.gradt.de\/index.php?rest_route=\/wp\/v2\/posts"}],"about":[{"href":"http:\/\/tour.gradt.de\/index.php?rest_route=\/wp\/v2\/types\/post"}],"author":[{"embeddable":true,"href":"http:\/\/tour.gradt.de\/index.php?rest_route=\/wp\/v2\/users\/1"}],"replies":[{"embeddable":true,"href":"http:\/\/tour.gradt.de\/index.php?rest_route=%2Fwp%2Fv2%2Fcomments&post=5279"}],"version-history":[{"count":5,"href":"http:\/\/tour.gradt.de\/index.php?rest_route=\/wp\/v2\/posts\/5279\/revisions"}],"predecessor-version":[{"id":5314,"href":"http:\/\/tour.gradt.de\/index.php?rest_route=\/wp\/v2\/posts\/5279\/revisions\/5314"}],"wp:featuredmedia":[{"embeddable":true,"href":"http:\/\/tour.gradt.de\/index.php?rest_route=\/wp\/v2\/media\/5311"}],"wp:attachment":[{"href":"http:\/\/tour.gradt.de\/index.php?rest_route=%2Fwp%2Fv2%2Fmedia&parent=5279"}],"wp:term":[{"taxonomy":"category","embeddable":true,"href":"http:\/\/tour.gradt.de\/index.php?rest_route=%2Fwp%2Fv2%2Fcategories&post=5279"},{"taxonomy":"post_tag","embeddable":true,"href":"http:\/\/tour.gradt.de\/index.php?rest_route=%2Fwp%2Fv2%2Ftags&post=5279"}],"curies":[{"name":"wp","href":"https:\/\/api.w.org\/{rel}","templated":true}]}}