{"id":5315,"date":"2018-08-05T23:10:30","date_gmt":"2018-08-05T21:10:30","guid":{"rendered":"http:\/\/tour.gradt.de\/?p=5315"},"modified":"2018-08-06T16:22:07","modified_gmt":"2018-08-06T14:22:07","slug":"norwegen-wow","status":"publish","type":"post","link":"http:\/\/tour.gradt.de\/?p=5315","title":{"rendered":"Norwegen &#8211; WOW!"},"content":{"rendered":"<p>Regentropfen auf den Fenstern. Drau\u00dfen ist es nur +14 Grad. Wir werden langsam wach und schalten die Heizung an, damit es bei uns gem\u00fctlich bleibt. Heute haben wir auf einem Campingplatz in der N\u00e4he der Stadt R\u00f8ros \u00fcbernachtet. Bis Mittag sind wir auf Campingplatz geblieben, haben das Auto ein bi\u00dfchen aufger\u00e4umt, ausgiebig geduscht und dann ging&#8217;s f\u00fcr uns weiter.<\/p>\n<p><!--more-->Wir haben die Stadt R\u00f8ros besichtigt. Das ist eine kaum bekannte Kleinstadt im Osten Norwegens, aber UNESCO Welterbe. Es war ein bedeutender Ort f\u00fcr den Bergbau, 333 Jahre wurde hier Kupfererz gef\u00f6rdert. Das hat die Stadt sehr gepr\u00e4gt. Die Stadt hat eine noch gro\u00dfteils erhaltene historische Bausubstanz und ist dadurch Weltkulturerbe. Wir sind durch die Stra\u00dfen geschlendert und haben in die Innenh\u00f6fe reingeguckt, sehr sch\u00f6ne, bunte und alte Fassaden bewundert.<\/p>\n<p><img loading=\"lazy\" src=\"https:\/\/i0.wp.com\/tour.gradt.de\/wp-content\/uploads\/2018\/08\/img_3437.jpg?resize=525%2C700\" class=\"size-full\" height=\"700\" width=\"525\"  data-recalc-dims=\"1\"><img loading=\"lazy\" src=\"https:\/\/i0.wp.com\/tour.gradt.de\/wp-content\/uploads\/2018\/08\/img_3442.jpg?resize=525%2C700\" class=\"wp-image-5323 size-full\" height=\"700\" width=\"525\" srcset=\"https:\/\/i0.wp.com\/tour.gradt.de\/wp-content\/uploads\/2018\/08\/img_3442.jpg?w=2448 2448w, https:\/\/i0.wp.com\/tour.gradt.de\/wp-content\/uploads\/2018\/08\/img_3442.jpg?resize=225%2C300 225w, https:\/\/i0.wp.com\/tour.gradt.de\/wp-content\/uploads\/2018\/08\/img_3442.jpg?resize=768%2C1024 768w, https:\/\/i0.wp.com\/tour.gradt.de\/wp-content\/uploads\/2018\/08\/img_3442.jpg?w=1050 1050w, https:\/\/i0.wp.com\/tour.gradt.de\/wp-content\/uploads\/2018\/08\/img_3442.jpg?w=1575 1575w\" sizes=\"(max-width: 767px) 89vw, (max-width: 1000px) 54vw, (max-width: 1071px) 543px, 580px\" data-recalc-dims=\"1\" \/><img loading=\"lazy\" src=\"https:\/\/i0.wp.com\/tour.gradt.de\/wp-content\/uploads\/2018\/08\/img_3470.jpg?resize=525%2C700\" class=\"wp-image-5326 size-full\" height=\"700\" width=\"525\" srcset=\"https:\/\/i0.wp.com\/tour.gradt.de\/wp-content\/uploads\/2018\/08\/img_3470.jpg?w=2448 2448w, https:\/\/i0.wp.com\/tour.gradt.de\/wp-content\/uploads\/2018\/08\/img_3470.jpg?resize=225%2C300 225w, https:\/\/i0.wp.com\/tour.gradt.de\/wp-content\/uploads\/2018\/08\/img_3470.jpg?resize=768%2C1024 768w, https:\/\/i0.wp.com\/tour.gradt.de\/wp-content\/uploads\/2018\/08\/img_3470.jpg?w=1050 1050w, https:\/\/i0.wp.com\/tour.gradt.de\/wp-content\/uploads\/2018\/08\/img_3470.jpg?w=1575 1575w\" sizes=\"(max-width: 767px) 89vw, (max-width: 1000px) 54vw, (max-width: 1071px) 543px, 580px\" data-recalc-dims=\"1\" \/><\/p>\n<p>Am fr\u00fchen Nachmittag war der Hunger gro\u00df und wir haben uns ein Restaurant gesucht. Da wir in der letzten Zeit sehr oft Rentiere um uns haben, waren wir neugierig und wollten wissen wie sie schmecken. Tierliebe geht sicherlich auch durch den Magen. Wir haben Rentiersteak und Burger mit Rentierfleisch bestellt. Sehr lecker, schmeckt \u00e4hnlich wie Rindfleisch. Nicht nur wegen dem besonderen Fleisch, sondern einfach weil wir in Norwegen sind, hat uns das Mittagessen ein kleines Verm\u00f6gen gekostet \ud83d\ude42 ist hier halt so!<\/p>\n<p><img loading=\"lazy\" src=\"https:\/\/i0.wp.com\/tour.gradt.de\/wp-content\/uploads\/2018\/08\/img_3440.jpg?resize=525%2C701\" class=\"wp-image-5317 size-full\" height=\"701\" width=\"525\" srcset=\"https:\/\/i0.wp.com\/tour.gradt.de\/wp-content\/uploads\/2018\/08\/img_3440.jpg?w=640 640w, https:\/\/i0.wp.com\/tour.gradt.de\/wp-content\/uploads\/2018\/08\/img_3440.jpg?resize=225%2C300 225w\" sizes=\"(max-width: 525px) 100vw, 525px\" data-recalc-dims=\"1\" \/><\/p>\n<p><img loading=\"lazy\" src=\"https:\/\/i0.wp.com\/tour.gradt.de\/wp-content\/uploads\/2018\/08\/img_3441.jpg?resize=525%2C700\" class=\"wp-image-5320 size-full\" height=\"700\" width=\"525\" srcset=\"https:\/\/i0.wp.com\/tour.gradt.de\/wp-content\/uploads\/2018\/08\/img_3441.jpg?w=2448 2448w, https:\/\/i0.wp.com\/tour.gradt.de\/wp-content\/uploads\/2018\/08\/img_3441.jpg?resize=225%2C300 225w, https:\/\/i0.wp.com\/tour.gradt.de\/wp-content\/uploads\/2018\/08\/img_3441.jpg?resize=768%2C1024 768w, https:\/\/i0.wp.com\/tour.gradt.de\/wp-content\/uploads\/2018\/08\/img_3441.jpg?w=1050 1050w, https:\/\/i0.wp.com\/tour.gradt.de\/wp-content\/uploads\/2018\/08\/img_3441.jpg?w=1575 1575w\" sizes=\"(max-width: 767px) 89vw, (max-width: 1000px) 54vw, (max-width: 1071px) 543px, 580px\" data-recalc-dims=\"1\" \/><\/p>\n<p>Nach dem ausgiebigen Mittagessen haben wir das Museum besucht und haben uns angeschaut wie der Kupfer abgebaut wird. Sehr spannend gemacht. Sowohl die Stadt als auch das Museum waren absolut sehenswert und wir empfehlen das jedem weiter.<\/p>\n<p><img loading=\"lazy\" src=\"https:\/\/i0.wp.com\/tour.gradt.de\/wp-content\/uploads\/2018\/08\/img_3457.jpg?resize=525%2C394\" class=\"wp-image-5332 size-full\" height=\"394\" width=\"525\" srcset=\"https:\/\/i0.wp.com\/tour.gradt.de\/wp-content\/uploads\/2018\/08\/img_3457.jpg?w=3264 3264w, https:\/\/i0.wp.com\/tour.gradt.de\/wp-content\/uploads\/2018\/08\/img_3457.jpg?resize=300%2C225 300w, https:\/\/i0.wp.com\/tour.gradt.de\/wp-content\/uploads\/2018\/08\/img_3457.jpg?resize=768%2C576 768w, https:\/\/i0.wp.com\/tour.gradt.de\/wp-content\/uploads\/2018\/08\/img_3457.jpg?resize=1024%2C768 1024w, https:\/\/i0.wp.com\/tour.gradt.de\/wp-content\/uploads\/2018\/08\/img_3457.jpg?w=1575 1575w\" sizes=\"(max-width: 767px) 89vw, (max-width: 1000px) 54vw, (max-width: 1071px) 543px, 580px\" data-recalc-dims=\"1\" \/><img loading=\"lazy\" src=\"https:\/\/i0.wp.com\/tour.gradt.de\/wp-content\/uploads\/2018\/08\/img_3466.jpg?resize=525%2C394\" class=\"wp-image-5329 size-full\" height=\"394\" width=\"525\" srcset=\"https:\/\/i0.wp.com\/tour.gradt.de\/wp-content\/uploads\/2018\/08\/img_3466.jpg?w=3264 3264w, https:\/\/i0.wp.com\/tour.gradt.de\/wp-content\/uploads\/2018\/08\/img_3466.jpg?resize=300%2C225 300w, https:\/\/i0.wp.com\/tour.gradt.de\/wp-content\/uploads\/2018\/08\/img_3466.jpg?resize=768%2C576 768w, https:\/\/i0.wp.com\/tour.gradt.de\/wp-content\/uploads\/2018\/08\/img_3466.jpg?resize=1024%2C768 1024w, https:\/\/i0.wp.com\/tour.gradt.de\/wp-content\/uploads\/2018\/08\/img_3466.jpg?w=1575 1575w\" sizes=\"(max-width: 767px) 89vw, (max-width: 1000px) 54vw, (max-width: 1071px) 543px, 580px\" data-recalc-dims=\"1\" \/><\/p>\n<p>So haben wir den ganzen Tag hier in R\u00f8ros verbracht. Nach einem kurzen Einkauf, Abendessen und Kinder zu Bett bringen, wollten wir noch Wasser nachf\u00fcllen und weiter fahren. Als Christian an der Nachf\u00fcllstation von drau\u00dfen das Wasser nachgef\u00fcllt hat, war Anna im Auto und hat gemerkt, dass etwas nicht stimmt. Gro\u00dfer Alarm, Wasser ist im Auto. Sie schreit Christian laut an, dass er das Wasser stoppen soll. Er h\u00f6rt nicht. Wasser flie\u00dft weiter ins Auto hinein. Sie steigt schnell aus und sagt Christian, dass er Wasser ausschaltet. Wir hatten eine gro\u00dfe Pf\u00fctze im Auto. Nach einer kurze Untersuchung stellt Christian fest, dass die Zuleitung vom Wasserstutzen zum Tank ein Loch hat. Hm&#8230; was macht man jetzt?Christian hat Panzertape genommen und das Loch provisorisch zugeklebt. Jetzt hoffen wir, dass es noch die drei Wochen, bis wir zu Hause sind, h\u00e4lt. Warum und wie es passiert ist, wissen wir nicht.<\/p>\n<p><img loading=\"lazy\" src=\"https:\/\/i0.wp.com\/tour.gradt.de\/wp-content\/uploads\/2018\/08\/img_3479.jpg?resize=525%2C701\" class=\"wp-image-5335 size-full\" height=\"701\" width=\"525\" srcset=\"https:\/\/i0.wp.com\/tour.gradt.de\/wp-content\/uploads\/2018\/08\/img_3479.jpg?w=640 640w, https:\/\/i0.wp.com\/tour.gradt.de\/wp-content\/uploads\/2018\/08\/img_3479.jpg?resize=225%2C300 225w\" sizes=\"(max-width: 525px) 100vw, 525px\" data-recalc-dims=\"1\" \/><\/p>\n<p>Nach relativ erfolgreicher Reparatur sind wir weiter gefahren und haben noch &#8222;Strecke gemacht&#8220;.<\/p>\n<p>Bei der Fahrt hat sich uns das Land Norwegen ge\u00f6ffnet und wir haben die grandiose Landschaften gesehen. Es ist hier alles so gro\u00df, breit und einfach m\u00e4chtig. Die Stra\u00dfen sind sehr gut. Drum herum sind Berge mit Schnee an den Spitzen, von einer Seite der Stra\u00dfe ist das Flachland, von andere Seite sind die Berge, viele Skigebiete, alleinstehende H\u00e4user, Bauernh\u00f6fe, die Fischer in den Fl\u00fcssen, die bis zum Bauchnabel in ihren schweren Klamotten stehen und angeln. Wir sind das erste mal in Norwegen und tief beeindruckt \ud83d\ude42 <img loading=\"lazy\" src=\"https:\/\/i0.wp.com\/tour.gradt.de\/wp-content\/uploads\/2018\/08\/img_3481.jpg?resize=525%2C394\" class=\"wp-image-5341 size-full\" height=\"394\" width=\"525\" srcset=\"https:\/\/i0.wp.com\/tour.gradt.de\/wp-content\/uploads\/2018\/08\/img_3481.jpg?w=3264 3264w, https:\/\/i0.wp.com\/tour.gradt.de\/wp-content\/uploads\/2018\/08\/img_3481.jpg?resize=300%2C225 300w, https:\/\/i0.wp.com\/tour.gradt.de\/wp-content\/uploads\/2018\/08\/img_3481.jpg?resize=768%2C576 768w, https:\/\/i0.wp.com\/tour.gradt.de\/wp-content\/uploads\/2018\/08\/img_3481.jpg?resize=1024%2C768 1024w, https:\/\/i0.wp.com\/tour.gradt.de\/wp-content\/uploads\/2018\/08\/img_3481.jpg?w=1575 1575w\" sizes=\"(max-width: 767px) 89vw, (max-width: 1000px) 54vw, (max-width: 1071px) 543px, 580px\" data-recalc-dims=\"1\" \/><\/p>\n<p>Wir haben in unserer App einen Stellplatz f\u00fcr die Nacht ausgesucht. Auf dem Berg, drum herum ist nichts: Berge, Himmel und frische kalte Luft. Wir kommen dort an und es stehen viele andere Wohnmobile. Es hat schon ged\u00e4mmert, wir sind auf H\u00f6he von 1200 m, die Au\u00dfentemperatur hat nur noch +7 Grad, die Heizung im Auto l\u00e4uft, wir haben +20 Grad.<\/p>\n<p><img loading=\"lazy\" src=\"https:\/\/i0.wp.com\/tour.gradt.de\/wp-content\/uploads\/2018\/08\/img_3964.jpg?resize=525%2C700\" class=\"wp-image-5360 size-full\" height=\"700\" width=\"525\" srcset=\"https:\/\/i0.wp.com\/tour.gradt.de\/wp-content\/uploads\/2018\/08\/img_3964.jpg?w=3024 3024w, https:\/\/i0.wp.com\/tour.gradt.de\/wp-content\/uploads\/2018\/08\/img_3964.jpg?resize=225%2C300 225w, https:\/\/i0.wp.com\/tour.gradt.de\/wp-content\/uploads\/2018\/08\/img_3964.jpg?resize=768%2C1024 768w, https:\/\/i0.wp.com\/tour.gradt.de\/wp-content\/uploads\/2018\/08\/img_3964.jpg?w=1050 1050w, https:\/\/i0.wp.com\/tour.gradt.de\/wp-content\/uploads\/2018\/08\/img_3964.jpg?w=1575 1575w\" sizes=\"(max-width: 767px) 89vw, (max-width: 1000px) 54vw, (max-width: 1071px) 543px, 580px\" data-recalc-dims=\"1\" \/>Wir haben mit Christian Jacken dr\u00fcber geworfen und sind rausgegangen frische Luft schnappen. Pl\u00f6tzlich sieht Christian ein Wohnmobil mit Schweinfurter Kennzeichen und klopft an die T\u00fcr. Was f\u00fcr eine tolle Begegnung &#8211; fast unglaublich. Eine junge Familie mit 2-j\u00e4hrigem Sohn aus Kronungen (Landkreis Schweinfurt), Luftlinie etwa 5km von Dittelbrunn. Den Abend haben wir zusammen beim Wein verbracht. Gleiches Alter, gleiche Interessen: WoMo, Reisen und Kinder. Erst gegen Mitternacht sind wir auseinander gegangen mit der Absprache uns morgen nach dem Fr\u00fchst\u00fcck noch kurz wiederzusehen.<\/p>\n<p>&#8222;Schweinfurter&#8220; einfach im Nichts, am Ende des Universums zu treffen&#8230; die Welt ist wirklich klein! \ud83d\ude42<\/p>\n","protected":false},"excerpt":{"rendered":"<p>Regentropfen auf den Fenstern. Drau\u00dfen ist es nur +14 Grad. Wir werden langsam wach und schalten die Heizung an, damit es bei uns gem\u00fctlich bleibt. Heute haben wir auf einem Campingplatz in der N\u00e4he der Stadt R\u00f8ros \u00fcbernachtet. Bis Mittag sind wir auf Campingplatz geblieben, haben das Auto ein bi\u00dfchen aufger\u00e4umt, ausgiebig geduscht und dann &hellip; <\/p>\n<p class=\"link-more\"><a href=\"http:\/\/tour.gradt.de\/?p=5315\" class=\"more-link\"><span class=\"screen-reader-text\">\u201eNorwegen &#8211; WOW!\u201c<\/span> weiterlesen<\/a><\/p>\n","protected":false},"author":1,"featured_media":0,"comment_status":"open","ping_status":"closed","sticky":false,"template":"","format":"standard","meta":{"jetpack_post_was_ever_published":false,"jetpack_publicize_message":"","jetpack_is_tweetstorm":false,"jetpack_publicize_feature_enabled":true},"categories":[59],"tags":[],"jetpack_publicize_connections":[],"jetpack_featured_media_url":"","jetpack_sharing_enabled":true,"jetpack_shortlink":"https:\/\/wp.me\/p9KDky-1nJ","jetpack_likes_enabled":true,"_links":{"self":[{"href":"http:\/\/tour.gradt.de\/index.php?rest_route=\/wp\/v2\/posts\/5315"}],"collection":[{"href":"http:\/\/tour.gradt.de\/index.php?rest_route=\/wp\/v2\/posts"}],"about":[{"href":"http:\/\/tour.gradt.de\/index.php?rest_route=\/wp\/v2\/types\/post"}],"author":[{"embeddable":true,"href":"http:\/\/tour.gradt.de\/index.php?rest_route=\/wp\/v2\/users\/1"}],"replies":[{"embeddable":true,"href":"http:\/\/tour.gradt.de\/index.php?rest_route=%2Fwp%2Fv2%2Fcomments&post=5315"}],"version-history":[{"count":7,"href":"http:\/\/tour.gradt.de\/index.php?rest_route=\/wp\/v2\/posts\/5315\/revisions"}],"predecessor-version":[{"id":5370,"href":"http:\/\/tour.gradt.de\/index.php?rest_route=\/wp\/v2\/posts\/5315\/revisions\/5370"}],"wp:attachment":[{"href":"http:\/\/tour.gradt.de\/index.php?rest_route=%2Fwp%2Fv2%2Fmedia&parent=5315"}],"wp:term":[{"taxonomy":"category","embeddable":true,"href":"http:\/\/tour.gradt.de\/index.php?rest_route=%2Fwp%2Fv2%2Fcategories&post=5315"},{"taxonomy":"post_tag","embeddable":true,"href":"http:\/\/tour.gradt.de\/index.php?rest_route=%2Fwp%2Fv2%2Ftags&post=5315"}],"curies":[{"name":"wp","href":"https:\/\/api.w.org\/{rel}","templated":true}]}}