{"id":5371,"date":"2018-08-06T23:10:05","date_gmt":"2018-08-06T21:10:05","guid":{"rendered":"http:\/\/tour.gradt.de\/?p=5371"},"modified":"2018-08-07T20:19:21","modified_gmt":"2018-08-07T18:19:21","slug":"verliebt","status":"publish","type":"post","link":"http:\/\/tour.gradt.de\/?p=5371","title":{"rendered":"Verliebt&#8230;"},"content":{"rendered":"<p>Liebe auf den ersten Blick&#8230; Verliebt zu sein ist ein wunderbares Gef\u00fchl: man sieht die Welt von ihrer Sonnenseite und k\u00f6nnte sie regelrecht umarmen \ud83d\ude42 So ging es uns heute auch, als wir Auto gefahren sind, als wir spazieren gegangen sind, als wir im Auto waren und aus dem Fenster geschaut haben. Norwegen &#8211; ein faszinierendes Land \ud83d\ude42 \ud83d\ude42 \ud83d\ude42<\/p>\n<p><!--more-->Nach dem Fr\u00fchst\u00fcck hat uns die Familie aus unserer Heimat besucht, die wir gestern Abend kennengelernt haben. Sie haben auch einen kleinen Sohn, der zwei Jahre alt ist. W\u00e4hrend die Kinder gespielt haben, haben wir uns noch ein wenig unterhalten. Danach haben wir uns verabschiedet mit dem Verbleib uns in Franken wieder zu sehen \ud83d\ude42<\/p>\n<p><img loading=\"lazy\" src=\"https:\/\/i0.wp.com\/tour.gradt.de\/wp-content\/uploads\/2018\/08\/img_3491.jpg?resize=525%2C394\" class=\"size-full wp-image-5396\" height=\"394\" width=\"525\" srcset=\"https:\/\/i0.wp.com\/tour.gradt.de\/wp-content\/uploads\/2018\/08\/img_3491.jpg?w=3264 3264w, https:\/\/i0.wp.com\/tour.gradt.de\/wp-content\/uploads\/2018\/08\/img_3491.jpg?resize=300%2C225 300w, https:\/\/i0.wp.com\/tour.gradt.de\/wp-content\/uploads\/2018\/08\/img_3491.jpg?resize=768%2C576 768w, https:\/\/i0.wp.com\/tour.gradt.de\/wp-content\/uploads\/2018\/08\/img_3491.jpg?resize=1024%2C768 1024w, https:\/\/i0.wp.com\/tour.gradt.de\/wp-content\/uploads\/2018\/08\/img_3491.jpg?w=1575 1575w\" sizes=\"(max-width: 767px) 89vw, (max-width: 1000px) 54vw, (max-width: 1071px) 543px, 580px\" data-recalc-dims=\"1\" \/><\/p>\n<p>Heute sind wir viel Auto mit Schmetterlingen im Bauch gefahren. Wir haben Landschaften gesehen, die uns einfach sprachlos machen.<\/p>\n<p><img loading=\"lazy\" src=\"https:\/\/i0.wp.com\/tour.gradt.de\/wp-content\/uploads\/2018\/08\/img_3520.jpg?resize=525%2C700\" class=\"wp-image-5399 size-full\" height=\"700\" width=\"525\" srcset=\"https:\/\/i0.wp.com\/tour.gradt.de\/wp-content\/uploads\/2018\/08\/img_3520.jpg?w=2448 2448w, https:\/\/i0.wp.com\/tour.gradt.de\/wp-content\/uploads\/2018\/08\/img_3520.jpg?resize=225%2C300 225w, https:\/\/i0.wp.com\/tour.gradt.de\/wp-content\/uploads\/2018\/08\/img_3520.jpg?resize=768%2C1024 768w, https:\/\/i0.wp.com\/tour.gradt.de\/wp-content\/uploads\/2018\/08\/img_3520.jpg?w=1050 1050w, https:\/\/i0.wp.com\/tour.gradt.de\/wp-content\/uploads\/2018\/08\/img_3520.jpg?w=1575 1575w\" sizes=\"(max-width: 767px) 89vw, (max-width: 1000px) 54vw, (max-width: 1071px) 543px, 580px\" data-recalc-dims=\"1\" \/><\/p>\n<p>Wir haben den Nachmittag am Trollstigen verbracht- Eibe atemberaubende Aussichtsplattform \ud83d\ude42<\/p>\n<p><img loading=\"lazy\" src=\"https:\/\/i0.wp.com\/tour.gradt.de\/wp-content\/uploads\/2018\/08\/img_3539.jpg?resize=525%2C700\" class=\"wp-image-5376 size-full\" height=\"700\" width=\"525\" srcset=\"https:\/\/i0.wp.com\/tour.gradt.de\/wp-content\/uploads\/2018\/08\/img_3539.jpg?w=2448 2448w, https:\/\/i0.wp.com\/tour.gradt.de\/wp-content\/uploads\/2018\/08\/img_3539.jpg?resize=225%2C300 225w, https:\/\/i0.wp.com\/tour.gradt.de\/wp-content\/uploads\/2018\/08\/img_3539.jpg?resize=768%2C1024 768w, https:\/\/i0.wp.com\/tour.gradt.de\/wp-content\/uploads\/2018\/08\/img_3539.jpg?w=1050 1050w, https:\/\/i0.wp.com\/tour.gradt.de\/wp-content\/uploads\/2018\/08\/img_3539.jpg?w=1575 1575w\" sizes=\"(max-width: 767px) 89vw, (max-width: 1000px) 54vw, (max-width: 1071px) 543px, 580px\" data-recalc-dims=\"1\" \/><img loading=\"lazy\" src=\"https:\/\/i0.wp.com\/tour.gradt.de\/wp-content\/uploads\/2018\/08\/img_3574.jpg?resize=525%2C536\" class=\"size-full wp-image-5373\" height=\"536\" width=\"525\" srcset=\"https:\/\/i0.wp.com\/tour.gradt.de\/wp-content\/uploads\/2018\/08\/img_3574.jpg?w=640 640w, https:\/\/i0.wp.com\/tour.gradt.de\/wp-content\/uploads\/2018\/08\/img_3574.jpg?resize=294%2C300 294w\" sizes=\"(max-width: 525px) 100vw, 525px\" data-recalc-dims=\"1\" \/><\/p>\n<p><img loading=\"lazy\" src=\"https:\/\/i0.wp.com\/tour.gradt.de\/wp-content\/uploads\/2018\/08\/img_3597.jpg?resize=525%2C700\" class=\"wp-image-5388 size-full\" height=\"700\" width=\"525\" srcset=\"https:\/\/i0.wp.com\/tour.gradt.de\/wp-content\/uploads\/2018\/08\/img_3597.jpg?w=2448 2448w, https:\/\/i0.wp.com\/tour.gradt.de\/wp-content\/uploads\/2018\/08\/img_3597.jpg?resize=225%2C300 225w, https:\/\/i0.wp.com\/tour.gradt.de\/wp-content\/uploads\/2018\/08\/img_3597.jpg?resize=768%2C1024 768w, https:\/\/i0.wp.com\/tour.gradt.de\/wp-content\/uploads\/2018\/08\/img_3597.jpg?w=1050 1050w, https:\/\/i0.wp.com\/tour.gradt.de\/wp-content\/uploads\/2018\/08\/img_3597.jpg?w=1575 1575w\" sizes=\"(max-width: 767px) 89vw, (max-width: 1000px) 54vw, (max-width: 1071px) 543px, 580px\" data-recalc-dims=\"1\" \/><\/p>\n<p>Den ganzen Tag war sehr sch\u00f6nes Wetter bei +20 Grad und Sonnenschein. Am Abend hat&#8217;s angefangen zu nieseln, aber da waren wir schon auf dem Weg zu unserem \u00dcbernachtungsplatz. Gegen 21 Uhr sind wir noch mit der F\u00e4hre gefahren. Heute hatten wir keine Rentiere auf der Stra\u00dfe, daf\u00fcr aber jede Menge Schafe \ud83d\ude42<\/p>\n<p><img loading=\"lazy\" src=\"https:\/\/i0.wp.com\/tour.gradt.de\/wp-content\/uploads\/2018\/08\/img_3623.jpg?resize=525%2C700\" class=\"size-full wp-image-5382\" height=\"700\" width=\"525\" srcset=\"https:\/\/i0.wp.com\/tour.gradt.de\/wp-content\/uploads\/2018\/08\/img_3623.jpg?w=2448 2448w, https:\/\/i0.wp.com\/tour.gradt.de\/wp-content\/uploads\/2018\/08\/img_3623.jpg?resize=225%2C300 225w, https:\/\/i0.wp.com\/tour.gradt.de\/wp-content\/uploads\/2018\/08\/img_3623.jpg?resize=768%2C1024 768w, https:\/\/i0.wp.com\/tour.gradt.de\/wp-content\/uploads\/2018\/08\/img_3623.jpg?w=1050 1050w, https:\/\/i0.wp.com\/tour.gradt.de\/wp-content\/uploads\/2018\/08\/img_3623.jpg?w=1575 1575w\" sizes=\"(max-width: 767px) 89vw, (max-width: 1000px) 54vw, (max-width: 1071px) 543px, 580px\" data-recalc-dims=\"1\" \/><\/p>\n<p><img loading=\"lazy\" src=\"https:\/\/i0.wp.com\/tour.gradt.de\/wp-content\/uploads\/2018\/08\/img_3634.jpg?resize=525%2C700\" class=\"wp-image-5379 size-full\" height=\"700\" width=\"525\" srcset=\"https:\/\/i0.wp.com\/tour.gradt.de\/wp-content\/uploads\/2018\/08\/img_3634.jpg?w=2448 2448w, https:\/\/i0.wp.com\/tour.gradt.de\/wp-content\/uploads\/2018\/08\/img_3634.jpg?resize=225%2C300 225w, https:\/\/i0.wp.com\/tour.gradt.de\/wp-content\/uploads\/2018\/08\/img_3634.jpg?resize=768%2C1024 768w, https:\/\/i0.wp.com\/tour.gradt.de\/wp-content\/uploads\/2018\/08\/img_3634.jpg?w=1050 1050w, https:\/\/i0.wp.com\/tour.gradt.de\/wp-content\/uploads\/2018\/08\/img_3634.jpg?w=1575 1575w\" sizes=\"(max-width: 767px) 89vw, (max-width: 1000px) 54vw, (max-width: 1071px) 543px, 580px\" data-recalc-dims=\"1\" \/><\/p>\n<p>Wir sehen immer wieder die Schilder &#8222;No Camping&#8220; und trotzdem stehen dort viele Wohnmobile. Das hat uns gewundert. Nach der Recherche im Internet wussten wir, dass trotz dieses Schildes man eine Nacht stehen darf \ud83d\ude42 Heute stehen wir im Tal, in bester Seelage und wieder mit unglaublichen Aussichten.<\/p>\n<p><img loading=\"lazy\" src=\"https:\/\/i0.wp.com\/tour.gradt.de\/wp-content\/uploads\/2018\/08\/img_3680.jpg?resize=525%2C700\" class=\"wp-image-5385 size-full\" height=\"700\" width=\"525\" srcset=\"https:\/\/i0.wp.com\/tour.gradt.de\/wp-content\/uploads\/2018\/08\/img_3680.jpg?w=2448 2448w, https:\/\/i0.wp.com\/tour.gradt.de\/wp-content\/uploads\/2018\/08\/img_3680.jpg?resize=225%2C300 225w, https:\/\/i0.wp.com\/tour.gradt.de\/wp-content\/uploads\/2018\/08\/img_3680.jpg?resize=768%2C1024 768w, https:\/\/i0.wp.com\/tour.gradt.de\/wp-content\/uploads\/2018\/08\/img_3680.jpg?w=1050 1050w, https:\/\/i0.wp.com\/tour.gradt.de\/wp-content\/uploads\/2018\/08\/img_3680.jpg?w=1575 1575w\" sizes=\"(max-width: 767px) 89vw, (max-width: 1000px) 54vw, (max-width: 1071px) 543px, 580px\" data-recalc-dims=\"1\" \/><\/p>\n<p>Wir sind im Auto, Kinder schlafen, die Berge sind vom Nebel verdeckt, noch ein Glas Wein und verliebt dahinschmelzen, die Eindr\u00fccke sacken lassen. Einschlafen f\u00e4llt schwer \ud83d\ude09<\/p>\n","protected":false},"excerpt":{"rendered":"<p>Liebe auf den ersten Blick&#8230; Verliebt zu sein ist ein wunderbares Gef\u00fchl: man sieht die Welt von ihrer Sonnenseite und k\u00f6nnte sie regelrecht umarmen \ud83d\ude42 So ging es uns heute auch, als wir Auto gefahren sind, als wir spazieren gegangen sind, als wir im Auto waren und aus dem Fenster geschaut haben. Norwegen &#8211; ein &hellip; <\/p>\n<p class=\"link-more\"><a href=\"http:\/\/tour.gradt.de\/?p=5371\" class=\"more-link\"><span class=\"screen-reader-text\">\u201eVerliebt&#8230;\u201c<\/span> weiterlesen<\/a><\/p>\n","protected":false},"author":1,"featured_media":5404,"comment_status":"open","ping_status":"closed","sticky":false,"template":"","format":"standard","meta":{"jetpack_post_was_ever_published":false,"jetpack_publicize_message":"","jetpack_is_tweetstorm":false,"jetpack_publicize_feature_enabled":true},"categories":[59],"tags":[],"jetpack_publicize_connections":[],"jetpack_featured_media_url":"https:\/\/i0.wp.com\/tour.gradt.de\/wp-content\/uploads\/2018\/08\/img_4048.jpg?fit=3024%2C4032","jetpack_sharing_enabled":true,"jetpack_shortlink":"https:\/\/wp.me\/s9KDky-verliebt","jetpack_likes_enabled":true,"_links":{"self":[{"href":"http:\/\/tour.gradt.de\/index.php?rest_route=\/wp\/v2\/posts\/5371"}],"collection":[{"href":"http:\/\/tour.gradt.de\/index.php?rest_route=\/wp\/v2\/posts"}],"about":[{"href":"http:\/\/tour.gradt.de\/index.php?rest_route=\/wp\/v2\/types\/post"}],"author":[{"embeddable":true,"href":"http:\/\/tour.gradt.de\/index.php?rest_route=\/wp\/v2\/users\/1"}],"replies":[{"embeddable":true,"href":"http:\/\/tour.gradt.de\/index.php?rest_route=%2Fwp%2Fv2%2Fcomments&post=5371"}],"version-history":[{"count":5,"href":"http:\/\/tour.gradt.de\/index.php?rest_route=\/wp\/v2\/posts\/5371\/revisions"}],"predecessor-version":[{"id":5403,"href":"http:\/\/tour.gradt.de\/index.php?rest_route=\/wp\/v2\/posts\/5371\/revisions\/5403"}],"wp:featuredmedia":[{"embeddable":true,"href":"http:\/\/tour.gradt.de\/index.php?rest_route=\/wp\/v2\/media\/5404"}],"wp:attachment":[{"href":"http:\/\/tour.gradt.de\/index.php?rest_route=%2Fwp%2Fv2%2Fmedia&parent=5371"}],"wp:term":[{"taxonomy":"category","embeddable":true,"href":"http:\/\/tour.gradt.de\/index.php?rest_route=%2Fwp%2Fv2%2Fcategories&post=5371"},{"taxonomy":"post_tag","embeddable":true,"href":"http:\/\/tour.gradt.de\/index.php?rest_route=%2Fwp%2Fv2%2Ftags&post=5371"}],"curies":[{"name":"wp","href":"https:\/\/api.w.org\/{rel}","templated":true}]}}