{"id":5525,"date":"2018-08-09T23:40:38","date_gmt":"2018-08-09T21:40:38","guid":{"rendered":"http:\/\/tour.gradt.de\/?p=5525"},"modified":"2018-08-10T13:42:49","modified_gmt":"2018-08-10T11:42:49","slug":"drei-chinesen-mit-den-kameras","status":"publish","type":"post","link":"http:\/\/tour.gradt.de\/?p=5525","title":{"rendered":"Drei Chinesen mit den Kameras&#8230;"},"content":{"rendered":"<p>Der Tag begann wie immer in den letzten Tagen mit Fr\u00fchst\u00fcck und Angeln. Wir sind bis Mittag auf dem Campingplatz geblieben, weil die Kinder so sch\u00f6n mit den anderen niederl\u00e4ndischen Kindern gespielt haben. Gegen 12 Uhr sind wir aufgebrochen. Auf dem Tagesplan heute stand die Stadt Bergen. <!--more-->Bis dahin mussten wir noch ein Paar Stunden fahren. Da wir zwischendurch noch eine Pause gemacht haben, waren wir erst am Nachmittag in Bergen.<\/p>\n<p>Bergen ist nach Oslo die gr\u00f6\u00dfte Stadt Norwegens. Als Erstes waren wir im Hafen, der zu den Hauptankerpunkten des internationalen Handels geh\u00f6rt.<\/p>\n<p><img loading=\"lazy\" src=\"https:\/\/i0.wp.com\/tour.gradt.de\/wp-content\/uploads\/2018\/08\/img_3954.jpg?resize=525%2C394\" class=\"wp-image-5507 size-full\" height=\"394\" width=\"525\" srcset=\"https:\/\/i0.wp.com\/tour.gradt.de\/wp-content\/uploads\/2018\/08\/img_3954.jpg?w=3264 3264w, https:\/\/i0.wp.com\/tour.gradt.de\/wp-content\/uploads\/2018\/08\/img_3954.jpg?resize=300%2C225 300w, https:\/\/i0.wp.com\/tour.gradt.de\/wp-content\/uploads\/2018\/08\/img_3954.jpg?resize=768%2C576 768w, https:\/\/i0.wp.com\/tour.gradt.de\/wp-content\/uploads\/2018\/08\/img_3954.jpg?resize=1024%2C768 1024w, https:\/\/i0.wp.com\/tour.gradt.de\/wp-content\/uploads\/2018\/08\/img_3954.jpg?w=1575 1575w\" sizes=\"(max-width: 767px) 89vw, (max-width: 1000px) 54vw, (max-width: 1071px) 543px, 580px\" data-recalc-dims=\"1\" \/><\/p>\n<p>Die Stadt ist auch f\u00fcr ihren Fischfang bekannt. Nach dem Hafen haben wir den Fischmarkt besucht. Es war absolut spektakul\u00e4r. Hier haben wir uns vom Anblick verschiedenen Meeresfr\u00fcchten erschlagen gef\u00fchlt. Wir wussten nicht wohin wir zuerst den Blick schweifen lassen sollen. Zwei H\u00e4ndler haben uns die K\u00f6nigskrabben pr\u00e4sentiert. Oh man, sind die eklig \ud83d\ude42 Aber: Alles ist hier frisch und von ausgezeichneter Qualit\u00e4t und rechtfertigt die sehr gesalzenen Preise \ud83d\ude42<\/p>\n<p><img loading=\"lazy\" src=\"https:\/\/i0.wp.com\/tour.gradt.de\/wp-content\/uploads\/2018\/08\/img_3958.jpg?resize=525%2C394\" class=\"wp-image-5519 size-full\" height=\"394\" width=\"525\" srcset=\"https:\/\/i0.wp.com\/tour.gradt.de\/wp-content\/uploads\/2018\/08\/img_3958.jpg?w=3264 3264w, https:\/\/i0.wp.com\/tour.gradt.de\/wp-content\/uploads\/2018\/08\/img_3958.jpg?resize=300%2C225 300w, https:\/\/i0.wp.com\/tour.gradt.de\/wp-content\/uploads\/2018\/08\/img_3958.jpg?resize=768%2C576 768w, https:\/\/i0.wp.com\/tour.gradt.de\/wp-content\/uploads\/2018\/08\/img_3958.jpg?resize=1024%2C768 1024w, https:\/\/i0.wp.com\/tour.gradt.de\/wp-content\/uploads\/2018\/08\/img_3958.jpg?w=1575 1575w\" sizes=\"(max-width: 767px) 89vw, (max-width: 1000px) 54vw, (max-width: 1071px) 543px, 580px\" data-recalc-dims=\"1\" \/><img loading=\"lazy\" src=\"https:\/\/i0.wp.com\/tour.gradt.de\/wp-content\/uploads\/2018\/08\/img_3957.jpg?resize=525%2C394\" class=\"wp-image-5510 size-full\" height=\"394\" width=\"525\" srcset=\"https:\/\/i0.wp.com\/tour.gradt.de\/wp-content\/uploads\/2018\/08\/img_3957.jpg?w=3264 3264w, https:\/\/i0.wp.com\/tour.gradt.de\/wp-content\/uploads\/2018\/08\/img_3957.jpg?resize=300%2C225 300w, https:\/\/i0.wp.com\/tour.gradt.de\/wp-content\/uploads\/2018\/08\/img_3957.jpg?resize=768%2C576 768w, https:\/\/i0.wp.com\/tour.gradt.de\/wp-content\/uploads\/2018\/08\/img_3957.jpg?resize=1024%2C768 1024w, https:\/\/i0.wp.com\/tour.gradt.de\/wp-content\/uploads\/2018\/08\/img_3957.jpg?w=1575 1575w\" sizes=\"(max-width: 767px) 89vw, (max-width: 1000px) 54vw, (max-width: 1071px) 543px, 580px\" data-recalc-dims=\"1\" \/><img loading=\"lazy\" src=\"https:\/\/i0.wp.com\/tour.gradt.de\/wp-content\/uploads\/2018\/08\/img_3968.jpg?resize=525%2C525\" class=\"wp-image-5516 size-full\" height=\"525\" width=\"525\" srcset=\"https:\/\/i0.wp.com\/tour.gradt.de\/wp-content\/uploads\/2018\/08\/img_3968.jpg?w=2448 2448w, https:\/\/i0.wp.com\/tour.gradt.de\/wp-content\/uploads\/2018\/08\/img_3968.jpg?resize=150%2C150 150w, https:\/\/i0.wp.com\/tour.gradt.de\/wp-content\/uploads\/2018\/08\/img_3968.jpg?resize=300%2C300 300w, https:\/\/i0.wp.com\/tour.gradt.de\/wp-content\/uploads\/2018\/08\/img_3968.jpg?resize=768%2C768 768w, https:\/\/i0.wp.com\/tour.gradt.de\/wp-content\/uploads\/2018\/08\/img_3968.jpg?resize=1024%2C1024 1024w, https:\/\/i0.wp.com\/tour.gradt.de\/wp-content\/uploads\/2018\/08\/img_3968.jpg?resize=100%2C100 100w, https:\/\/i0.wp.com\/tour.gradt.de\/wp-content\/uploads\/2018\/08\/img_3968.jpg?w=1575 1575w\" sizes=\"(max-width: 767px) 89vw, (max-width: 1000px) 54vw, (max-width: 1071px) 543px, 580px\" data-recalc-dims=\"1\" \/><\/p>\n<p><img loading=\"lazy\" src=\"https:\/\/i0.wp.com\/tour.gradt.de\/wp-content\/uploads\/2018\/08\/img_3966.jpg?resize=525%2C700\" class=\"wp-image-5522 size-full\" height=\"700\" width=\"525\" srcset=\"https:\/\/i0.wp.com\/tour.gradt.de\/wp-content\/uploads\/2018\/08\/img_3966.jpg?w=2448 2448w, https:\/\/i0.wp.com\/tour.gradt.de\/wp-content\/uploads\/2018\/08\/img_3966.jpg?resize=225%2C300 225w, https:\/\/i0.wp.com\/tour.gradt.de\/wp-content\/uploads\/2018\/08\/img_3966.jpg?resize=768%2C1024 768w, https:\/\/i0.wp.com\/tour.gradt.de\/wp-content\/uploads\/2018\/08\/img_3966.jpg?w=1050 1050w, https:\/\/i0.wp.com\/tour.gradt.de\/wp-content\/uploads\/2018\/08\/img_3966.jpg?w=1575 1575w\" sizes=\"(max-width: 767px) 89vw, (max-width: 1000px) 54vw, (max-width: 1071px) 543px, 580px\" data-recalc-dims=\"1\" \/><\/p>\n<p>Danach sind wir mit der Bergbahn &#8222;Fl\u00f8ibanen&#8220; hinauf gefahren. Von hier hatten wir einen atemberaubenden Blick \u00fcber die Stadt und das Wasser.<\/p>\n<p><img loading=\"lazy\" src=\"https:\/\/i0.wp.com\/tour.gradt.de\/wp-content\/uploads\/2018\/08\/img_4342.jpg?resize=525%2C700\" class=\"wp-image-5529 size-full\" height=\"700\" width=\"525\" srcset=\"https:\/\/i0.wp.com\/tour.gradt.de\/wp-content\/uploads\/2018\/08\/img_4342.jpg?w=3024 3024w, https:\/\/i0.wp.com\/tour.gradt.de\/wp-content\/uploads\/2018\/08\/img_4342.jpg?resize=225%2C300 225w, https:\/\/i0.wp.com\/tour.gradt.de\/wp-content\/uploads\/2018\/08\/img_4342.jpg?resize=768%2C1024 768w, https:\/\/i0.wp.com\/tour.gradt.de\/wp-content\/uploads\/2018\/08\/img_4342.jpg?w=1050 1050w, https:\/\/i0.wp.com\/tour.gradt.de\/wp-content\/uploads\/2018\/08\/img_4342.jpg?w=1575 1575w\" sizes=\"(max-width: 767px) 89vw, (max-width: 1000px) 54vw, (max-width: 1071px) 543px, 580px\" data-recalc-dims=\"1\" \/><img loading=\"lazy\" src=\"https:\/\/i0.wp.com\/tour.gradt.de\/wp-content\/uploads\/2018\/08\/img_4346.jpg?resize=525%2C394\" class=\"wp-image-5526 size-full\" height=\"394\" width=\"525\" srcset=\"https:\/\/i0.wp.com\/tour.gradt.de\/wp-content\/uploads\/2018\/08\/img_4346.jpg?w=4032 4032w, https:\/\/i0.wp.com\/tour.gradt.de\/wp-content\/uploads\/2018\/08\/img_4346.jpg?resize=300%2C225 300w, https:\/\/i0.wp.com\/tour.gradt.de\/wp-content\/uploads\/2018\/08\/img_4346.jpg?resize=768%2C576 768w, https:\/\/i0.wp.com\/tour.gradt.de\/wp-content\/uploads\/2018\/08\/img_4346.jpg?resize=1024%2C768 1024w, https:\/\/i0.wp.com\/tour.gradt.de\/wp-content\/uploads\/2018\/08\/img_4346.jpg?w=1575 1575w\" sizes=\"(max-width: 767px) 89vw, (max-width: 1000px) 54vw, (max-width: 1071px) 543px, 580px\" data-recalc-dims=\"1\" \/><\/p>\n<p>Oben im Park sind wir spazieren gegangen und haben freilaufende Ziegen getroffen. Zum Schluss wurde selbstverst\u00e4ndlich noch der Spielplatz aufgesucht und lange getobt. Danach mit der Bergbahn wieder runter in die Stadt.<\/p>\n<p><img loading=\"lazy\" src=\"https:\/\/i0.wp.com\/tour.gradt.de\/wp-content\/uploads\/2018\/08\/img_4355.jpg?resize=525%2C700\" class=\"wp-image-5538 size-full\" height=\"700\" width=\"525\" srcset=\"https:\/\/i0.wp.com\/tour.gradt.de\/wp-content\/uploads\/2018\/08\/img_4355.jpg?w=3024 3024w, https:\/\/i0.wp.com\/tour.gradt.de\/wp-content\/uploads\/2018\/08\/img_4355.jpg?resize=225%2C300 225w, https:\/\/i0.wp.com\/tour.gradt.de\/wp-content\/uploads\/2018\/08\/img_4355.jpg?resize=768%2C1024 768w, https:\/\/i0.wp.com\/tour.gradt.de\/wp-content\/uploads\/2018\/08\/img_4355.jpg?w=1050 1050w, https:\/\/i0.wp.com\/tour.gradt.de\/wp-content\/uploads\/2018\/08\/img_4355.jpg?w=1575 1575w\" sizes=\"(max-width: 767px) 89vw, (max-width: 1000px) 54vw, (max-width: 1071px) 543px, 580px\" data-recalc-dims=\"1\" \/><img loading=\"lazy\" src=\"https:\/\/i0.wp.com\/tour.gradt.de\/wp-content\/uploads\/2018\/08\/img_4358.jpg?resize=525%2C701\" class=\"wp-image-5532 size-full\" height=\"701\" width=\"525\" srcset=\"https:\/\/i0.wp.com\/tour.gradt.de\/wp-content\/uploads\/2018\/08\/img_4358.jpg?w=640 640w, https:\/\/i0.wp.com\/tour.gradt.de\/wp-content\/uploads\/2018\/08\/img_4358.jpg?resize=225%2C300 225w\" sizes=\"(max-width: 525px) 100vw, 525px\" data-recalc-dims=\"1\" \/><img loading=\"lazy\" src=\"https:\/\/i0.wp.com\/tour.gradt.de\/wp-content\/uploads\/2018\/08\/img_4376.jpg?resize=525%2C700\" class=\"wp-image-5535 size-full\" height=\"700\" width=\"525\" srcset=\"https:\/\/i0.wp.com\/tour.gradt.de\/wp-content\/uploads\/2018\/08\/img_4376.jpg?w=3024 3024w, https:\/\/i0.wp.com\/tour.gradt.de\/wp-content\/uploads\/2018\/08\/img_4376.jpg?resize=225%2C300 225w, https:\/\/i0.wp.com\/tour.gradt.de\/wp-content\/uploads\/2018\/08\/img_4376.jpg?resize=768%2C1024 768w, https:\/\/i0.wp.com\/tour.gradt.de\/wp-content\/uploads\/2018\/08\/img_4376.jpg?w=1050 1050w, https:\/\/i0.wp.com\/tour.gradt.de\/wp-content\/uploads\/2018\/08\/img_4376.jpg?w=1575 1575w\" sizes=\"(max-width: 767px) 89vw, (max-width: 1000px) 54vw, (max-width: 1071px) 543px, 580px\" data-recalc-dims=\"1\" \/><\/p>\n<p>Als wir unten waren, wollten wir noch die Altstadt sehen bevor wir wieder zum Auto laufen. In der Altstadt geraten wir in eine lustige Situation \ud83d\ude42 \ud83d\ude42 \ud83d\ude42 Oh selbst beim Schreiben muss ich lachen \ud83d\ude42 Wir laufen ganz entspannt durch die Altstadt, pl\u00f6tzlich kommt uns eine chinesische Reisegruppe entgegen, packt ihre Fotokameras und Smartphones aus, st\u00fcrmt auf unseren kleinen Sebastian zu und alle fangen an ihn zu fotografieren. Ein Mann hat gefragt ob er ihn aus dem Kinderwagen rausnehmen darf zum Fotos machen. Als sie mit Sebi fertig waren kamen wir alle dran und zum Schluss wollten sie ein Familienfoto von uns. Puh &#8211; wir waren in dem ersten Moment verbl\u00fcfft, haben uns wie die Stars gef\u00fchlt. Es war sehr lustig. Das war nicht das erste Mal das mit Sebastian und Chinesen. Auch als wir in S\u00fcdeuropa waren, haben die asiatischen Touristen gerne mit ihm Fotos gemacht. Blo\u00df heute war es ein echter \u00dcberfall \ud83d\ude42 Wir haben es nicht ausgehalten und endlich mal die chinesischen Touristen gefragt warum sie das machen, was sie daran so interessant finden?! Die Antwort: &#8222;Wir finden die blonden Menschen einfach toll, das ist etwas besonderes f\u00fcr uns. In Asien gibt es sehr wenige blonde Menschen und schon gar keine blonden Kinder.&#8220;<\/p>\n<p><img loading=\"lazy\" src=\"https:\/\/i0.wp.com\/tour.gradt.de\/wp-content\/uploads\/2018\/08\/img_4388.jpg?resize=525%2C701\" class=\"wp-image-5541 size-full\" height=\"701\" width=\"525\" srcset=\"https:\/\/i0.wp.com\/tour.gradt.de\/wp-content\/uploads\/2018\/08\/img_4388.jpg?w=638 638w, https:\/\/i0.wp.com\/tour.gradt.de\/wp-content\/uploads\/2018\/08\/img_4388.jpg?resize=225%2C300 225w\" sizes=\"(max-width: 525px) 100vw, 525px\" data-recalc-dims=\"1\" \/><img loading=\"lazy\" src=\"https:\/\/i0.wp.com\/tour.gradt.de\/wp-content\/uploads\/2018\/08\/img_4391.jpg?resize=525%2C700\" class=\"wp-image-5544 size-full\" height=\"700\" width=\"525\" srcset=\"https:\/\/i0.wp.com\/tour.gradt.de\/wp-content\/uploads\/2018\/08\/img_4391.jpg?w=3024 3024w, https:\/\/i0.wp.com\/tour.gradt.de\/wp-content\/uploads\/2018\/08\/img_4391.jpg?resize=225%2C300 225w, https:\/\/i0.wp.com\/tour.gradt.de\/wp-content\/uploads\/2018\/08\/img_4391.jpg?resize=768%2C1024 768w, https:\/\/i0.wp.com\/tour.gradt.de\/wp-content\/uploads\/2018\/08\/img_4391.jpg?w=1050 1050w, https:\/\/i0.wp.com\/tour.gradt.de\/wp-content\/uploads\/2018\/08\/img_4391.jpg?w=1575 1575w\" sizes=\"(max-width: 767px) 89vw, (max-width: 1000px) 54vw, (max-width: 1071px) 543px, 580px\" data-recalc-dims=\"1\" \/><\/p>\n<p>Nach dem Fotoshooting haben wir uns verabschiedet und sind dann weiter durch die Altstadt gezogen. Immer wieder bekamen wir Lachanf\u00e4lle, weil es einfach sehr lustig ist, wenn sich zwanzig Chinesen mit Fotokameras auf dich st\u00fcrzen \ud83d\ude42 Dieser Moment bleibt bei uns noch lange h\u00e4ngen \ud83d\ude42<\/p>\n<p>Die Altstadt war \u00fcbrigens sehr, sehr sch\u00f6n. Die roten Holzh\u00e4user, die auch f\u00fcr Norden oft \u00fcblich sind. Zahlreiche kleine Gesch\u00e4fte, Boutiquen, in denen auch K\u00fcnstler ihre Waren anbieten.<\/p>\n<p><img loading=\"lazy\" src=\"https:\/\/i0.wp.com\/tour.gradt.de\/wp-content\/uploads\/2018\/08\/img_4382.jpg?resize=525%2C700\" class=\"wp-image-5550 size-full\" height=\"700\" width=\"525\" srcset=\"https:\/\/i0.wp.com\/tour.gradt.de\/wp-content\/uploads\/2018\/08\/img_4382.jpg?w=3024 3024w, https:\/\/i0.wp.com\/tour.gradt.de\/wp-content\/uploads\/2018\/08\/img_4382.jpg?resize=225%2C300 225w, https:\/\/i0.wp.com\/tour.gradt.de\/wp-content\/uploads\/2018\/08\/img_4382.jpg?resize=768%2C1024 768w, https:\/\/i0.wp.com\/tour.gradt.de\/wp-content\/uploads\/2018\/08\/img_4382.jpg?w=1050 1050w, https:\/\/i0.wp.com\/tour.gradt.de\/wp-content\/uploads\/2018\/08\/img_4382.jpg?w=1575 1575w\" sizes=\"(max-width: 767px) 89vw, (max-width: 1000px) 54vw, (max-width: 1071px) 543px, 580px\" data-recalc-dims=\"1\" \/><img loading=\"lazy\" src=\"https:\/\/i0.wp.com\/tour.gradt.de\/wp-content\/uploads\/2018\/08\/img_4387.jpg?resize=525%2C701\" class=\"wp-image-5547 size-full\" height=\"701\" width=\"525\" srcset=\"https:\/\/i0.wp.com\/tour.gradt.de\/wp-content\/uploads\/2018\/08\/img_4387.jpg?w=640 640w, https:\/\/i0.wp.com\/tour.gradt.de\/wp-content\/uploads\/2018\/08\/img_4387.jpg?resize=225%2C300 225w\" sizes=\"(max-width: 525px) 100vw, 525px\" data-recalc-dims=\"1\" \/><\/p>\n<p>Als wir gegen 20 Uhr schon am Auto waren, kam eine Polizistin auf uns zu und hat uns gebeten wegzufahren, weil unser Parkplatz ein Anwohnerparkplatz gewesen ist und wir somit gegen Parkregeln versto\u00dfen. Und das obwohl wir unseren Erachtens niemanden gest\u00f6rt haben und auch keine Verbotsschilder gesehen haben. Wir haben gesagt, dass wir in 10 Minuten wegfahren, 5 hat sie uns geg\u00f6nnt!<\/p>\n<p>Als wir im Auto waren haben wir das Lied &#8222;Drei Chinesen mit dem Kontrabass&#8220; (Fotokameras) angeschaltet \ud83d\ude42 &#8230;&#8220;da kam die Polizei, ja was ist denn das&#8230;.&#8220; \ud83d\ude42 Passt voll zu unserem heutigen Tag \ud83d\ude42 \ud83d\ude42 \ud83d\ude42<\/p>\n<p>F\u00fcr die Nacht sind wir nur 20min. an einen kleinen Hafen s\u00fcdlich von Bergen gefahren&#8230; war ein langer und toller Tag heute!<\/p>\n","protected":false},"excerpt":{"rendered":"<p>Der Tag begann wie immer in den letzten Tagen mit Fr\u00fchst\u00fcck und Angeln. Wir sind bis Mittag auf dem Campingplatz geblieben, weil die Kinder so sch\u00f6n mit den anderen niederl\u00e4ndischen Kindern gespielt haben. Gegen 12 Uhr sind wir aufgebrochen. Auf dem Tagesplan heute stand die Stadt Bergen.<\/p>\n","protected":false},"author":1,"featured_media":5553,"comment_status":"open","ping_status":"closed","sticky":false,"template":"","format":"standard","meta":{"jetpack_post_was_ever_published":false,"jetpack_publicize_message":"","jetpack_is_tweetstorm":false,"jetpack_publicize_feature_enabled":true},"categories":[59],"tags":[],"jetpack_publicize_connections":[],"jetpack_featured_media_url":"https:\/\/i0.wp.com\/tour.gradt.de\/wp-content\/uploads\/2018\/08\/img_4390.jpg?fit=660%2C640","jetpack_sharing_enabled":true,"jetpack_shortlink":"https:\/\/wp.me\/p9KDky-1r7","jetpack_likes_enabled":true,"_links":{"self":[{"href":"http:\/\/tour.gradt.de\/index.php?rest_route=\/wp\/v2\/posts\/5525"}],"collection":[{"href":"http:\/\/tour.gradt.de\/index.php?rest_route=\/wp\/v2\/posts"}],"about":[{"href":"http:\/\/tour.gradt.de\/index.php?rest_route=\/wp\/v2\/types\/post"}],"author":[{"embeddable":true,"href":"http:\/\/tour.gradt.de\/index.php?rest_route=\/wp\/v2\/users\/1"}],"replies":[{"embeddable":true,"href":"http:\/\/tour.gradt.de\/index.php?rest_route=%2Fwp%2Fv2%2Fcomments&post=5525"}],"version-history":[{"count":5,"href":"http:\/\/tour.gradt.de\/index.php?rest_route=\/wp\/v2\/posts\/5525\/revisions"}],"predecessor-version":[{"id":5560,"href":"http:\/\/tour.gradt.de\/index.php?rest_route=\/wp\/v2\/posts\/5525\/revisions\/5560"}],"wp:featuredmedia":[{"embeddable":true,"href":"http:\/\/tour.gradt.de\/index.php?rest_route=\/wp\/v2\/media\/5553"}],"wp:attachment":[{"href":"http:\/\/tour.gradt.de\/index.php?rest_route=%2Fwp%2Fv2%2Fmedia&parent=5525"}],"wp:term":[{"taxonomy":"category","embeddable":true,"href":"http:\/\/tour.gradt.de\/index.php?rest_route=%2Fwp%2Fv2%2Fcategories&post=5525"},{"taxonomy":"post_tag","embeddable":true,"href":"http:\/\/tour.gradt.de\/index.php?rest_route=%2Fwp%2Fv2%2Ftags&post=5525"}],"curies":[{"name":"wp","href":"https:\/\/api.w.org\/{rel}","templated":true}]}}