{"id":5561,"date":"2018-08-10T22:03:11","date_gmt":"2018-08-10T20:03:11","guid":{"rendered":"http:\/\/tour.gradt.de\/?p=5561"},"modified":"2018-08-11T09:30:36","modified_gmt":"2018-08-11T07:30:36","slug":"die-sonne-im-gepaeck","status":"publish","type":"post","link":"http:\/\/tour.gradt.de\/?p=5561","title":{"rendered":"Die Sonne im Gep\u00e4ck"},"content":{"rendered":"<p>Norwegen ist bekannt f\u00fcr den Regen und so hat sich das Wetter auch heute fr\u00fch pr\u00e4sentiert. Nass, st\u00fcrmisch, kalt und ungem\u00fctlich. Leider konnten wir in dem kleinen Hafen deswegen heute nicht angeln, sondern haben im WoMo unser Fr\u00fchst\u00fcck gegessen und sind dann gleich los Richtung Stavanger.<\/p>\n<p><!--more-->Nach 15min. waren wir an der ersten von zwei F\u00e4hren, die heute auf dem Weg lagen, angekommen. 40min. \u00dcberfahrt, bei str\u00f6mendem Regen. Leider nichts zu sehen und so sind wir im Auto geblieben und haben ein H\u00f6rspiel f\u00fcr die Kinder eingeschaltet.<\/p>\n<p><img loading=\"lazy\" src=\"https:\/\/i0.wp.com\/tour.gradt.de\/wp-content\/uploads\/2018\/08\/img_4424.jpg?resize=525%2C700\" class=\"wp-image-5569 size-full\" height=\"700\" width=\"525\" srcset=\"https:\/\/i0.wp.com\/tour.gradt.de\/wp-content\/uploads\/2018\/08\/img_4424.jpg?w=3024 3024w, https:\/\/i0.wp.com\/tour.gradt.de\/wp-content\/uploads\/2018\/08\/img_4424.jpg?resize=225%2C300 225w, https:\/\/i0.wp.com\/tour.gradt.de\/wp-content\/uploads\/2018\/08\/img_4424.jpg?resize=768%2C1024 768w, https:\/\/i0.wp.com\/tour.gradt.de\/wp-content\/uploads\/2018\/08\/img_4424.jpg?w=1050 1050w, https:\/\/i0.wp.com\/tour.gradt.de\/wp-content\/uploads\/2018\/08\/img_4424.jpg?w=1575 1575w\" sizes=\"(max-width: 767px) 89vw, (max-width: 1000px) 54vw, (max-width: 1071px) 543px, 580px\" data-recalc-dims=\"1\" \/>Nach der \u00dcberfahrt gab es einen M\u00e4rchenwald (Eventyrskogen) in der N\u00e4he unserer Route, wo man viele Trollm\u00e4rchen anschauen kann. Doch bei dem wilden Regen, machte das keinen Sinn und wir sind weiter gefahren. W\u00e4hrend der zweiten \u00dcberfahrt hat Christian den aktuellen Wetterbericht f\u00fcr Stavanger nochmals gecheckt, um zu entscheiden ob wir direkt hinfahren oder sich Alternativen (Schwimmbad, Indoorspielplatz, usw.) anbieten.<\/p>\n<p>Siehe da, unser Gl\u00fcck hat uns nicht verlassen. Wenn wir die Mittagspause zum Einkaufen und Essen ausgiebig nutzen, soll der Nachmittag bei wechselnder Bew\u00f6lkung trocken bleiben. Also einen Parkplatz in der N\u00e4he der Innenstadt angefahren, bei dem auch ein Supermarkt ist. Christian hat mit Adrian und Sandra den Einkauf erledigt und Anna mit Sebastian haben das Mittagessen vorbereitet. Nach dem alle gegessen hatten, schaute die Sonne hinter den Wolken hervor und hat uns zu einem Spaziergang durch die Stadt eingeladen.<\/p>\n<p><img loading=\"lazy\" src=\"https:\/\/i0.wp.com\/tour.gradt.de\/wp-content\/uploads\/2018\/08\/img_4430.jpg?resize=525%2C700\" class=\"wp-image-5572 size-full\" height=\"700\" width=\"525\" srcset=\"https:\/\/i0.wp.com\/tour.gradt.de\/wp-content\/uploads\/2018\/08\/img_4430.jpg?w=3024 3024w, https:\/\/i0.wp.com\/tour.gradt.de\/wp-content\/uploads\/2018\/08\/img_4430.jpg?resize=225%2C300 225w, https:\/\/i0.wp.com\/tour.gradt.de\/wp-content\/uploads\/2018\/08\/img_4430.jpg?resize=768%2C1024 768w, https:\/\/i0.wp.com\/tour.gradt.de\/wp-content\/uploads\/2018\/08\/img_4430.jpg?w=1050 1050w, https:\/\/i0.wp.com\/tour.gradt.de\/wp-content\/uploads\/2018\/08\/img_4430.jpg?w=1575 1575w\" sizes=\"(max-width: 767px) 89vw, (max-width: 1000px) 54vw, (max-width: 1071px) 543px, 580px\" data-recalc-dims=\"1\" \/><img loading=\"lazy\" src=\"https:\/\/i0.wp.com\/tour.gradt.de\/wp-content\/uploads\/2018\/08\/img_4433.jpg?resize=525%2C700\" class=\"wp-image-5578 size-full\" height=\"700\" width=\"525\" srcset=\"https:\/\/i0.wp.com\/tour.gradt.de\/wp-content\/uploads\/2018\/08\/img_4433.jpg?w=3024 3024w, https:\/\/i0.wp.com\/tour.gradt.de\/wp-content\/uploads\/2018\/08\/img_4433.jpg?resize=225%2C300 225w, https:\/\/i0.wp.com\/tour.gradt.de\/wp-content\/uploads\/2018\/08\/img_4433.jpg?resize=768%2C1024 768w, https:\/\/i0.wp.com\/tour.gradt.de\/wp-content\/uploads\/2018\/08\/img_4433.jpg?w=1050 1050w, https:\/\/i0.wp.com\/tour.gradt.de\/wp-content\/uploads\/2018\/08\/img_4433.jpg?w=1575 1575w\" sizes=\"(max-width: 767px) 89vw, (max-width: 1000px) 54vw, (max-width: 1071px) 543px, 580px\" data-recalc-dims=\"1\" \/><img loading=\"lazy\" src=\"https:\/\/i0.wp.com\/tour.gradt.de\/wp-content\/uploads\/2018\/08\/img_4438.jpg?resize=525%2C700\" class=\"size-full wp-image-5575\" height=\"700\" width=\"525\" srcset=\"https:\/\/i0.wp.com\/tour.gradt.de\/wp-content\/uploads\/2018\/08\/img_4438.jpg?w=3024 3024w, https:\/\/i0.wp.com\/tour.gradt.de\/wp-content\/uploads\/2018\/08\/img_4438.jpg?resize=225%2C300 225w, https:\/\/i0.wp.com\/tour.gradt.de\/wp-content\/uploads\/2018\/08\/img_4438.jpg?resize=768%2C1024 768w, https:\/\/i0.wp.com\/tour.gradt.de\/wp-content\/uploads\/2018\/08\/img_4438.jpg?w=1050 1050w, https:\/\/i0.wp.com\/tour.gradt.de\/wp-content\/uploads\/2018\/08\/img_4438.jpg?w=1575 1575w\" sizes=\"(max-width: 767px) 89vw, (max-width: 1000px) 54vw, (max-width: 1071px) 543px, 580px\" data-recalc-dims=\"1\" \/>Unser Parkplatz und das norwegische \u00d6lmuseum waren so gelegen, dass wir durch die Fu\u00dfg\u00e4ngerzone hinlaufen konnten und an der Hafenpromenade zur\u00fcck.<\/p>\n<p>Im \u00d6lmuseum haben wir viel dar\u00fcber gelernt, was \u00d6l ist, wie es gef\u00f6rdert wird und wie bewusst Norwegen mit fossilen Brennstoffen umgeht. Sicherlich sind \u00d6l und Gas wichtige Einnahmequellen f\u00fcr den Staat, aber es war auch ein sehr kritischer Ausstellungsbereich dabei, der sich intensiv mit dem Klimawandel, Trinkwasser und der Weltbev\u00f6lkerung auseinander setzte.<\/p>\n<p><img loading=\"lazy\" src=\"https:\/\/i0.wp.com\/tour.gradt.de\/wp-content\/uploads\/2018\/08\/img_4452.jpg?resize=525%2C700\" class=\"size-full wp-image-5581\" height=\"700\" width=\"525\" srcset=\"https:\/\/i0.wp.com\/tour.gradt.de\/wp-content\/uploads\/2018\/08\/img_4452.jpg?w=3024 3024w, https:\/\/i0.wp.com\/tour.gradt.de\/wp-content\/uploads\/2018\/08\/img_4452.jpg?resize=225%2C300 225w, https:\/\/i0.wp.com\/tour.gradt.de\/wp-content\/uploads\/2018\/08\/img_4452.jpg?resize=768%2C1024 768w, https:\/\/i0.wp.com\/tour.gradt.de\/wp-content\/uploads\/2018\/08\/img_4452.jpg?w=1050 1050w, https:\/\/i0.wp.com\/tour.gradt.de\/wp-content\/uploads\/2018\/08\/img_4452.jpg?w=1575 1575w\" sizes=\"(max-width: 767px) 89vw, (max-width: 1000px) 54vw, (max-width: 1071px) 543px, 580px\" data-recalc-dims=\"1\" \/><img loading=\"lazy\" src=\"https:\/\/i0.wp.com\/tour.gradt.de\/wp-content\/uploads\/2018\/08\/img_4455.jpg?resize=525%2C700\" class=\"wp-image-5584 size-full\" height=\"700\" width=\"525\" srcset=\"https:\/\/i0.wp.com\/tour.gradt.de\/wp-content\/uploads\/2018\/08\/img_4455.jpg?w=3024 3024w, https:\/\/i0.wp.com\/tour.gradt.de\/wp-content\/uploads\/2018\/08\/img_4455.jpg?resize=225%2C300 225w, https:\/\/i0.wp.com\/tour.gradt.de\/wp-content\/uploads\/2018\/08\/img_4455.jpg?resize=768%2C1024 768w, https:\/\/i0.wp.com\/tour.gradt.de\/wp-content\/uploads\/2018\/08\/img_4455.jpg?w=1050 1050w, https:\/\/i0.wp.com\/tour.gradt.de\/wp-content\/uploads\/2018\/08\/img_4455.jpg?w=1575 1575w\" sizes=\"(max-width: 767px) 89vw, (max-width: 1000px) 54vw, (max-width: 1071px) 543px, 580px\" data-recalc-dims=\"1\" \/><img loading=\"lazy\" src=\"https:\/\/i0.wp.com\/tour.gradt.de\/wp-content\/uploads\/2018\/08\/img_4459.jpg?resize=525%2C700\" class=\"wp-image-5590 size-full\" height=\"700\" width=\"525\" srcset=\"https:\/\/i0.wp.com\/tour.gradt.de\/wp-content\/uploads\/2018\/08\/img_4459.jpg?w=3024 3024w, https:\/\/i0.wp.com\/tour.gradt.de\/wp-content\/uploads\/2018\/08\/img_4459.jpg?resize=225%2C300 225w, https:\/\/i0.wp.com\/tour.gradt.de\/wp-content\/uploads\/2018\/08\/img_4459.jpg?resize=768%2C1024 768w, https:\/\/i0.wp.com\/tour.gradt.de\/wp-content\/uploads\/2018\/08\/img_4459.jpg?w=1050 1050w, https:\/\/i0.wp.com\/tour.gradt.de\/wp-content\/uploads\/2018\/08\/img_4459.jpg?w=1575 1575w\" sizes=\"(max-width: 767px) 89vw, (max-width: 1000px) 54vw, (max-width: 1071px) 543px, 580px\" data-recalc-dims=\"1\" \/><img loading=\"lazy\" src=\"https:\/\/i0.wp.com\/tour.gradt.de\/wp-content\/uploads\/2018\/08\/img_4461.jpg?resize=525%2C700\" class=\"wp-image-5587 size-full\" height=\"700\" width=\"525\" srcset=\"https:\/\/i0.wp.com\/tour.gradt.de\/wp-content\/uploads\/2018\/08\/img_4461.jpg?w=3024 3024w, https:\/\/i0.wp.com\/tour.gradt.de\/wp-content\/uploads\/2018\/08\/img_4461.jpg?resize=225%2C300 225w, https:\/\/i0.wp.com\/tour.gradt.de\/wp-content\/uploads\/2018\/08\/img_4461.jpg?resize=768%2C1024 768w, https:\/\/i0.wp.com\/tour.gradt.de\/wp-content\/uploads\/2018\/08\/img_4461.jpg?w=1050 1050w, https:\/\/i0.wp.com\/tour.gradt.de\/wp-content\/uploads\/2018\/08\/img_4461.jpg?w=1575 1575w\" sizes=\"(max-width: 767px) 89vw, (max-width: 1000px) 54vw, (max-width: 1071px) 543px, 580px\" data-recalc-dims=\"1\" \/>F\u00fcr die Kinder gab es ein Spiel, so dass die Ausstellung neben den vielen Dingen zum Anfassen und Erleben nicht langweilig wurde. Man k\u00f6nnte \u00fcber die Berufe auf einer \u00d6lplattform erfahren, wie gef\u00e4hrlich z.B. der Job als Taucher ist und dass es alles andere als Familienfreundlich ist auf hoher See zu arbeiten. Am Ende konnten sie sogar auf einem Spielplatz, der einer Bohrinsel nachempfunden war spielen. Drau\u00dfen vor dem Museum war ein Spielplatz aus alten Teilen der Hochseeflotte gestaltet und es wurde weiter getobt!<\/p>\n<p><img loading=\"lazy\" src=\"https:\/\/i0.wp.com\/tour.gradt.de\/wp-content\/uploads\/2018\/08\/img_4476.jpg?resize=525%2C700\" class=\"size-full wp-image-5593\" height=\"700\" width=\"525\" srcset=\"https:\/\/i0.wp.com\/tour.gradt.de\/wp-content\/uploads\/2018\/08\/img_4476.jpg?w=3024 3024w, https:\/\/i0.wp.com\/tour.gradt.de\/wp-content\/uploads\/2018\/08\/img_4476.jpg?resize=225%2C300 225w, https:\/\/i0.wp.com\/tour.gradt.de\/wp-content\/uploads\/2018\/08\/img_4476.jpg?resize=768%2C1024 768w, https:\/\/i0.wp.com\/tour.gradt.de\/wp-content\/uploads\/2018\/08\/img_4476.jpg?w=1050 1050w, https:\/\/i0.wp.com\/tour.gradt.de\/wp-content\/uploads\/2018\/08\/img_4476.jpg?w=1575 1575w\" sizes=\"(max-width: 767px) 89vw, (max-width: 1000px) 54vw, (max-width: 1071px) 543px, 580px\" data-recalc-dims=\"1\" \/><img loading=\"lazy\" src=\"https:\/\/i0.wp.com\/tour.gradt.de\/wp-content\/uploads\/2018\/08\/img_4469.jpg?resize=525%2C700\" class=\"wp-image-5596 size-full\" height=\"700\" width=\"525\" srcset=\"https:\/\/i0.wp.com\/tour.gradt.de\/wp-content\/uploads\/2018\/08\/img_4469.jpg?w=3024 3024w, https:\/\/i0.wp.com\/tour.gradt.de\/wp-content\/uploads\/2018\/08\/img_4469.jpg?resize=225%2C300 225w, https:\/\/i0.wp.com\/tour.gradt.de\/wp-content\/uploads\/2018\/08\/img_4469.jpg?resize=768%2C1024 768w, https:\/\/i0.wp.com\/tour.gradt.de\/wp-content\/uploads\/2018\/08\/img_4469.jpg?w=1050 1050w, https:\/\/i0.wp.com\/tour.gradt.de\/wp-content\/uploads\/2018\/08\/img_4469.jpg?w=1575 1575w\" sizes=\"(max-width: 767px) 89vw, (max-width: 1000px) 54vw, (max-width: 1071px) 543px, 580px\" data-recalc-dims=\"1\" \/>Zur\u00fcck ging es dann &#8211; wie schon gesagt &#8211; \u00fcber die beeindruckende Hafenpromenade. H\u00e4user aus Holz in verschiedenen Farben, viele Menschen auf den Terrassen der Restaurants.<\/p>\n<p>Im Auto haben wir die Kinder zu Bett gebracht und sind noch ein St\u00fcck gefahren. Heute stehen wir am &#8222;Nordseeweg&#8220; ist in der N\u00e4he von Egersund an einem kleinen Hafen.<\/p>\n","protected":false},"excerpt":{"rendered":"<p>Norwegen ist bekannt f\u00fcr den Regen und so hat sich das Wetter auch heute fr\u00fch pr\u00e4sentiert. Nass, st\u00fcrmisch, kalt und ungem\u00fctlich. Leider konnten wir in dem kleinen Hafen deswegen heute nicht angeln, sondern haben im WoMo unser Fr\u00fchst\u00fcck gegessen und sind dann gleich los Richtung Stavanger.<\/p>\n","protected":false},"author":1,"featured_media":0,"comment_status":"open","ping_status":"closed","sticky":false,"template":"","format":"standard","meta":{"jetpack_post_was_ever_published":false,"jetpack_publicize_message":"","jetpack_is_tweetstorm":false,"jetpack_publicize_feature_enabled":true},"categories":[59],"tags":[],"jetpack_publicize_connections":[],"jetpack_featured_media_url":"","jetpack_sharing_enabled":true,"jetpack_shortlink":"https:\/\/wp.me\/p9KDky-1rH","jetpack_likes_enabled":true,"_links":{"self":[{"href":"http:\/\/tour.gradt.de\/index.php?rest_route=\/wp\/v2\/posts\/5561"}],"collection":[{"href":"http:\/\/tour.gradt.de\/index.php?rest_route=\/wp\/v2\/posts"}],"about":[{"href":"http:\/\/tour.gradt.de\/index.php?rest_route=\/wp\/v2\/types\/post"}],"author":[{"embeddable":true,"href":"http:\/\/tour.gradt.de\/index.php?rest_route=\/wp\/v2\/users\/1"}],"replies":[{"embeddable":true,"href":"http:\/\/tour.gradt.de\/index.php?rest_route=%2Fwp%2Fv2%2Fcomments&post=5561"}],"version-history":[{"count":7,"href":"http:\/\/tour.gradt.de\/index.php?rest_route=\/wp\/v2\/posts\/5561\/revisions"}],"predecessor-version":[{"id":5623,"href":"http:\/\/tour.gradt.de\/index.php?rest_route=\/wp\/v2\/posts\/5561\/revisions\/5623"}],"wp:attachment":[{"href":"http:\/\/tour.gradt.de\/index.php?rest_route=%2Fwp%2Fv2%2Fmedia&parent=5561"}],"wp:term":[{"taxonomy":"category","embeddable":true,"href":"http:\/\/tour.gradt.de\/index.php?rest_route=%2Fwp%2Fv2%2Fcategories&post=5561"},{"taxonomy":"post_tag","embeddable":true,"href":"http:\/\/tour.gradt.de\/index.php?rest_route=%2Fwp%2Fv2%2Ftags&post=5561"}],"curies":[{"name":"wp","href":"https:\/\/api.w.org\/{rel}","templated":true}]}}