{"id":5654,"date":"2018-08-11T18:05:25","date_gmt":"2018-08-11T16:05:25","guid":{"rendered":"http:\/\/tour.gradt.de\/?p=5654"},"modified":"2018-08-12T18:08:29","modified_gmt":"2018-08-12T16:08:29","slug":"fjord-gefahren","status":"publish","type":"post","link":"http:\/\/tour.gradt.de\/?p=5654","title":{"rendered":"Fjord gefahren"},"content":{"rendered":"<p>Adrian ist krank. Heute Nacht ist er zu uns gekommen, weil er gegl\u00fcht hat: Fieber +38,5 Grad. Heute Vormittag ist er nicht aufgestanden und hat bis zum Nachmittag fast nur geschlafen. Es war uns klar, dass wir heute den Tag ruhig verbringen werden. Das ist in Ordnung, weil wir die letzten Tage sehr aktiv waren.<\/p>\n<p>Wir sind heute erst um 12 Uhr los gefahren. Den Vormittag haben wir in einem sehr kleinen, aber feinem Hafen verbracht, wo wir auch die Nacht gestanden haben.<\/p>\n<p><img loading=\"lazy\" src=\"https:\/\/i0.wp.com\/tour.gradt.de\/wp-content\/uploads\/2018\/08\/img_4040.jpg?resize=525%2C394\" class=\"wp-image-5624 size-full\" height=\"394\" width=\"525\" srcset=\"https:\/\/i0.wp.com\/tour.gradt.de\/wp-content\/uploads\/2018\/08\/img_4040.jpg?w=3264 3264w, https:\/\/i0.wp.com\/tour.gradt.de\/wp-content\/uploads\/2018\/08\/img_4040.jpg?resize=300%2C225 300w, https:\/\/i0.wp.com\/tour.gradt.de\/wp-content\/uploads\/2018\/08\/img_4040.jpg?resize=768%2C576 768w, https:\/\/i0.wp.com\/tour.gradt.de\/wp-content\/uploads\/2018\/08\/img_4040.jpg?resize=1024%2C768 1024w, https:\/\/i0.wp.com\/tour.gradt.de\/wp-content\/uploads\/2018\/08\/img_4040.jpg?w=1575 1575w\" sizes=\"(max-width: 767px) 89vw, (max-width: 1000px) 54vw, (max-width: 1071px) 543px, 580px\" data-recalc-dims=\"1\" \/><\/p>\n<p>\u00dcber Mittag sind wir relativ lange Auto gefahren, begleitet von strahlendem Sonnenschein. Wir sind lange gefahren und haben nur eine relativ kurze Strecke geschafft, da wir eine landschaftlich sch\u00f6ne Route mit wundervollen Ausblicken genommen haben.<\/p>\n<p><!--more-->Fjorde sind ist etwas Einmaliges. Je weiter wir nach S\u00fcden fahren, desto mehr Menschen wohnen hier. Man kann nicht nur die einzelnen H\u00e4user, sondern ganze D\u00f6rfer am Fjord sehen, was im Norden nicht der Fall ist.<\/p>\n<p><img loading=\"lazy\" src=\"https:\/\/i0.wp.com\/tour.gradt.de\/wp-content\/uploads\/2018\/08\/img_4057.jpg?resize=525%2C394\" class=\"wp-image-5627 size-full\" height=\"394\" width=\"525\" srcset=\"https:\/\/i0.wp.com\/tour.gradt.de\/wp-content\/uploads\/2018\/08\/img_4057.jpg?w=3264 3264w, https:\/\/i0.wp.com\/tour.gradt.de\/wp-content\/uploads\/2018\/08\/img_4057.jpg?resize=300%2C225 300w, https:\/\/i0.wp.com\/tour.gradt.de\/wp-content\/uploads\/2018\/08\/img_4057.jpg?resize=768%2C576 768w, https:\/\/i0.wp.com\/tour.gradt.de\/wp-content\/uploads\/2018\/08\/img_4057.jpg?resize=1024%2C768 1024w, https:\/\/i0.wp.com\/tour.gradt.de\/wp-content\/uploads\/2018\/08\/img_4057.jpg?w=1575 1575w\" sizes=\"(max-width: 767px) 89vw, (max-width: 1000px) 54vw, (max-width: 1071px) 543px, 580px\" data-recalc-dims=\"1\" \/><\/p>\n<p><img loading=\"lazy\" src=\"https:\/\/i0.wp.com\/tour.gradt.de\/wp-content\/uploads\/2018\/08\/img_4066.jpg?resize=525%2C394\" class=\"wp-image-5630 size-full\" height=\"394\" width=\"525\" srcset=\"https:\/\/i0.wp.com\/tour.gradt.de\/wp-content\/uploads\/2018\/08\/img_4066.jpg?w=3264 3264w, https:\/\/i0.wp.com\/tour.gradt.de\/wp-content\/uploads\/2018\/08\/img_4066.jpg?resize=300%2C225 300w, https:\/\/i0.wp.com\/tour.gradt.de\/wp-content\/uploads\/2018\/08\/img_4066.jpg?resize=768%2C576 768w, https:\/\/i0.wp.com\/tour.gradt.de\/wp-content\/uploads\/2018\/08\/img_4066.jpg?resize=1024%2C768 1024w, https:\/\/i0.wp.com\/tour.gradt.de\/wp-content\/uploads\/2018\/08\/img_4066.jpg?w=1575 1575w\" sizes=\"(max-width: 767px) 89vw, (max-width: 1000px) 54vw, (max-width: 1071px) 543px, 580px\" data-recalc-dims=\"1\" \/><\/p>\n<p>Am fr\u00fchen Nachmittag sind wir am s\u00fcdlichsten Punkt Norwegens angekommen. Bis dahin haben wir eine lange Nachmittagspause gemacht. Gekocht, gespielt, geschlafen. Adrian ging&#8217;s besser. Er ist aufgestanden und wollte mit.<\/p>\n<p>Erst gegen 17 Uhr haben wir unseren Spaziergang zum Leuchtturm an der S\u00fcdspitze gestartet. An der Kasse hat eine nette Frau, gesch\u00e4tzt Mitte f\u00fcnfzig, akzentfrei Deutsch gesprochen. Auf die Frage, ob sie ausgewandert ist, kam mit voller Enthusiasmus die Antwort:&#8220;ich war einmal in Norwegen und wollte nicht mehr weg, bin hier geblieben.&#8220; \ud83d\ude42 Kann man voll verstehen \ud83d\ude42<\/p>\n<p>Danach sind wir hoch zum Turm. Es war sonnig und ein sehr starker Wind. Der Wind war so stark, dass man sich einfach nach vorne oder nach hinten schmei\u00dfen konnte und der Wind hat einen gehalten&#8230;<\/p>\n<p><img loading=\"lazy\" src=\"https:\/\/i0.wp.com\/tour.gradt.de\/wp-content\/uploads\/2018\/08\/img_4505.jpg?resize=525%2C700\" class=\"wp-image-5656 size-full\" height=\"700\" width=\"525\" srcset=\"https:\/\/i0.wp.com\/tour.gradt.de\/wp-content\/uploads\/2018\/08\/img_4505.jpg?w=3024 3024w, https:\/\/i0.wp.com\/tour.gradt.de\/wp-content\/uploads\/2018\/08\/img_4505.jpg?resize=225%2C300 225w, https:\/\/i0.wp.com\/tour.gradt.de\/wp-content\/uploads\/2018\/08\/img_4505.jpg?resize=768%2C1024 768w, https:\/\/i0.wp.com\/tour.gradt.de\/wp-content\/uploads\/2018\/08\/img_4505.jpg?w=1050 1050w, https:\/\/i0.wp.com\/tour.gradt.de\/wp-content\/uploads\/2018\/08\/img_4505.jpg?w=1575 1575w\" sizes=\"(max-width: 767px) 89vw, (max-width: 1000px) 54vw, (max-width: 1071px) 543px, 580px\" data-recalc-dims=\"1\" \/><\/p>\n<p>Als wir oben waren, hat sich uns ein gro\u00dfartiges Panorama er\u00f6ffnet.<\/p>\n<p><img loading=\"lazy\" src=\"https:\/\/i0.wp.com\/tour.gradt.de\/wp-content\/uploads\/2018\/08\/img_4077.jpg?resize=525%2C700\" class=\"wp-image-5636 size-full\" height=\"700\" width=\"525\" srcset=\"https:\/\/i0.wp.com\/tour.gradt.de\/wp-content\/uploads\/2018\/08\/img_4077.jpg?w=2448 2448w, https:\/\/i0.wp.com\/tour.gradt.de\/wp-content\/uploads\/2018\/08\/img_4077.jpg?resize=225%2C300 225w, https:\/\/i0.wp.com\/tour.gradt.de\/wp-content\/uploads\/2018\/08\/img_4077.jpg?resize=768%2C1024 768w, https:\/\/i0.wp.com\/tour.gradt.de\/wp-content\/uploads\/2018\/08\/img_4077.jpg?w=1050 1050w, https:\/\/i0.wp.com\/tour.gradt.de\/wp-content\/uploads\/2018\/08\/img_4077.jpg?w=1575 1575w\" sizes=\"(max-width: 767px) 89vw, (max-width: 1000px) 54vw, (max-width: 1071px) 543px, 580px\" data-recalc-dims=\"1\" \/><img loading=\"lazy\" src=\"https:\/\/i0.wp.com\/tour.gradt.de\/wp-content\/uploads\/2018\/08\/img_4091.jpg?resize=525%2C394\" class=\"wp-image-5633 size-full\" height=\"394\" width=\"525\" srcset=\"https:\/\/i0.wp.com\/tour.gradt.de\/wp-content\/uploads\/2018\/08\/img_4091.jpg?w=3264 3264w, https:\/\/i0.wp.com\/tour.gradt.de\/wp-content\/uploads\/2018\/08\/img_4091.jpg?resize=300%2C225 300w, https:\/\/i0.wp.com\/tour.gradt.de\/wp-content\/uploads\/2018\/08\/img_4091.jpg?resize=768%2C576 768w, https:\/\/i0.wp.com\/tour.gradt.de\/wp-content\/uploads\/2018\/08\/img_4091.jpg?resize=1024%2C768 1024w, https:\/\/i0.wp.com\/tour.gradt.de\/wp-content\/uploads\/2018\/08\/img_4091.jpg?w=1575 1575w\" sizes=\"(max-width: 767px) 89vw, (max-width: 1000px) 54vw, (max-width: 1071px) 543px, 580px\" data-recalc-dims=\"1\" \/><img loading=\"lazy\" src=\"https:\/\/i0.wp.com\/tour.gradt.de\/wp-content\/uploads\/2018\/08\/img_4109.jpg?resize=525%2C394\" class=\"wp-image-5639 size-full\" height=\"394\" width=\"525\" srcset=\"https:\/\/i0.wp.com\/tour.gradt.de\/wp-content\/uploads\/2018\/08\/img_4109.jpg?w=3264 3264w, https:\/\/i0.wp.com\/tour.gradt.de\/wp-content\/uploads\/2018\/08\/img_4109.jpg?resize=300%2C225 300w, https:\/\/i0.wp.com\/tour.gradt.de\/wp-content\/uploads\/2018\/08\/img_4109.jpg?resize=768%2C576 768w, https:\/\/i0.wp.com\/tour.gradt.de\/wp-content\/uploads\/2018\/08\/img_4109.jpg?resize=1024%2C768 1024w, https:\/\/i0.wp.com\/tour.gradt.de\/wp-content\/uploads\/2018\/08\/img_4109.jpg?w=1575 1575w\" sizes=\"(max-width: 767px) 89vw, (max-width: 1000px) 54vw, (max-width: 1071px) 543px, 580px\" data-recalc-dims=\"1\" \/><\/p>\n<p><img loading=\"lazy\" src=\"https:\/\/i0.wp.com\/tour.gradt.de\/wp-content\/uploads\/2018\/08\/img_4120.jpg?resize=525%2C393\" class=\"wp-image-5645 size-full\" height=\"393\" width=\"525\" srcset=\"https:\/\/i0.wp.com\/tour.gradt.de\/wp-content\/uploads\/2018\/08\/img_4120.jpg?w=854 854w, https:\/\/i0.wp.com\/tour.gradt.de\/wp-content\/uploads\/2018\/08\/img_4120.jpg?resize=300%2C225 300w, https:\/\/i0.wp.com\/tour.gradt.de\/wp-content\/uploads\/2018\/08\/img_4120.jpg?resize=768%2C576 768w\" sizes=\"(max-width: 767px) 89vw, (max-width: 1000px) 54vw, (max-width: 1071px) 543px, 580px\" data-recalc-dims=\"1\" \/><\/p>\n<p>Dann kam der gro\u00dfe Schreck \ud83d\ude42 Unter dem Leuchtturm war eine Bunkeranlage aus dem 2. Weltkrieg, in die man einfach reingehen konnte. Dort sieht es aus wie in einer H\u00f6hle. Auf einmal kommt ein sehr lautes Signal, Alarm bzw. Gehupe. Wir waren allein dort und dieses Ger\u00e4usch war sehr, sehr laut. Drei lange, tiefe T\u00f6ne. Wir haben uns alle sehr erschrocken. Die Kinder haben angefangen zu weinen, Anna und Christian wussten im ersten Moment nicht was sie machen sollen. War das Animation? War das ein echter Alarm? Das Einzige was wir gemacht haben, ist die Kinder auf die Arme genommen und haben uns sehr dicht in den Kreis gestellt, danach den Weg nach drau\u00dfen genommen. Wir haben alle einen Moment gebraucht bis der Adrenalinspiegel wieder runter war. Anna und die Kinder sind nicht mehr reingegangen. Christian ist aus Neuger nochmal rein, um zu erfahren was das war. Er hat andere Besucher gefragt und es hat sich herausgestellt, dass ein Schiff dem bemannten Leuchtturm zu nah gekommen ist und dieser ein Warnsignal abgegeben hat. Das Schiff auf dem Foto hat seinen Kurs erst danach ge\u00e4ndert.<\/p>\n<p><img loading=\"lazy\" src=\"https:\/\/i0.wp.com\/tour.gradt.de\/wp-content\/uploads\/2018\/08\/img_4148.jpg?resize=525%2C700\" class=\"wp-image-5648 size-full\" height=\"700\" width=\"525\" srcset=\"https:\/\/i0.wp.com\/tour.gradt.de\/wp-content\/uploads\/2018\/08\/img_4148.jpg?w=2448 2448w, https:\/\/i0.wp.com\/tour.gradt.de\/wp-content\/uploads\/2018\/08\/img_4148.jpg?resize=225%2C300 225w, https:\/\/i0.wp.com\/tour.gradt.de\/wp-content\/uploads\/2018\/08\/img_4148.jpg?resize=768%2C1024 768w, https:\/\/i0.wp.com\/tour.gradt.de\/wp-content\/uploads\/2018\/08\/img_4148.jpg?w=1050 1050w, https:\/\/i0.wp.com\/tour.gradt.de\/wp-content\/uploads\/2018\/08\/img_4148.jpg?w=1575 1575w\" sizes=\"(max-width: 767px) 89vw, (max-width: 1000px) 54vw, (max-width: 1071px) 543px, 580px\" data-recalc-dims=\"1\" \/><img loading=\"lazy\" src=\"https:\/\/i0.wp.com\/tour.gradt.de\/wp-content\/uploads\/2018\/08\/img_4152.jpg?resize=525%2C700\" class=\"wp-image-5651 size-full\" height=\"700\" width=\"525\" srcset=\"https:\/\/i0.wp.com\/tour.gradt.de\/wp-content\/uploads\/2018\/08\/img_4152.jpg?w=2448 2448w, https:\/\/i0.wp.com\/tour.gradt.de\/wp-content\/uploads\/2018\/08\/img_4152.jpg?resize=225%2C300 225w, https:\/\/i0.wp.com\/tour.gradt.de\/wp-content\/uploads\/2018\/08\/img_4152.jpg?resize=768%2C1024 768w, https:\/\/i0.wp.com\/tour.gradt.de\/wp-content\/uploads\/2018\/08\/img_4152.jpg?w=1050 1050w, https:\/\/i0.wp.com\/tour.gradt.de\/wp-content\/uploads\/2018\/08\/img_4152.jpg?w=1575 1575w\" sizes=\"(max-width: 767px) 89vw, (max-width: 1000px) 54vw, (max-width: 1071px) 543px, 580px\" data-recalc-dims=\"1\" \/><\/p>\n<p>Nach dem Spaziergang haben wir die Kinder schlafen gelegt und sind noch eine gute Stunde bis nach Kristiansand gefahren.<\/p>\n","protected":false},"excerpt":{"rendered":"<p>Adrian ist krank. Heute Nacht ist er zu uns gekommen, weil er gegl\u00fcht hat: Fieber +38,5 Grad. Heute Vormittag ist er nicht aufgestanden und hat bis zum Nachmittag fast nur geschlafen. Es war uns klar, dass wir heute den Tag ruhig verbringen werden. Das ist in Ordnung, weil wir die letzten Tage sehr aktiv waren. &hellip; <\/p>\n<p class=\"link-more\"><a href=\"http:\/\/tour.gradt.de\/?p=5654\" class=\"more-link\"><span class=\"screen-reader-text\">\u201eFjord gefahren\u201c<\/span> weiterlesen<\/a><\/p>\n","protected":false},"author":1,"featured_media":5659,"comment_status":"open","ping_status":"closed","sticky":false,"template":"","format":"standard","meta":{"jetpack_post_was_ever_published":false,"jetpack_publicize_message":"","jetpack_is_tweetstorm":false,"jetpack_publicize_feature_enabled":true},"categories":[59],"tags":[],"jetpack_publicize_connections":[],"jetpack_featured_media_url":"https:\/\/i0.wp.com\/tour.gradt.de\/wp-content\/uploads\/2018\/08\/img_4506.jpg?fit=4032%2C3024","jetpack_sharing_enabled":true,"jetpack_shortlink":"https:\/\/wp.me\/p9KDky-1tc","jetpack_likes_enabled":true,"_links":{"self":[{"href":"http:\/\/tour.gradt.de\/index.php?rest_route=\/wp\/v2\/posts\/5654"}],"collection":[{"href":"http:\/\/tour.gradt.de\/index.php?rest_route=\/wp\/v2\/posts"}],"about":[{"href":"http:\/\/tour.gradt.de\/index.php?rest_route=\/wp\/v2\/types\/post"}],"author":[{"embeddable":true,"href":"http:\/\/tour.gradt.de\/index.php?rest_route=\/wp\/v2\/users\/1"}],"replies":[{"embeddable":true,"href":"http:\/\/tour.gradt.de\/index.php?rest_route=%2Fwp%2Fv2%2Fcomments&post=5654"}],"version-history":[{"count":3,"href":"http:\/\/tour.gradt.de\/index.php?rest_route=\/wp\/v2\/posts\/5654\/revisions"}],"predecessor-version":[{"id":5663,"href":"http:\/\/tour.gradt.de\/index.php?rest_route=\/wp\/v2\/posts\/5654\/revisions\/5663"}],"wp:featuredmedia":[{"embeddable":true,"href":"http:\/\/tour.gradt.de\/index.php?rest_route=\/wp\/v2\/media\/5659"}],"wp:attachment":[{"href":"http:\/\/tour.gradt.de\/index.php?rest_route=%2Fwp%2Fv2%2Fmedia&parent=5654"}],"wp:term":[{"taxonomy":"category","embeddable":true,"href":"http:\/\/tour.gradt.de\/index.php?rest_route=%2Fwp%2Fv2%2Fcategories&post=5654"},{"taxonomy":"post_tag","embeddable":true,"href":"http:\/\/tour.gradt.de\/index.php?rest_route=%2Fwp%2Fv2%2Ftags&post=5654"}],"curies":[{"name":"wp","href":"https:\/\/api.w.org\/{rel}","templated":true}]}}