{"id":5664,"date":"2018-08-12T10:35:10","date_gmt":"2018-08-12T08:35:10","guid":{"rendered":"http:\/\/tour.gradt.de\/?p=5664"},"modified":"2018-08-13T10:39:45","modified_gmt":"2018-08-13T08:39:45","slug":"christian-im-sand","status":"publish","type":"post","link":"http:\/\/tour.gradt.de\/?p=5664","title":{"rendered":"Christian im Sand"},"content":{"rendered":"<p>Nach dem Fr\u00fchst\u00fcck heute fr\u00fch sind wir ein paar Minuten in die Innenstadt von Kristiansand gefahren. Wir haben beim Yachthafen geparkt und unseren Stadtbummel angefangen. Das Zentrum ist von quadratischen H\u00e4userblocks im alten nordischem Stil gepr\u00e4gt. Auf norwegisch hei\u00dft das Viertel &#8222;Kvadraturen&#8220;.<\/p>\n<p><!--more-->In der Mitte gibt es an einem zentralen Platz eine ungew\u00f6hnliche Kirche. Von au\u00dfen sieht sie recht h\u00e4sslich aus, wie aus Beton gegossen und innen ist sie komplett aus Holz. Als wir ankamen lief gerade das Ende eines Gottesdienstes. Es war Laut, eine Rockband hat gespielt und alle haben getanzt, mit den Armen in der Luft die gleiche Choreografie ausgef\u00fchrt. Sogar der Pastor war voll dabei. Auch der Auszug der vorwiegend jungen G\u00e4ste durch das Hauptportal, dem Kreuz folgend, wurde von Rockmusik und Jubel begleitet. Solch einen Gottesdienst haben wir noch nicht erlebt. Aber wieder waren wir zuf\u00e4llig zur richtigen Zeit am richtigen Ort.<\/p>\n<p><img loading=\"lazy\" src=\"https:\/\/i0.wp.com\/tour.gradt.de\/wp-content\/uploads\/2018\/08\/img_4190.jpg?resize=525%2C700\" class=\"wp-image-5673 size-full\" height=\"700\" width=\"525\" srcset=\"https:\/\/i0.wp.com\/tour.gradt.de\/wp-content\/uploads\/2018\/08\/img_4190.jpg?w=2448 2448w, https:\/\/i0.wp.com\/tour.gradt.de\/wp-content\/uploads\/2018\/08\/img_4190.jpg?resize=225%2C300 225w, https:\/\/i0.wp.com\/tour.gradt.de\/wp-content\/uploads\/2018\/08\/img_4190.jpg?resize=768%2C1024 768w, https:\/\/i0.wp.com\/tour.gradt.de\/wp-content\/uploads\/2018\/08\/img_4190.jpg?w=1050 1050w, https:\/\/i0.wp.com\/tour.gradt.de\/wp-content\/uploads\/2018\/08\/img_4190.jpg?w=1575 1575w\" sizes=\"(max-width: 767px) 89vw, (max-width: 1000px) 54vw, (max-width: 1071px) 543px, 580px\" data-recalc-dims=\"1\" \/><img loading=\"lazy\" src=\"https:\/\/i0.wp.com\/tour.gradt.de\/wp-content\/uploads\/2018\/08\/img_4198.jpg?resize=525%2C701\" class=\"wp-image-5670 size-full\" height=\"701\" width=\"525\" srcset=\"https:\/\/i0.wp.com\/tour.gradt.de\/wp-content\/uploads\/2018\/08\/img_4198.jpg?w=640 640w, https:\/\/i0.wp.com\/tour.gradt.de\/wp-content\/uploads\/2018\/08\/img_4198.jpg?resize=225%2C300 225w\" sizes=\"(max-width: 525px) 100vw, 525px\" data-recalc-dims=\"1\" \/><\/p>\n<p>Den Spaziergang haben wir dann vorbei am F\u00e4hrterminal zum Stadtteil &#8222;Fiskebrygga&#8220; fortgesetzt. Sandra hatte keine gro\u00dfe Lust zu Laufen und wir hatten M\u00fche sie zu motivieren. Nachdem sie sich in Sebis Kinderwagen gesetzt hatte und nicht mehr aufstehen wollte, haben wir ihr kurzerhand Sebi auf den Scho\u00df gesetzt und beide geschoben.<\/p>\n<p><img loading=\"lazy\" src=\"https:\/\/i0.wp.com\/tour.gradt.de\/wp-content\/uploads\/2018\/08\/img_4204.jpg?resize=525%2C700\" class=\"wp-image-5676 size-full\" height=\"700\" width=\"525\" srcset=\"https:\/\/i0.wp.com\/tour.gradt.de\/wp-content\/uploads\/2018\/08\/img_4204.jpg?w=2448 2448w, https:\/\/i0.wp.com\/tour.gradt.de\/wp-content\/uploads\/2018\/08\/img_4204.jpg?resize=225%2C300 225w, https:\/\/i0.wp.com\/tour.gradt.de\/wp-content\/uploads\/2018\/08\/img_4204.jpg?resize=768%2C1024 768w, https:\/\/i0.wp.com\/tour.gradt.de\/wp-content\/uploads\/2018\/08\/img_4204.jpg?w=1050 1050w, https:\/\/i0.wp.com\/tour.gradt.de\/wp-content\/uploads\/2018\/08\/img_4204.jpg?w=1575 1575w\" sizes=\"(max-width: 767px) 89vw, (max-width: 1000px) 54vw, (max-width: 1071px) 543px, 580px\" data-recalc-dims=\"1\" \/><\/p>\n<p><img loading=\"lazy\" src=\"https:\/\/i0.wp.com\/tour.gradt.de\/wp-content\/uploads\/2018\/08\/img_4216.jpg?resize=525%2C701\" class=\"wp-image-5679 size-full\" height=\"701\" width=\"525\" srcset=\"https:\/\/i0.wp.com\/tour.gradt.de\/wp-content\/uploads\/2018\/08\/img_4216.jpg?w=640 640w, https:\/\/i0.wp.com\/tour.gradt.de\/wp-content\/uploads\/2018\/08\/img_4216.jpg?resize=225%2C300 225w\" sizes=\"(max-width: 525px) 100vw, 525px\" data-recalc-dims=\"1\" \/><\/p>\n<p>In &#8222;Fiskebrygga&#8220;, einem modernen von Wasser durchzogenen Dorf haben wir uns am Wasser niedergelassen und ein Eis gegessen.<\/p>\n<p>Nach dem Eis war die Laune bei Sandra wieder besser und wir konnten am Theater- und Konzerthaus vorbei zur Stadtpromenade laufen. Ein paar Kunstwerke und eine gro\u00dfe Brunnenlandschaft befinden sich dort.<\/p>\n<p><img loading=\"lazy\" src=\"https:\/\/i0.wp.com\/tour.gradt.de\/wp-content\/uploads\/2018\/08\/img_4213.jpg?resize=525%2C393\" class=\"wp-image-5685 size-full\" height=\"393\" width=\"525\" srcset=\"https:\/\/i0.wp.com\/tour.gradt.de\/wp-content\/uploads\/2018\/08\/img_4213.jpg?w=854 854w, https:\/\/i0.wp.com\/tour.gradt.de\/wp-content\/uploads\/2018\/08\/img_4213.jpg?resize=300%2C225 300w, https:\/\/i0.wp.com\/tour.gradt.de\/wp-content\/uploads\/2018\/08\/img_4213.jpg?resize=768%2C576 768w\" sizes=\"(max-width: 767px) 89vw, (max-width: 1000px) 54vw, (max-width: 1071px) 543px, 580px\" data-recalc-dims=\"1\" \/><img loading=\"lazy\" src=\"https:\/\/i0.wp.com\/tour.gradt.de\/wp-content\/uploads\/2018\/08\/img_4218.jpg?resize=525%2C701\" class=\"wp-image-5682 size-full\" height=\"701\" width=\"525\" srcset=\"https:\/\/i0.wp.com\/tour.gradt.de\/wp-content\/uploads\/2018\/08\/img_4218.jpg?w=640 640w, https:\/\/i0.wp.com\/tour.gradt.de\/wp-content\/uploads\/2018\/08\/img_4218.jpg?resize=225%2C300 225w\" sizes=\"(max-width: 525px) 100vw, 525px\" data-recalc-dims=\"1\" \/><\/p>\n<p><img loading=\"lazy\" src=\"https:\/\/i0.wp.com\/tour.gradt.de\/wp-content\/uploads\/2018\/08\/img_4229.jpg?resize=525%2C394\" class=\"wp-image-5691 size-full\" height=\"394\" width=\"525\" srcset=\"https:\/\/i0.wp.com\/tour.gradt.de\/wp-content\/uploads\/2018\/08\/img_4229.jpg?w=3264 3264w, https:\/\/i0.wp.com\/tour.gradt.de\/wp-content\/uploads\/2018\/08\/img_4229.jpg?resize=300%2C225 300w, https:\/\/i0.wp.com\/tour.gradt.de\/wp-content\/uploads\/2018\/08\/img_4229.jpg?resize=768%2C576 768w, https:\/\/i0.wp.com\/tour.gradt.de\/wp-content\/uploads\/2018\/08\/img_4229.jpg?resize=1024%2C768 1024w, https:\/\/i0.wp.com\/tour.gradt.de\/wp-content\/uploads\/2018\/08\/img_4229.jpg?w=1575 1575w\" sizes=\"(max-width: 767px) 89vw, (max-width: 1000px) 54vw, (max-width: 1071px) 543px, 580px\" data-recalc-dims=\"1\" \/><\/p>\n<p>Sandra und Sebastian haben die Schuhe ausgezogen und sind wie andere Kinder auch durch die Brunnen gelaufen.<\/p>\n<p>Am Nachmittag waren wir zur\u00fcck am WoMo und sind Richtung Oslo aufgebrochen. Auf dem Weg waren wir in \u00c5rendal, der Stadt zu der wir unseren Kindern erz\u00e4hlt haben, dass sie das Vorbild f\u00fcr das Disney-M\u00e4rchen &#8222;Die Eisprinzessin&#8220; ist. Leider ist dort f\u00fcr unser gro\u00dfes Auto kein guter Parkplatz gewesen, dass es nur zum durchfahren gereicht hat.<\/p>\n<p><img loading=\"lazy\" src=\"https:\/\/i0.wp.com\/tour.gradt.de\/wp-content\/uploads\/2018\/08\/img_4241.jpg?resize=525%2C701\" class=\"wp-image-5694 size-full\" height=\"701\" width=\"525\" srcset=\"https:\/\/i0.wp.com\/tour.gradt.de\/wp-content\/uploads\/2018\/08\/img_4241.jpg?w=640 640w, https:\/\/i0.wp.com\/tour.gradt.de\/wp-content\/uploads\/2018\/08\/img_4241.jpg?resize=225%2C300 225w\" sizes=\"(max-width: 525px) 100vw, 525px\" data-recalc-dims=\"1\" \/><\/p>\n<p>Zum Abendessen haben wir in Ris\u00f8r am Yachthafen Stopp gemacht. Christian ist mit den Kindern im Hafen umhergelaufen. Sie haben sich Schiffe angesehen und etwas getobt. Anna hat derweil das Essen vorbereitet und als alle fertig gegessen hatten, ging es f\u00fcr die Kinder ins Bett.<\/p>\n<p>Wir sind noch ein St\u00fcck gefahren, da wir Strom brauchten und stehen heute an einem Stellplatz in T\u00f8nsberg.<\/p>\n","protected":false},"excerpt":{"rendered":"<p>Nach dem Fr\u00fchst\u00fcck heute fr\u00fch sind wir ein paar Minuten in die Innenstadt von Kristiansand gefahren. Wir haben beim Yachthafen geparkt und unseren Stadtbummel angefangen. Das Zentrum ist von quadratischen H\u00e4userblocks im alten nordischem Stil gepr\u00e4gt. Auf norwegisch hei\u00dft das Viertel &#8222;Kvadraturen&#8220;.<\/p>\n","protected":false},"author":1,"featured_media":0,"comment_status":"open","ping_status":"closed","sticky":false,"template":"","format":"standard","meta":{"jetpack_post_was_ever_published":false,"jetpack_publicize_message":"","jetpack_is_tweetstorm":false,"jetpack_publicize_feature_enabled":true},"categories":[59],"tags":[],"jetpack_publicize_connections":[],"jetpack_featured_media_url":"","jetpack_sharing_enabled":true,"jetpack_shortlink":"https:\/\/wp.me\/p9KDky-1tm","jetpack_likes_enabled":true,"_links":{"self":[{"href":"http:\/\/tour.gradt.de\/index.php?rest_route=\/wp\/v2\/posts\/5664"}],"collection":[{"href":"http:\/\/tour.gradt.de\/index.php?rest_route=\/wp\/v2\/posts"}],"about":[{"href":"http:\/\/tour.gradt.de\/index.php?rest_route=\/wp\/v2\/types\/post"}],"author":[{"embeddable":true,"href":"http:\/\/tour.gradt.de\/index.php?rest_route=\/wp\/v2\/users\/1"}],"replies":[{"embeddable":true,"href":"http:\/\/tour.gradt.de\/index.php?rest_route=%2Fwp%2Fv2%2Fcomments&post=5664"}],"version-history":[{"count":3,"href":"http:\/\/tour.gradt.de\/index.php?rest_route=\/wp\/v2\/posts\/5664\/revisions"}],"predecessor-version":[{"id":5697,"href":"http:\/\/tour.gradt.de\/index.php?rest_route=\/wp\/v2\/posts\/5664\/revisions\/5697"}],"wp:attachment":[{"href":"http:\/\/tour.gradt.de\/index.php?rest_route=%2Fwp%2Fv2%2Fmedia&parent=5664"}],"wp:term":[{"taxonomy":"category","embeddable":true,"href":"http:\/\/tour.gradt.de\/index.php?rest_route=%2Fwp%2Fv2%2Fcategories&post=5664"},{"taxonomy":"post_tag","embeddable":true,"href":"http:\/\/tour.gradt.de\/index.php?rest_route=%2Fwp%2Fv2%2Ftags&post=5664"}],"curies":[{"name":"wp","href":"https:\/\/api.w.org\/{rel}","templated":true}]}}