{"id":6247,"date":"2018-08-24T07:22:00","date_gmt":"2018-08-24T05:22:00","guid":{"rendered":"http:\/\/tour.gradt.de\/?p=6247"},"modified":"2018-08-24T07:23:38","modified_gmt":"2018-08-24T05:23:38","slug":"wir-sagen-danke","status":"publish","type":"post","link":"http:\/\/tour.gradt.de\/?p=6247","title":{"rendered":"Wir sagen Danke!"},"content":{"rendered":"<p>Vielen herzlichen Dank an diejenigen, die unsere Beitr\u00e4ge gelesen haben! Damit waren wir auf unserer Reise nicht allein sondern in eurer Begleitung und das hat uns einfach gut getan \ud83d\ude42 Das hat auch motiviert jeden Tag zu schreiben \ud83d\ude42<\/p>\n<p>Vielen Dank an diejenigen, die sich zwischendurch immer mal wieder gemeldet haben. Das w\u00e4rmt die Seele in der Ferne, wenn man wei\u00df, dass es Menschen gibt, die an dich denken.<\/p>\n<p>Vielen Herzlichen Dank an unsere Nachbarn, die auf das Haus und unsere Katze aufgepasst haben. Das Haus steht, die Katze lebt. Vielen, vielen Dank!<\/p>\n<p>Wir sagen Danke Anna&#8217;s Eltern, die hier die Stellung gehalten haben.<\/p>\n<p>Ohne Euch alle w\u00e4re die Reise halb so sch\u00f6n wie mit Euch. Wir konnten das Haus in gutem Gewissen verlassen und haben gewusst, es gibt Menschen auf dieser Welt, f\u00fcr die wir nicht egal sind und die an uns denken und das z\u00e4hlt!!! \ud83d\ude42<\/p>\n<p>Dies ist der letzte Blogbeitrag \u00fcber die Europareise \ud83d\ude42 In Zukunft werden wir ab und zu was \u00fcber unsere n\u00e4chste Erlebnisse mit unserem WoMo schreiben. Deshalb k\u00f6nnt ihr ab und an hier vorbeischauen und vielleicht was Neues entdecken.<\/p>\n<p>Wir freuen uns sehr auf Wiedersehen, sch\u00f6ne Gespr\u00e4che und vielleicht auch gemeinsame Erlebnisse \ud83d\ude42 \ud83d\ude42 \ud83d\ude42<\/p>\n<p>Es gr\u00fc\u00dfen euch herzlich: Anna, Christian, Adrian, Sandra und Sebastian \ud83d\ude42<\/p>\n","protected":false},"excerpt":{"rendered":"<p>Vielen herzlichen Dank an diejenigen, die unsere Beitr\u00e4ge gelesen haben! Damit waren wir auf unserer Reise nicht allein sondern in eurer Begleitung und das hat uns einfach gut getan \ud83d\ude42 Das hat auch motiviert jeden Tag zu schreiben \ud83d\ude42 Vielen Dank an diejenigen, die sich zwischendurch immer mal wieder gemeldet haben. Das w\u00e4rmt die Seele &hellip; <\/p>\n<p class=\"link-more\"><a href=\"http:\/\/tour.gradt.de\/?p=6247\" class=\"more-link\"><span class=\"screen-reader-text\">\u201eWir sagen Danke!\u201c<\/span> weiterlesen<\/a><\/p>\n","protected":false},"author":1,"featured_media":0,"comment_status":"open","ping_status":"closed","sticky":false,"template":"","format":"standard","meta":{"jetpack_post_was_ever_published":false,"jetpack_publicize_message":"","jetpack_is_tweetstorm":false,"jetpack_publicize_feature_enabled":true},"categories":[8],"tags":[],"jetpack_publicize_connections":[],"jetpack_featured_media_url":"","jetpack_sharing_enabled":true,"jetpack_shortlink":"https:\/\/wp.me\/p9KDky-1CL","jetpack_likes_enabled":true,"_links":{"self":[{"href":"http:\/\/tour.gradt.de\/index.php?rest_route=\/wp\/v2\/posts\/6247"}],"collection":[{"href":"http:\/\/tour.gradt.de\/index.php?rest_route=\/wp\/v2\/posts"}],"about":[{"href":"http:\/\/tour.gradt.de\/index.php?rest_route=\/wp\/v2\/types\/post"}],"author":[{"embeddable":true,"href":"http:\/\/tour.gradt.de\/index.php?rest_route=\/wp\/v2\/users\/1"}],"replies":[{"embeddable":true,"href":"http:\/\/tour.gradt.de\/index.php?rest_route=%2Fwp%2Fv2%2Fcomments&post=6247"}],"version-history":[{"count":1,"href":"http:\/\/tour.gradt.de\/index.php?rest_route=\/wp\/v2\/posts\/6247\/revisions"}],"predecessor-version":[{"id":6249,"href":"http:\/\/tour.gradt.de\/index.php?rest_route=\/wp\/v2\/posts\/6247\/revisions\/6249"}],"wp:attachment":[{"href":"http:\/\/tour.gradt.de\/index.php?rest_route=%2Fwp%2Fv2%2Fmedia&parent=6247"}],"wp:term":[{"taxonomy":"category","embeddable":true,"href":"http:\/\/tour.gradt.de\/index.php?rest_route=%2Fwp%2Fv2%2Fcategories&post=6247"},{"taxonomy":"post_tag","embeddable":true,"href":"http:\/\/tour.gradt.de\/index.php?rest_route=%2Fwp%2Fv2%2Ftags&post=6247"}],"curies":[{"name":"wp","href":"https:\/\/api.w.org\/{rel}","templated":true}]}}