{"id":972,"date":"2018-05-06T22:55:29","date_gmt":"2018-05-06T20:55:29","guid":{"rendered":"http:\/\/tour.gradt.de?p=972"},"modified":"2018-05-07T08:47:56","modified_gmt":"2018-05-07T06:47:56","slug":"nix","status":"publish","type":"post","link":"http:\/\/tour.gradt.de\/?p=972","title":{"rendered":"Nix"},"content":{"rendered":"<p>Heute sind wir den ganzen Tag auf dem Campingplatz geblieben. Den Vormittag wollten die Kinder nochmal zum Whirlpool. Und am Nachmittag waren die Kinder so kreativ am Spielen, dass wir das Spiel nicht unterbrechen wollten und sind auf dem Campingplatz geblieben.<\/p>\n<p><!--more-->Sie spielten ADAC-Abschleppdienst und Autowerkstatt mit ihren Fahrr\u00e4dern, haben einen eigenen Campingplatz geplant, haben Grenzkontrollen mit selbstgemachten Fantasiedokumenten durchgef\u00fchrt, Flaggen europ\u00e4ischer L\u00e4nder gemalt, das waren die Spiele unsere Kinder.<\/p>\n<p>Christian und Anna haben andere, nette und erfahrene Camper kennengelernt, die uns tolle Tipps f\u00fcr die weitere Reise gegeben haben. Es ist interessant zu erfahren, wie andere Menschen leben. Wir treffen zum Beispiel schon nicht zum ersten Mal Engl\u00e4nder, die auswandern und im S\u00fcden wohnen. Die Hauptgr\u00fcnde daf\u00fcr sind die politische Situation und die Auswirkung auf das Volk. Wieder andere warten auf den K\u00e4ufer eines Klosters an der Ard\u00e8che, um sich dann hier an der C\u00f4te eine Wohnung zu kaufen, wohnen solange auf dem Campingplatz, da sie hier in der Region bereits arbeiten.<\/p>\n<p>Es war ein entspannter Tag, so dass wir noch mehr die Atmosph\u00e4re auf diesem Campingplatz sp\u00fcren konnten.<\/p>\n<p><img loading=\"lazy\" src=\"https:\/\/i0.wp.com\/tour.gradt.de\/wp-content\/uploads\/2018\/05\/img_7298.jpg?resize=525%2C700\" class=\"wp-image-969 size-full\" height=\"700\" width=\"525\" srcset=\"https:\/\/i0.wp.com\/tour.gradt.de\/wp-content\/uploads\/2018\/05\/img_7298.jpg?w=2448 2448w, https:\/\/i0.wp.com\/tour.gradt.de\/wp-content\/uploads\/2018\/05\/img_7298.jpg?resize=225%2C300 225w, https:\/\/i0.wp.com\/tour.gradt.de\/wp-content\/uploads\/2018\/05\/img_7298.jpg?resize=768%2C1024 768w, https:\/\/i0.wp.com\/tour.gradt.de\/wp-content\/uploads\/2018\/05\/img_7298.jpg?w=1050 1050w, https:\/\/i0.wp.com\/tour.gradt.de\/wp-content\/uploads\/2018\/05\/img_7298.jpg?w=1575 1575w\" sizes=\"(max-width: 767px) 89vw, (max-width: 1000px) 54vw, (max-width: 1071px) 543px, 580px\" data-recalc-dims=\"1\" \/><img loading=\"lazy\" src=\"https:\/\/i0.wp.com\/tour.gradt.de\/wp-content\/uploads\/2018\/05\/img_7300.jpg?resize=525%2C700\" class=\"wp-image-970 size-full\" height=\"700\" width=\"525\" srcset=\"https:\/\/i0.wp.com\/tour.gradt.de\/wp-content\/uploads\/2018\/05\/img_7300.jpg?w=2448 2448w, https:\/\/i0.wp.com\/tour.gradt.de\/wp-content\/uploads\/2018\/05\/img_7300.jpg?resize=225%2C300 225w, https:\/\/i0.wp.com\/tour.gradt.de\/wp-content\/uploads\/2018\/05\/img_7300.jpg?resize=768%2C1024 768w, https:\/\/i0.wp.com\/tour.gradt.de\/wp-content\/uploads\/2018\/05\/img_7300.jpg?w=1050 1050w, https:\/\/i0.wp.com\/tour.gradt.de\/wp-content\/uploads\/2018\/05\/img_7300.jpg?w=1575 1575w\" sizes=\"(max-width: 767px) 89vw, (max-width: 1000px) 54vw, (max-width: 1071px) 543px, 580px\" data-recalc-dims=\"1\" \/><img loading=\"lazy\" src=\"https:\/\/i0.wp.com\/tour.gradt.de\/wp-content\/uploads\/2018\/05\/img_7304.jpg?resize=525%2C700\" class=\"wp-image-971 size-full\" height=\"700\" width=\"525\" srcset=\"https:\/\/i0.wp.com\/tour.gradt.de\/wp-content\/uploads\/2018\/05\/img_7304.jpg?w=2448 2448w, https:\/\/i0.wp.com\/tour.gradt.de\/wp-content\/uploads\/2018\/05\/img_7304.jpg?resize=225%2C300 225w, https:\/\/i0.wp.com\/tour.gradt.de\/wp-content\/uploads\/2018\/05\/img_7304.jpg?resize=768%2C1024 768w, https:\/\/i0.wp.com\/tour.gradt.de\/wp-content\/uploads\/2018\/05\/img_7304.jpg?w=1050 1050w, https:\/\/i0.wp.com\/tour.gradt.de\/wp-content\/uploads\/2018\/05\/img_7304.jpg?w=1575 1575w\" sizes=\"(max-width: 767px) 89vw, (max-width: 1000px) 54vw, (max-width: 1071px) 543px, 580px\" data-recalc-dims=\"1\" \/><\/p>\n<p><img src=\"placeholder:\/\/\"><\/p>\n","protected":false},"excerpt":{"rendered":"<p>Heute sind wir den ganzen Tag auf dem Campingplatz geblieben. Den Vormittag wollten die Kinder nochmal zum Whirlpool. Und am Nachmittag waren die Kinder so kreativ am Spielen, dass wir das Spiel nicht unterbrechen wollten und sind auf dem Campingplatz geblieben.<\/p>\n","protected":false},"author":1,"featured_media":969,"comment_status":"open","ping_status":"closed","sticky":false,"template":"","format":"standard","meta":{"jetpack_post_was_ever_published":false,"jetpack_publicize_message":"","jetpack_is_tweetstorm":false,"jetpack_publicize_feature_enabled":true},"categories":[5],"tags":[],"jetpack_publicize_connections":[],"jetpack_featured_media_url":"https:\/\/i0.wp.com\/tour.gradt.de\/wp-content\/uploads\/2018\/05\/img_7298.jpg?fit=2448%2C3264","jetpack_sharing_enabled":true,"jetpack_shortlink":"https:\/\/wp.me\/s9KDky-nix","jetpack_likes_enabled":true,"_links":{"self":[{"href":"http:\/\/tour.gradt.de\/index.php?rest_route=\/wp\/v2\/posts\/972"}],"collection":[{"href":"http:\/\/tour.gradt.de\/index.php?rest_route=\/wp\/v2\/posts"}],"about":[{"href":"http:\/\/tour.gradt.de\/index.php?rest_route=\/wp\/v2\/types\/post"}],"author":[{"embeddable":true,"href":"http:\/\/tour.gradt.de\/index.php?rest_route=\/wp\/v2\/users\/1"}],"replies":[{"embeddable":true,"href":"http:\/\/tour.gradt.de\/index.php?rest_route=%2Fwp%2Fv2%2Fcomments&post=972"}],"version-history":[{"count":7,"href":"http:\/\/tour.gradt.de\/index.php?rest_route=\/wp\/v2\/posts\/972\/revisions"}],"predecessor-version":[{"id":983,"href":"http:\/\/tour.gradt.de\/index.php?rest_route=\/wp\/v2\/posts\/972\/revisions\/983"}],"wp:featuredmedia":[{"embeddable":true,"href":"http:\/\/tour.gradt.de\/index.php?rest_route=\/wp\/v2\/media\/969"}],"wp:attachment":[{"href":"http:\/\/tour.gradt.de\/index.php?rest_route=%2Fwp%2Fv2%2Fmedia&parent=972"}],"wp:term":[{"taxonomy":"category","embeddable":true,"href":"http:\/\/tour.gradt.de\/index.php?rest_route=%2Fwp%2Fv2%2Fcategories&post=972"},{"taxonomy":"post_tag","embeddable":true,"href":"http:\/\/tour.gradt.de\/index.php?rest_route=%2Fwp%2Fv2%2Ftags&post=972"}],"curies":[{"name":"wp","href":"https:\/\/api.w.org\/{rel}","templated":true}]}}