{"id":1048,"date":"2018-05-09T23:36:34","date_gmt":"2018-05-09T21:36:34","guid":{"rendered":"http:\/\/tour.gradt.de?p=1048"},"modified":"2018-05-09T23:36:38","modified_gmt":"2018-05-09T21:36:38","slug":"mauer-von-alassio","status":"publish","type":"post","link":"https:\/\/tour.gradt.de\/?p=1048","title":{"rendered":"Mauer von Alassio"},"content":{"rendered":"<p>Es war heute bew\u00f6lkt und Regen gemeldet. Zuerst haben wir gedacht wir fahren ein St\u00fcckchen und besuchen vielleicht einen Indoorspielplatz, jedoch ist der Tag komplett anderes gelaufen. Nach dem Fr\u00fchst\u00fcck sind wir losgefahren und die drei Kinder waren m\u00fcde und verschlafen. Alle haben bis weit nach Mittag geschlafen &#8211; und so lange sie schlafen wird weiter und weiter gefahren. Dabei haben wir die malerische K\u00fcste Liguriens genossen.<\/p>\n<p><!--more-->Auf dem Weg haben wir einen Stopp in Alassio gemacht. Solange die Kinder weiter geschlafen haben, haben wir direkt gegen\u00fcber geparkt, sind ganz, ganz leise ausgestiegen und haben die ber\u00fchmte &#8222;Mauer von Alassio&#8220; besichtigt. Eine lange Mauer mit 950 Kacheln versehen mit den Autogrammen von Stars und Prominenten aus Kultur, Film und Fernsehen. Sogar die Weltmeistermannschaft der Italiener um Dino Zoff hat sich dort verewigt! An der Mauer haben wir eine Rentnergruppe aus der M\u00fcnchener Gegend getroffen, die um die Bedeutung nicht wusste und die sich nach unseren Erl\u00e4uterungen noch sehr f\u00fcr uns und unsere Reise interessiert haben.<\/p>\n<p>Unser &#8222;Zu Hause&#8220; hatten wir die ganze Zeit im Blick. Als wir zur\u00fcck waren, haben die Kinder immer noch geschlafen. Also sind wir weiter auf der &#8222;Via Aurelia&#8220; in Richtung Savona gefahren. Am fr\u00fchen Nachmittag haben wir uns zum &#8222;Mittagessen&#8220; bei Mc Donalds entschieden &#8211; gro\u00dfer Jubel von Hinten. Wie \u00fcblich ist die Burgerbude in ein Einkaufszentrum integriert und so haben Kleinigkeiten eingekauft und sind weiter.<\/p>\n<p>Auf unserem Radar haben wir einen Stellplatz am Strand gesucht, aber leider nicht gefunden. In dieser Gegend ist es allgemein irgendwie etwas d\u00fcnn mit den Stellpl\u00e4tzen.<\/p>\n<p>Jetzt stehen wir auf einem Stellplatz in Celle Ligure zwischen Savona und Genua. Den Nachmittag haben wir auf dem Spielplatz neben unserem Stellplatz verbracht.<\/p>\n<p>Nachdem Anna gemerkt hat, dass wir nur etwa 800km von zu Hause weg sind &#8211; also so nah wie lange nicht mehr &#8211; sind bei Anna leichte Heimweh-Gedanken aufgekommen. Doch durch die quirligen Kinder konnten diese schnell wieder weggefegt werden.<\/p>\n<p><img loading=\"lazy\" src=\"https:\/\/i0.wp.com\/tour.gradt.de\/wp-content\/uploads\/2018\/05\/img_7477.jpg?resize=525%2C700\" class=\"size-full wp-image-1040\" height=\"700\" width=\"525\" srcset=\"https:\/\/i0.wp.com\/tour.gradt.de\/wp-content\/uploads\/2018\/05\/img_7477.jpg?w=2448&amp;ssl=1 2448w, https:\/\/i0.wp.com\/tour.gradt.de\/wp-content\/uploads\/2018\/05\/img_7477.jpg?resize=225%2C300&amp;ssl=1 225w, https:\/\/i0.wp.com\/tour.gradt.de\/wp-content\/uploads\/2018\/05\/img_7477.jpg?resize=768%2C1024&amp;ssl=1 768w, https:\/\/i0.wp.com\/tour.gradt.de\/wp-content\/uploads\/2018\/05\/img_7477.jpg?w=1050 1050w, https:\/\/i0.wp.com\/tour.gradt.de\/wp-content\/uploads\/2018\/05\/img_7477.jpg?w=1575 1575w\" sizes=\"(max-width: 767px) 89vw, (max-width: 1000px) 54vw, (max-width: 1071px) 543px, 580px\" data-recalc-dims=\"1\" \/><img loading=\"lazy\" src=\"https:\/\/i0.wp.com\/tour.gradt.de\/wp-content\/uploads\/2018\/05\/img_7472.jpg?resize=525%2C700\" class=\"size-full wp-image-1041\" height=\"700\" width=\"525\" srcset=\"https:\/\/i0.wp.com\/tour.gradt.de\/wp-content\/uploads\/2018\/05\/img_7472.jpg?w=2448&amp;ssl=1 2448w, https:\/\/i0.wp.com\/tour.gradt.de\/wp-content\/uploads\/2018\/05\/img_7472.jpg?resize=225%2C300&amp;ssl=1 225w, https:\/\/i0.wp.com\/tour.gradt.de\/wp-content\/uploads\/2018\/05\/img_7472.jpg?resize=768%2C1024&amp;ssl=1 768w, https:\/\/i0.wp.com\/tour.gradt.de\/wp-content\/uploads\/2018\/05\/img_7472.jpg?w=1050 1050w, https:\/\/i0.wp.com\/tour.gradt.de\/wp-content\/uploads\/2018\/05\/img_7472.jpg?w=1575 1575w\" sizes=\"(max-width: 767px) 89vw, (max-width: 1000px) 54vw, (max-width: 1071px) 543px, 580px\" data-recalc-dims=\"1\" \/><img loading=\"lazy\" src=\"https:\/\/i0.wp.com\/tour.gradt.de\/wp-content\/uploads\/2018\/05\/img_7481.jpg?resize=525%2C700\" class=\"wp-image-1043 size-full\" height=\"700\" width=\"525\" srcset=\"https:\/\/i0.wp.com\/tour.gradt.de\/wp-content\/uploads\/2018\/05\/img_7481.jpg?w=2448&amp;ssl=1 2448w, https:\/\/i0.wp.com\/tour.gradt.de\/wp-content\/uploads\/2018\/05\/img_7481.jpg?resize=225%2C300&amp;ssl=1 225w, https:\/\/i0.wp.com\/tour.gradt.de\/wp-content\/uploads\/2018\/05\/img_7481.jpg?resize=768%2C1024&amp;ssl=1 768w, https:\/\/i0.wp.com\/tour.gradt.de\/wp-content\/uploads\/2018\/05\/img_7481.jpg?w=1050 1050w, https:\/\/i0.wp.com\/tour.gradt.de\/wp-content\/uploads\/2018\/05\/img_7481.jpg?w=1575 1575w\" sizes=\"(max-width: 767px) 89vw, (max-width: 1000px) 54vw, (max-width: 1071px) 543px, 580px\" data-recalc-dims=\"1\" \/><img loading=\"lazy\" src=\"https:\/\/i0.wp.com\/tour.gradt.de\/wp-content\/uploads\/2018\/05\/img_7484.jpg?resize=525%2C700\" class=\"wp-image-1042 size-full\" height=\"700\" width=\"525\" srcset=\"https:\/\/i0.wp.com\/tour.gradt.de\/wp-content\/uploads\/2018\/05\/img_7484.jpg?w=2448&amp;ssl=1 2448w, https:\/\/i0.wp.com\/tour.gradt.de\/wp-content\/uploads\/2018\/05\/img_7484.jpg?resize=225%2C300&amp;ssl=1 225w, https:\/\/i0.wp.com\/tour.gradt.de\/wp-content\/uploads\/2018\/05\/img_7484.jpg?resize=768%2C1024&amp;ssl=1 768w, https:\/\/i0.wp.com\/tour.gradt.de\/wp-content\/uploads\/2018\/05\/img_7484.jpg?w=1050 1050w, https:\/\/i0.wp.com\/tour.gradt.de\/wp-content\/uploads\/2018\/05\/img_7484.jpg?w=1575 1575w\" sizes=\"(max-width: 767px) 89vw, (max-width: 1000px) 54vw, (max-width: 1071px) 543px, 580px\" data-recalc-dims=\"1\" \/><img loading=\"lazy\" src=\"https:\/\/i0.wp.com\/tour.gradt.de\/wp-content\/uploads\/2018\/05\/img_7490.jpg?resize=525%2C700\" class=\"size-full wp-image-1045\" height=\"700\" width=\"525\" srcset=\"https:\/\/i0.wp.com\/tour.gradt.de\/wp-content\/uploads\/2018\/05\/img_7490.jpg?w=2448&amp;ssl=1 2448w, https:\/\/i0.wp.com\/tour.gradt.de\/wp-content\/uploads\/2018\/05\/img_7490.jpg?resize=225%2C300&amp;ssl=1 225w, https:\/\/i0.wp.com\/tour.gradt.de\/wp-content\/uploads\/2018\/05\/img_7490.jpg?resize=768%2C1024&amp;ssl=1 768w, https:\/\/i0.wp.com\/tour.gradt.de\/wp-content\/uploads\/2018\/05\/img_7490.jpg?w=1050 1050w, https:\/\/i0.wp.com\/tour.gradt.de\/wp-content\/uploads\/2018\/05\/img_7490.jpg?w=1575 1575w\" sizes=\"(max-width: 767px) 89vw, (max-width: 1000px) 54vw, (max-width: 1071px) 543px, 580px\" data-recalc-dims=\"1\" \/><img loading=\"lazy\" src=\"https:\/\/i0.wp.com\/tour.gradt.de\/wp-content\/uploads\/2018\/05\/img_7500.jpg?resize=525%2C700\" class=\"size-full wp-image-1044\" height=\"700\" width=\"525\" srcset=\"https:\/\/i0.wp.com\/tour.gradt.de\/wp-content\/uploads\/2018\/05\/img_7500.jpg?w=2448&amp;ssl=1 2448w, https:\/\/i0.wp.com\/tour.gradt.de\/wp-content\/uploads\/2018\/05\/img_7500.jpg?resize=225%2C300&amp;ssl=1 225w, https:\/\/i0.wp.com\/tour.gradt.de\/wp-content\/uploads\/2018\/05\/img_7500.jpg?resize=768%2C1024&amp;ssl=1 768w, https:\/\/i0.wp.com\/tour.gradt.de\/wp-content\/uploads\/2018\/05\/img_7500.jpg?w=1050 1050w, https:\/\/i0.wp.com\/tour.gradt.de\/wp-content\/uploads\/2018\/05\/img_7500.jpg?w=1575 1575w\" sizes=\"(max-width: 767px) 89vw, (max-width: 1000px) 54vw, (max-width: 1071px) 543px, 580px\" data-recalc-dims=\"1\" \/><img loading=\"lazy\" src=\"https:\/\/i0.wp.com\/tour.gradt.de\/wp-content\/uploads\/2018\/05\/img_7508.jpg?resize=525%2C700\" class=\"size-full wp-image-1046\" height=\"700\" width=\"525\" srcset=\"https:\/\/i0.wp.com\/tour.gradt.de\/wp-content\/uploads\/2018\/05\/img_7508.jpg?w=2448&amp;ssl=1 2448w, https:\/\/i0.wp.com\/tour.gradt.de\/wp-content\/uploads\/2018\/05\/img_7508.jpg?resize=225%2C300&amp;ssl=1 225w, https:\/\/i0.wp.com\/tour.gradt.de\/wp-content\/uploads\/2018\/05\/img_7508.jpg?resize=768%2C1024&amp;ssl=1 768w, https:\/\/i0.wp.com\/tour.gradt.de\/wp-content\/uploads\/2018\/05\/img_7508.jpg?w=1050 1050w, https:\/\/i0.wp.com\/tour.gradt.de\/wp-content\/uploads\/2018\/05\/img_7508.jpg?w=1575 1575w\" sizes=\"(max-width: 767px) 89vw, (max-width: 1000px) 54vw, (max-width: 1071px) 543px, 580px\" data-recalc-dims=\"1\" \/><img loading=\"lazy\" src=\"https:\/\/i0.wp.com\/tour.gradt.de\/wp-content\/uploads\/2018\/05\/img_7515.jpg?resize=525%2C700\" class=\"wp-image-1047 size-full\" height=\"700\" width=\"525\" srcset=\"https:\/\/i0.wp.com\/tour.gradt.de\/wp-content\/uploads\/2018\/05\/img_7515.jpg?w=2448&amp;ssl=1 2448w, https:\/\/i0.wp.com\/tour.gradt.de\/wp-content\/uploads\/2018\/05\/img_7515.jpg?resize=225%2C300&amp;ssl=1 225w, https:\/\/i0.wp.com\/tour.gradt.de\/wp-content\/uploads\/2018\/05\/img_7515.jpg?resize=768%2C1024&amp;ssl=1 768w, https:\/\/i0.wp.com\/tour.gradt.de\/wp-content\/uploads\/2018\/05\/img_7515.jpg?w=1050 1050w, https:\/\/i0.wp.com\/tour.gradt.de\/wp-content\/uploads\/2018\/05\/img_7515.jpg?w=1575 1575w\" sizes=\"(max-width: 767px) 89vw, (max-width: 1000px) 54vw, (max-width: 1071px) 543px, 580px\" data-recalc-dims=\"1\" \/><\/p>\n","protected":false},"excerpt":{"rendered":"<p>Es war heute bew\u00f6lkt und Regen gemeldet. Zuerst haben wir gedacht wir fahren ein St\u00fcckchen und besuchen vielleicht einen Indoorspielplatz, jedoch ist der Tag komplett anderes gelaufen. Nach dem Fr\u00fchst\u00fcck sind wir losgefahren und die drei Kinder waren m\u00fcde und verschlafen. Alle haben bis weit nach Mittag geschlafen &#8211; und so lange sie schlafen wird &hellip; <\/p>\n<p class=\"link-more\"><a href=\"https:\/\/tour.gradt.de\/?p=1048\" class=\"more-link\"><span class=\"screen-reader-text\">\u201eMauer von Alassio\u201c<\/span> weiterlesen<\/a><\/p>\n","protected":false},"author":1,"featured_media":1041,"comment_status":"open","ping_status":"closed","sticky":false,"template":"","format":"standard","meta":{"jetpack_post_was_ever_published":false,"jetpack_publicize_message":"","jetpack_is_tweetstorm":false,"jetpack_publicize_feature_enabled":true},"categories":[18],"tags":[],"jetpack_publicize_connections":[],"jetpack_featured_media_url":"https:\/\/i0.wp.com\/tour.gradt.de\/wp-content\/uploads\/2018\/05\/img_7472.jpg?fit=2448%2C3264&ssl=1","jetpack_sharing_enabled":true,"jetpack_shortlink":"https:\/\/wp.me\/p9KDky-gU","jetpack_likes_enabled":true,"_links":{"self":[{"href":"https:\/\/tour.gradt.de\/index.php?rest_route=\/wp\/v2\/posts\/1048"}],"collection":[{"href":"https:\/\/tour.gradt.de\/index.php?rest_route=\/wp\/v2\/posts"}],"about":[{"href":"https:\/\/tour.gradt.de\/index.php?rest_route=\/wp\/v2\/types\/post"}],"author":[{"embeddable":true,"href":"https:\/\/tour.gradt.de\/index.php?rest_route=\/wp\/v2\/users\/1"}],"replies":[{"embeddable":true,"href":"https:\/\/tour.gradt.de\/index.php?rest_route=%2Fwp%2Fv2%2Fcomments&post=1048"}],"version-history":[{"count":2,"href":"https:\/\/tour.gradt.de\/index.php?rest_route=\/wp\/v2\/posts\/1048\/revisions"}],"predecessor-version":[{"id":1051,"href":"https:\/\/tour.gradt.de\/index.php?rest_route=\/wp\/v2\/posts\/1048\/revisions\/1051"}],"wp:featuredmedia":[{"embeddable":true,"href":"https:\/\/tour.gradt.de\/index.php?rest_route=\/wp\/v2\/media\/1041"}],"wp:attachment":[{"href":"https:\/\/tour.gradt.de\/index.php?rest_route=%2Fwp%2Fv2%2Fmedia&parent=1048"}],"wp:term":[{"taxonomy":"category","embeddable":true,"href":"https:\/\/tour.gradt.de\/index.php?rest_route=%2Fwp%2Fv2%2Fcategories&post=1048"},{"taxonomy":"post_tag","embeddable":true,"href":"https:\/\/tour.gradt.de\/index.php?rest_route=%2Fwp%2Fv2%2Ftags&post=1048"}],"curies":[{"name":"wp","href":"https:\/\/api.w.org\/{rel}","templated":true}]}}