{"id":110,"date":"2018-03-07T20:57:59","date_gmt":"2018-03-07T19:57:59","guid":{"rendered":"http:\/\/tour.gradt.de\/?p=110"},"modified":"2018-04-19T11:40:03","modified_gmt":"2018-04-19T09:40:03","slug":"eviva-espana","status":"publish","type":"post","link":"https:\/\/tour.gradt.de\/?p=110","title":{"rendered":"Eviva Espa\u00f1a!"},"content":{"rendered":"<p>Nach einer sehr regnerischen Nacht in Cadillac haben wir unser Fr\u00fchst\u00fcck kurz gehalten und sind recht fr\u00fch in Richtung spanische Grenze aufgebrochen.<\/p>\n<p>Am Lac d&#8217;Hossegor haben wir Mittagspause gemacht und sind in der Sonne an der Promenade gelaufen.<\/p>\n<p>Danach haben wir die malerische K\u00fcste von Bayonne bis Biarritz befahren und nicht nur die Kinder haben gestaunt wie die K\u00fcste hier aussieht und in den St\u00e4dten bebaut ist.<\/p>\n<p>Noch ein letzter Einkauf in Frankreich und ab \u00fcber die Grenze zu einem ruhigen Stellplatz am Rand von San Sebasti\u00e1n in Spanien.<\/p>\n<p><img src=\"https:\/\/i0.wp.com\/tour.gradt.de\/wp-content\/uploads\/2018\/03\/img_4097.jpg?w=525\" class=\"size-full\" data-recalc-dims=\"1\"><img src=\"https:\/\/i0.wp.com\/tour.gradt.de\/wp-content\/uploads\/2018\/03\/img_4107.jpg?w=525\" class=\"size-full\" data-recalc-dims=\"1\"><img src=\"https:\/\/i0.wp.com\/tour.gradt.de\/wp-content\/uploads\/2018\/03\/img_4088.jpg?w=525\" class=\"size-full\" data-recalc-dims=\"1\"><\/p>\n","protected":false},"excerpt":{"rendered":"<p>Nach einer sehr regnerischen Nacht in Cadillac haben wir unser Fr\u00fchst\u00fcck kurz gehalten und sind recht fr\u00fch in Richtung spanische Grenze aufgebrochen. Am Lac d&#8217;Hossegor haben wir Mittagspause gemacht und sind in der Sonne an der Promenade gelaufen. Danach haben wir die malerische K\u00fcste von Bayonne bis Biarritz befahren und nicht nur die Kinder haben &hellip; <\/p>\n<p class=\"link-more\"><a href=\"https:\/\/tour.gradt.de\/?p=110\" class=\"more-link\"><span class=\"screen-reader-text\">\u201eEviva Espa\u00f1a!\u201c<\/span> weiterlesen<\/a><\/p>\n","protected":false},"author":2,"featured_media":0,"comment_status":"open","ping_status":"open","sticky":false,"template":"","format":"standard","meta":{"jetpack_post_was_ever_published":false,"jetpack_publicize_message":"","jetpack_is_tweetstorm":false,"jetpack_publicize_feature_enabled":true},"categories":[5,18],"tags":[],"jetpack_publicize_connections":[],"jetpack_featured_media_url":"","jetpack_sharing_enabled":true,"jetpack_shortlink":"https:\/\/wp.me\/p9KDky-1M","jetpack_likes_enabled":true,"_links":{"self":[{"href":"https:\/\/tour.gradt.de\/index.php?rest_route=\/wp\/v2\/posts\/110"}],"collection":[{"href":"https:\/\/tour.gradt.de\/index.php?rest_route=\/wp\/v2\/posts"}],"about":[{"href":"https:\/\/tour.gradt.de\/index.php?rest_route=\/wp\/v2\/types\/post"}],"author":[{"embeddable":true,"href":"https:\/\/tour.gradt.de\/index.php?rest_route=\/wp\/v2\/users\/2"}],"replies":[{"embeddable":true,"href":"https:\/\/tour.gradt.de\/index.php?rest_route=%2Fwp%2Fv2%2Fcomments&post=110"}],"version-history":[{"count":1,"href":"https:\/\/tour.gradt.de\/index.php?rest_route=\/wp\/v2\/posts\/110\/revisions"}],"predecessor-version":[{"id":111,"href":"https:\/\/tour.gradt.de\/index.php?rest_route=\/wp\/v2\/posts\/110\/revisions\/111"}],"wp:attachment":[{"href":"https:\/\/tour.gradt.de\/index.php?rest_route=%2Fwp%2Fv2%2Fmedia&parent=110"}],"wp:term":[{"taxonomy":"category","embeddable":true,"href":"https:\/\/tour.gradt.de\/index.php?rest_route=%2Fwp%2Fv2%2Fcategories&post=110"},{"taxonomy":"post_tag","embeddable":true,"href":"https:\/\/tour.gradt.de\/index.php?rest_route=%2Fwp%2Fv2%2Ftags&post=110"}],"curies":[{"name":"wp","href":"https:\/\/api.w.org\/{rel}","templated":true}]}}