{"id":114,"date":"2018-03-08T20:32:41","date_gmt":"2018-03-08T20:32:41","guid":{"rendered":"http:\/\/tour.gradt.de\/?p=114"},"modified":"2018-04-05T21:32:38","modified_gmt":"2018-04-05T21:32:38","slug":"san-sebastian","status":"publish","type":"post","link":"https:\/\/tour.gradt.de\/?p=114","title":{"rendered":"San Sebasti\u00e1n"},"content":{"rendered":"<p>Heute sind wir keinen einzigen Kilometer mit unserem WoMo gefahren. Wir haben entschieden ins Schwimmbad zu gehen und die Stadt San Sebasti\u00e1n, wo wir auch die letzte Nacht \u00fcbernachtet haben, unter die Lupe zu nehmen. Es war ein sonniger, warmer Tag, +15 Grad. Gleich nach dem Fr\u00fchst\u00fcck sind wir mit dem Bus in die Stadt gefahren. Direkt in der Innenstadt unter der Promenade am atlantischen Ozean ist das Schwimmbad &#8222;Hegalak&#8220;. Man kann aus dem Schwimmbad direkt an den Strand gehen, doch dieser Bereich war noch zu, da es noch au\u00dferhalb der Saison ist.<\/p>\n<p>Am Nachmittag sind wir an der Promenade spazieren gegangen. Wundersch\u00f6ne Natur und eine gem\u00fctliche Atmosph\u00e4re hat uns einfach eingesaugt. Palmen, unendliches Wasser, tolle Architektur und spanische Stra\u00dfenmusiker haben uns in dieser Stadt fasziniert. Am Ende der ber\u00fchmten Strandpromenade &#8222;la Concha&#8220; gab es ein Karussell und einen Spielplatz. Die Kinder haben getobt, waren schon bald m\u00fcde und wollten zur\u00fcck ins WoMo. Wir haben uns schwer getan diese tolle Atmosph\u00e4re zu verlassen. Wir kommen bestimmt irgendwann wieder!<\/p>\n<p>Morgen wird&#8217;s hier regnen, also werden wir Morgen in Richtung S\u00fcdwesten aufbrechen.<img src=\"https:\/\/i0.wp.com\/tour.gradt.de\/wp-content\/uploads\/2018\/03\/img_4126.jpg?w=525\" class=\"size-full\" data-recalc-dims=\"1\"><img src=\"https:\/\/i0.wp.com\/tour.gradt.de\/wp-content\/uploads\/2018\/03\/img_4121.jpg?w=525\" class=\"size-full\" data-recalc-dims=\"1\"><img src=\"https:\/\/i0.wp.com\/tour.gradt.de\/wp-content\/uploads\/2018\/03\/img_4113.jpg?w=525\" class=\"size-full\" data-recalc-dims=\"1\"><img src=\"https:\/\/i0.wp.com\/tour.gradt.de\/wp-content\/uploads\/2018\/03\/img_4116.jpg?w=525\" class=\"size-full\" data-recalc-dims=\"1\"><img src=\"https:\/\/i0.wp.com\/tour.gradt.de\/wp-content\/uploads\/2018\/03\/img_4118.jpg?w=525\" class=\"size-full\" data-recalc-dims=\"1\"><\/p>\n","protected":false},"excerpt":{"rendered":"<p>Heute sind wir keinen einzigen Kilometer mit unserem WoMo gefahren. Wir haben entschieden ins Schwimmbad zu gehen und die Stadt San Sebasti\u00e1n, wo wir auch die letzte Nacht \u00fcbernachtet haben, unter die Lupe zu nehmen. Es war ein sonniger, warmer Tag, +15 Grad. Gleich nach dem Fr\u00fchst\u00fcck sind wir mit dem Bus in die Stadt &hellip; <\/p>\n<p class=\"link-more\"><a href=\"https:\/\/tour.gradt.de\/?p=114\" class=\"more-link\"><span class=\"screen-reader-text\">\u201eSan Sebasti\u00e1n\u201c<\/span> weiterlesen<\/a><\/p>\n","protected":false},"author":2,"featured_media":0,"comment_status":"open","ping_status":"open","sticky":false,"template":"","format":"standard","meta":{"jetpack_post_was_ever_published":false,"jetpack_publicize_message":"","jetpack_is_tweetstorm":false,"jetpack_publicize_feature_enabled":true},"categories":[18],"tags":[],"jetpack_publicize_connections":[],"jetpack_featured_media_url":"","jetpack_sharing_enabled":true,"jetpack_shortlink":"https:\/\/wp.me\/p9KDky-1Q","jetpack_likes_enabled":true,"_links":{"self":[{"href":"https:\/\/tour.gradt.de\/index.php?rest_route=\/wp\/v2\/posts\/114"}],"collection":[{"href":"https:\/\/tour.gradt.de\/index.php?rest_route=\/wp\/v2\/posts"}],"about":[{"href":"https:\/\/tour.gradt.de\/index.php?rest_route=\/wp\/v2\/types\/post"}],"author":[{"embeddable":true,"href":"https:\/\/tour.gradt.de\/index.php?rest_route=\/wp\/v2\/users\/2"}],"replies":[{"embeddable":true,"href":"https:\/\/tour.gradt.de\/index.php?rest_route=%2Fwp%2Fv2%2Fcomments&post=114"}],"version-history":[{"count":4,"href":"https:\/\/tour.gradt.de\/index.php?rest_route=\/wp\/v2\/posts\/114\/revisions"}],"predecessor-version":[{"id":123,"href":"https:\/\/tour.gradt.de\/index.php?rest_route=\/wp\/v2\/posts\/114\/revisions\/123"}],"wp:attachment":[{"href":"https:\/\/tour.gradt.de\/index.php?rest_route=%2Fwp%2Fv2%2Fmedia&parent=114"}],"wp:term":[{"taxonomy":"category","embeddable":true,"href":"https:\/\/tour.gradt.de\/index.php?rest_route=%2Fwp%2Fv2%2Fcategories&post=114"},{"taxonomy":"post_tag","embeddable":true,"href":"https:\/\/tour.gradt.de\/index.php?rest_route=%2Fwp%2Fv2%2Ftags&post=114"}],"curies":[{"name":"wp","href":"https:\/\/api.w.org\/{rel}","templated":true}]}}