{"id":1161,"date":"2018-05-27T23:50:59","date_gmt":"2018-05-27T21:50:59","guid":{"rendered":"http:\/\/tour.gradt.de?p=1161"},"modified":"2018-05-31T09:07:40","modified_gmt":"2018-05-31T07:07:40","slug":"prachtvolles-siena","status":"publish","type":"post","link":"https:\/\/tour.gradt.de\/?p=1161","title":{"rendered":"Prachtvolles Siena"},"content":{"rendered":"<p>Auf dem Campingplatz Le Soline in Casciano, wo wir heute stehen gibt es ein Schwimmbad. Die Kinder waren ungeduldig und wollten gleich zum Planschen. Also gleich nach dem Fr\u00fchst\u00fcck ist Christian mit den Kindern hin. Anna hat noch etwas aufger\u00e4umt und ist dazugekommen. Ein gro\u00dfes Becken zum Bahnen schwimmen, ein Kinderbecken, ein Whirlpool unter dem Glasdach und ein kleiner Spielplatz waren dabei. 4 Stunden haben wir dort verbracht, weil es so sch\u00f6n warm war und den Kindern unheimlich Spa\u00df gemacht hat. Au\u00dfer Campingplatz und Schwimmbad wollten wir heute noch was erleben.<\/p>\n<p>Gegen 15 Uhr haben wir den Campingplatz verlassen und sind Richtung Siena gefahren, um dieses sehr altes, toskanisches Schmuckst\u00fcck unter die Lupe zu nehmen. Als wir dort angekommen sind, haben wir zum Gl\u00fcck schnell einen Parkplatz nah Innenstadt gefunden und sonntags war er sogar kostenlos. Kurz nach dem wir losgezogen sind, hat es angefangen wie aus Eimern zu regnen. Wir haben uns zu erst unter einen Baum gestellt. Der Regen wurde st\u00e4rker und st\u00e4rker und was dann so stark, dass der Baum als Schutz \u00fcberhaupt nicht mehr geholfen hat. Ein Spielplatz war in der N\u00e4he, wir haben uns in ein sehr kleines Spielh\u00e4uschen reingequetscht, alle f\u00fcnf \ud83d\ude42 aber auch das hat nicht geholfen. Dann haben wir uns entschieden im str\u00f6menden Regen unter das Dach eines Geb\u00e4udes, das etwas weiter von uns weg war, zu rennen. Dort konnten wir abwarten bis der Regen vorbei war. Wir waren pitschnass. eine \u00dcberlegung war zur\u00fcck ins Wohnmobil zu laufen, um uns umzuziehen. Sind dann doch weiter in die Stadt, da es wieder 30 Grad drau\u00dfen war und wir somit schnell wieder trocken \ud83d\ude42<\/p>\n<p>Siena gilt als eine der sch\u00f6nsten St\u00e4dte der Toskana und Italien. Sie war eine der m\u00e4chtigsten St\u00e4dten des Mittelalters. Die meisten Bauwerke sind aus dem roten Ziegel. Als wir dort auf dem zentralen Platz Piazza del Campo angekommen sind, haben wir gedacht, dass heute irgendwas Besonderes hier passiert. \u00dcberall war die Polizei, oben auf dem Balkon eines Geb\u00e4udes waren die Fernseherkameras angebracht. Wir sind wieder in irgendwelchen Geschehen und verstehen nicht in welchem. Wir haben drei Leute gefragt was hier jetzt passieren wird. Ein P\u00e4rchen war genau so wie wir als Gast in Siena und die anderen zwei konnten leider keinen Englisch. Sie haben uns nur ein Stichwort auf Italienisch verraten, wir mussten dann recherchieren um festzustellen was hier passiert.<\/p>\n<p>Siena ist bekannt f\u00fcr ein Pferderennen, dass seit dem Mittelalter eine sehr gro\u00dfe Bedeutung f\u00fcr Siena hat. Heute war die Auslosung der Bezirke, die dann zwei Mal im Jahr gegeneinander antreten. Wir durften den festlichen Einzug der Bezirke genie\u00dfen \ud83d\ude42<\/p>\n<p>Danach sind wir weiter durch die Stadt, durch sehr sch\u00f6ne &#8222;rote&#8220; Stra\u00dfen. Der Dom von Siena ist absolut prachtvoll, ist mit wei\u00df-gr\u00fcnem Marmor komplett verziert. Direkt hinter dem Dom haben wir in einem kleinen Restaurant Pizza gegessen &#8211; an der Wand ein Bild mit den rennenden Pferden \ud83d\ude42 Eine lohnenswerte Besichtigung!<\/p>\n<p>Danach sind wir zum Auto, haben die Kinder ins Bett gebracht, mussten dann noch das Auto mit dem Wasser auf einem anderen Parkplatz f\u00fcllen und sind dann noch ein St\u00fcckchen gefahren. Heute stehen wir auf dem Stellplatz am Bahnhof von Torrenieri.<\/p>\n<p><img loading=\"lazy\" src=\"https:\/\/i0.wp.com\/tour.gradt.de\/wp-content\/uploads\/2018\/05\/img_8539.jpg?resize=525%2C700\" class=\"alignnone wp-image-1242 size-full\" height=\"700\" width=\"525\" srcset=\"https:\/\/i0.wp.com\/tour.gradt.de\/wp-content\/uploads\/2018\/05\/img_8539.jpg?w=2448&amp;ssl=1 2448w, https:\/\/i0.wp.com\/tour.gradt.de\/wp-content\/uploads\/2018\/05\/img_8539.jpg?resize=225%2C300&amp;ssl=1 225w, https:\/\/i0.wp.com\/tour.gradt.de\/wp-content\/uploads\/2018\/05\/img_8539.jpg?resize=768%2C1024&amp;ssl=1 768w, https:\/\/i0.wp.com\/tour.gradt.de\/wp-content\/uploads\/2018\/05\/img_8539.jpg?w=1050 1050w, https:\/\/i0.wp.com\/tour.gradt.de\/wp-content\/uploads\/2018\/05\/img_8539.jpg?w=1575 1575w\" sizes=\"(max-width: 767px) 89vw, (max-width: 1000px) 54vw, (max-width: 1071px) 543px, 580px\" data-recalc-dims=\"1\" \/><img loading=\"lazy\" src=\"https:\/\/i0.wp.com\/tour.gradt.de\/wp-content\/uploads\/2018\/05\/img_8538.jpg?resize=525%2C700\" class=\"alignnone wp-image-1241 size-full\" height=\"700\" width=\"525\" srcset=\"https:\/\/i0.wp.com\/tour.gradt.de\/wp-content\/uploads\/2018\/05\/img_8538.jpg?w=2448&amp;ssl=1 2448w, https:\/\/i0.wp.com\/tour.gradt.de\/wp-content\/uploads\/2018\/05\/img_8538.jpg?resize=225%2C300&amp;ssl=1 225w, https:\/\/i0.wp.com\/tour.gradt.de\/wp-content\/uploads\/2018\/05\/img_8538.jpg?resize=768%2C1024&amp;ssl=1 768w, https:\/\/i0.wp.com\/tour.gradt.de\/wp-content\/uploads\/2018\/05\/img_8538.jpg?w=1050 1050w, https:\/\/i0.wp.com\/tour.gradt.de\/wp-content\/uploads\/2018\/05\/img_8538.jpg?w=1575 1575w\" sizes=\"(max-width: 767px) 89vw, (max-width: 1000px) 54vw, (max-width: 1071px) 543px, 580px\" data-recalc-dims=\"1\" \/><img loading=\"lazy\" src=\"https:\/\/i0.wp.com\/tour.gradt.de\/wp-content\/uploads\/2018\/05\/img_8540.jpg?resize=525%2C700\" class=\"alignnone wp-image-1244 size-full\" height=\"700\" width=\"525\" srcset=\"https:\/\/i0.wp.com\/tour.gradt.de\/wp-content\/uploads\/2018\/05\/img_8540.jpg?w=2448&amp;ssl=1 2448w, https:\/\/i0.wp.com\/tour.gradt.de\/wp-content\/uploads\/2018\/05\/img_8540.jpg?resize=225%2C300&amp;ssl=1 225w, https:\/\/i0.wp.com\/tour.gradt.de\/wp-content\/uploads\/2018\/05\/img_8540.jpg?resize=768%2C1024&amp;ssl=1 768w, https:\/\/i0.wp.com\/tour.gradt.de\/wp-content\/uploads\/2018\/05\/img_8540.jpg?w=1050 1050w, https:\/\/i0.wp.com\/tour.gradt.de\/wp-content\/uploads\/2018\/05\/img_8540.jpg?w=1575 1575w\" sizes=\"(max-width: 767px) 89vw, (max-width: 1000px) 54vw, (max-width: 1071px) 543px, 580px\" data-recalc-dims=\"1\" \/><img loading=\"lazy\" src=\"https:\/\/i0.wp.com\/tour.gradt.de\/wp-content\/uploads\/2018\/05\/img_8561.jpg?resize=525%2C700\" class=\"alignnone wp-image-1245 size-full\" height=\"700\" width=\"525\" srcset=\"https:\/\/i0.wp.com\/tour.gradt.de\/wp-content\/uploads\/2018\/05\/img_8561.jpg?w=2448&amp;ssl=1 2448w, https:\/\/i0.wp.com\/tour.gradt.de\/wp-content\/uploads\/2018\/05\/img_8561.jpg?resize=225%2C300&amp;ssl=1 225w, https:\/\/i0.wp.com\/tour.gradt.de\/wp-content\/uploads\/2018\/05\/img_8561.jpg?resize=768%2C1024&amp;ssl=1 768w, https:\/\/i0.wp.com\/tour.gradt.de\/wp-content\/uploads\/2018\/05\/img_8561.jpg?w=1050 1050w, https:\/\/i0.wp.com\/tour.gradt.de\/wp-content\/uploads\/2018\/05\/img_8561.jpg?w=1575 1575w\" sizes=\"(max-width: 767px) 89vw, (max-width: 1000px) 54vw, (max-width: 1071px) 543px, 580px\" data-recalc-dims=\"1\" \/><img loading=\"lazy\" src=\"https:\/\/i0.wp.com\/tour.gradt.de\/wp-content\/uploads\/2018\/05\/img_8576.jpg?resize=525%2C216\" class=\"alignnone wp-image-1243 size-full\" height=\"216\" width=\"525\" srcset=\"https:\/\/i0.wp.com\/tour.gradt.de\/wp-content\/uploads\/2018\/05\/img_8576.jpg?w=1558&amp;ssl=1 1558w, https:\/\/i0.wp.com\/tour.gradt.de\/wp-content\/uploads\/2018\/05\/img_8576.jpg?resize=300%2C123&amp;ssl=1 300w, https:\/\/i0.wp.com\/tour.gradt.de\/wp-content\/uploads\/2018\/05\/img_8576.jpg?resize=768%2C315&amp;ssl=1 768w, https:\/\/i0.wp.com\/tour.gradt.de\/wp-content\/uploads\/2018\/05\/img_8576.jpg?resize=1024%2C421&amp;ssl=1 1024w\" sizes=\"(max-width: 767px) 89vw, (max-width: 1000px) 54vw, (max-width: 1071px) 543px, 580px\" data-recalc-dims=\"1\" \/><img loading=\"lazy\" src=\"https:\/\/i0.wp.com\/tour.gradt.de\/wp-content\/uploads\/2018\/05\/img_8587.jpg?resize=525%2C700\" class=\"alignnone wp-image-1246 size-full\" height=\"700\" width=\"525\" srcset=\"https:\/\/i0.wp.com\/tour.gradt.de\/wp-content\/uploads\/2018\/05\/img_8587.jpg?w=2448&amp;ssl=1 2448w, https:\/\/i0.wp.com\/tour.gradt.de\/wp-content\/uploads\/2018\/05\/img_8587.jpg?resize=225%2C300&amp;ssl=1 225w, https:\/\/i0.wp.com\/tour.gradt.de\/wp-content\/uploads\/2018\/05\/img_8587.jpg?resize=768%2C1024&amp;ssl=1 768w, https:\/\/i0.wp.com\/tour.gradt.de\/wp-content\/uploads\/2018\/05\/img_8587.jpg?w=1050 1050w, https:\/\/i0.wp.com\/tour.gradt.de\/wp-content\/uploads\/2018\/05\/img_8587.jpg?w=1575 1575w\" sizes=\"(max-width: 767px) 89vw, (max-width: 1000px) 54vw, (max-width: 1071px) 543px, 580px\" data-recalc-dims=\"1\" \/><img loading=\"lazy\" src=\"https:\/\/i0.wp.com\/tour.gradt.de\/wp-content\/uploads\/2018\/05\/img_8585.jpg?resize=525%2C700\" class=\"alignnone wp-image-1247 size-full\" height=\"700\" width=\"525\" srcset=\"https:\/\/i0.wp.com\/tour.gradt.de\/wp-content\/uploads\/2018\/05\/img_8585.jpg?w=2448&amp;ssl=1 2448w, https:\/\/i0.wp.com\/tour.gradt.de\/wp-content\/uploads\/2018\/05\/img_8585.jpg?resize=225%2C300&amp;ssl=1 225w, https:\/\/i0.wp.com\/tour.gradt.de\/wp-content\/uploads\/2018\/05\/img_8585.jpg?resize=768%2C1024&amp;ssl=1 768w, https:\/\/i0.wp.com\/tour.gradt.de\/wp-content\/uploads\/2018\/05\/img_8585.jpg?w=1050 1050w, https:\/\/i0.wp.com\/tour.gradt.de\/wp-content\/uploads\/2018\/05\/img_8585.jpg?w=1575 1575w\" sizes=\"(max-width: 767px) 89vw, (max-width: 1000px) 54vw, (max-width: 1071px) 543px, 580px\" data-recalc-dims=\"1\" \/><img loading=\"lazy\" src=\"https:\/\/i0.wp.com\/tour.gradt.de\/wp-content\/uploads\/2018\/05\/img_8610.jpg?resize=525%2C700\" class=\"alignnone wp-image-1248 size-full\" height=\"700\" width=\"525\" srcset=\"https:\/\/i0.wp.com\/tour.gradt.de\/wp-content\/uploads\/2018\/05\/img_8610.jpg?w=2448&amp;ssl=1 2448w, https:\/\/i0.wp.com\/tour.gradt.de\/wp-content\/uploads\/2018\/05\/img_8610.jpg?resize=225%2C300&amp;ssl=1 225w, https:\/\/i0.wp.com\/tour.gradt.de\/wp-content\/uploads\/2018\/05\/img_8610.jpg?resize=768%2C1024&amp;ssl=1 768w, https:\/\/i0.wp.com\/tour.gradt.de\/wp-content\/uploads\/2018\/05\/img_8610.jpg?w=1050 1050w, https:\/\/i0.wp.com\/tour.gradt.de\/wp-content\/uploads\/2018\/05\/img_8610.jpg?w=1575 1575w\" sizes=\"(max-width: 767px) 89vw, (max-width: 1000px) 54vw, (max-width: 1071px) 543px, 580px\" data-recalc-dims=\"1\" \/><img loading=\"lazy\" src=\"https:\/\/i0.wp.com\/tour.gradt.de\/wp-content\/uploads\/2018\/05\/img_8614.jpg?resize=525%2C394\" class=\"alignnone wp-image-1249 size-full\" height=\"394\" width=\"525\" srcset=\"https:\/\/i0.wp.com\/tour.gradt.de\/wp-content\/uploads\/2018\/05\/img_8614.jpg?w=3264&amp;ssl=1 3264w, https:\/\/i0.wp.com\/tour.gradt.de\/wp-content\/uploads\/2018\/05\/img_8614.jpg?resize=300%2C225&amp;ssl=1 300w, https:\/\/i0.wp.com\/tour.gradt.de\/wp-content\/uploads\/2018\/05\/img_8614.jpg?resize=768%2C576&amp;ssl=1 768w, https:\/\/i0.wp.com\/tour.gradt.de\/wp-content\/uploads\/2018\/05\/img_8614.jpg?resize=1024%2C768&amp;ssl=1 1024w, https:\/\/i0.wp.com\/tour.gradt.de\/wp-content\/uploads\/2018\/05\/img_8614.jpg?w=1575 1575w\" sizes=\"(max-width: 767px) 89vw, (max-width: 1000px) 54vw, (max-width: 1071px) 543px, 580px\" data-recalc-dims=\"1\" \/><\/p>\n","protected":false},"excerpt":{"rendered":"<p>Auf dem Campingplatz Le Soline in Casciano, wo wir heute stehen gibt es ein Schwimmbad. Die Kinder waren ungeduldig und wollten gleich zum Planschen. Also gleich nach dem Fr\u00fchst\u00fcck ist Christian mit den Kindern hin. Anna hat noch etwas aufger\u00e4umt und ist dazugekommen. Ein gro\u00dfes Becken zum Bahnen schwimmen, ein Kinderbecken, ein Whirlpool unter dem &hellip; <\/p>\n<p class=\"link-more\"><a href=\"https:\/\/tour.gradt.de\/?p=1161\" class=\"more-link\"><span class=\"screen-reader-text\">\u201ePrachtvolles Siena\u201c<\/span> weiterlesen<\/a><\/p>\n","protected":false},"author":2,"featured_media":0,"comment_status":"open","ping_status":"closed","sticky":false,"template":"","format":"standard","meta":{"jetpack_post_was_ever_published":false,"jetpack_publicize_message":"","jetpack_is_tweetstorm":false,"jetpack_publicize_feature_enabled":true},"categories":[40],"tags":[],"jetpack_publicize_connections":[],"jetpack_featured_media_url":"","jetpack_sharing_enabled":true,"jetpack_shortlink":"https:\/\/wp.me\/p9KDky-iJ","jetpack_likes_enabled":true,"_links":{"self":[{"href":"https:\/\/tour.gradt.de\/index.php?rest_route=\/wp\/v2\/posts\/1161"}],"collection":[{"href":"https:\/\/tour.gradt.de\/index.php?rest_route=\/wp\/v2\/posts"}],"about":[{"href":"https:\/\/tour.gradt.de\/index.php?rest_route=\/wp\/v2\/types\/post"}],"author":[{"embeddable":true,"href":"https:\/\/tour.gradt.de\/index.php?rest_route=\/wp\/v2\/users\/2"}],"replies":[{"embeddable":true,"href":"https:\/\/tour.gradt.de\/index.php?rest_route=%2Fwp%2Fv2%2Fcomments&post=1161"}],"version-history":[{"count":6,"href":"https:\/\/tour.gradt.de\/index.php?rest_route=\/wp\/v2\/posts\/1161\/revisions"}],"predecessor-version":[{"id":1314,"href":"https:\/\/tour.gradt.de\/index.php?rest_route=\/wp\/v2\/posts\/1161\/revisions\/1314"}],"wp:attachment":[{"href":"https:\/\/tour.gradt.de\/index.php?rest_route=%2Fwp%2Fv2%2Fmedia&parent=1161"}],"wp:term":[{"taxonomy":"category","embeddable":true,"href":"https:\/\/tour.gradt.de\/index.php?rest_route=%2Fwp%2Fv2%2Fcategories&post=1161"},{"taxonomy":"post_tag","embeddable":true,"href":"https:\/\/tour.gradt.de\/index.php?rest_route=%2Fwp%2Fv2%2Ftags&post=1161"}],"curies":[{"name":"wp","href":"https:\/\/api.w.org\/{rel}","templated":true}]}}