{"id":1166,"date":"2018-05-28T23:00:31","date_gmt":"2018-05-28T21:00:31","guid":{"rendered":"http:\/\/tour.gradt.de?p=1166"},"modified":"2018-05-31T09:09:05","modified_gmt":"2018-05-31T07:09:05","slug":"hoch-und-runter-in-montepulciano","status":"publish","type":"post","link":"https:\/\/tour.gradt.de\/?p=1166","title":{"rendered":"Hoch und runter in Montepulciano"},"content":{"rendered":"<p>Bei einer sonnigen Morgenfrische gegen 10 Uhr sind wir vom Stellplatz nach Montepulciano losgefahren. Dort angekommen haben wir auf einem gro\u00dfen Parkplatz ganz zuf\u00e4llig neben einem anderen W\u00fcrzburger Wohnmobil geparkt \ud83d\ude42 Da der Parkplatz neben dem Busbahnhof befand, sind wir mit dem n\u00e4chsten Bus in die Stadt.<\/p>\n<p>Montepulciano befindet sich auf einem H\u00fcgel, deshalb sind wir bis nach ganz oben mit dem Bus und zur\u00fcck zu Fu\u00df quer durch die Stadt wieder runter zum Parkplatz. Dieses kleines St\u00e4dtchen ist von Weinbergen umgeben und f\u00fcr den Rotwein &#8222;Vino Nobile de Montepulciano&#8220; bekannt. Zus\u00e4tzlich bietet die Lage sch\u00f6nste Aussichten zum genie\u00dfen und der zentrale Platz mit einer mittelalterlichen Kirche und dem Rathaus war auch sehr sehenswert.<\/p>\n<p>Als wir auf dem zentralen Platz waren, hat der Adrian pl\u00f6tzlich schlechte Laune bekommen, wir waren dann recht lange alle mit ihm besch\u00e4ftigt. Als sich alles wieder beruhigt hatte haben wir noch die zahlreichen L\u00e4den, Caf\u00e9s und Bilderausstellungen angeschaut &#8211; es ist eine sehr gem\u00fctliche, mittelalterliche Atmosph\u00e4re.<\/p>\n<p>Auf dem Weg zu unserem Auto haben wir noch Kleinigkeit eingekauft. Da es so warm war, haben wir zu Mittag eine kalte Wassermelone gegessen und sind dann los nach Sarteano auf den Campingplatz &#8222;Parco delle Piscine&#8220;. Wie der Name vermuten l\u00e4sst waren Schwimmb\u00e4der dabei, sogar mit Wasserrutchen. Gleich die Schwimmtasche gepackt und ab ins Wasser \ud83d\ude42<\/p>\n<p>Als die Kinder im Bett waren haben Anna und Christian den Abend bei einem leckeren Essen und netten Gespr\u00e4chen im Campingrestaurant ausklingen lassen.<\/p>\n<p><img loading=\"lazy\" src=\"https:\/\/i0.wp.com\/tour.gradt.de\/wp-content\/uploads\/2018\/05\/img_8652.jpg?resize=525%2C700\" class=\"alignnone wp-image-1232 size-full\" height=\"700\" width=\"525\" srcset=\"https:\/\/i0.wp.com\/tour.gradt.de\/wp-content\/uploads\/2018\/05\/img_8652.jpg?w=2448&amp;ssl=1 2448w, https:\/\/i0.wp.com\/tour.gradt.de\/wp-content\/uploads\/2018\/05\/img_8652.jpg?resize=225%2C300&amp;ssl=1 225w, https:\/\/i0.wp.com\/tour.gradt.de\/wp-content\/uploads\/2018\/05\/img_8652.jpg?resize=768%2C1024&amp;ssl=1 768w, https:\/\/i0.wp.com\/tour.gradt.de\/wp-content\/uploads\/2018\/05\/img_8652.jpg?w=1050 1050w, https:\/\/i0.wp.com\/tour.gradt.de\/wp-content\/uploads\/2018\/05\/img_8652.jpg?w=1575 1575w\" sizes=\"(max-width: 767px) 89vw, (max-width: 1000px) 54vw, (max-width: 1071px) 543px, 580px\" data-recalc-dims=\"1\" \/><img loading=\"lazy\" src=\"https:\/\/i0.wp.com\/tour.gradt.de\/wp-content\/uploads\/2018\/05\/img_8662.jpg?resize=525%2C700\" class=\"alignnone wp-image-1233 size-full\" height=\"700\" width=\"525\" srcset=\"https:\/\/i0.wp.com\/tour.gradt.de\/wp-content\/uploads\/2018\/05\/img_8662.jpg?w=2448&amp;ssl=1 2448w, https:\/\/i0.wp.com\/tour.gradt.de\/wp-content\/uploads\/2018\/05\/img_8662.jpg?resize=225%2C300&amp;ssl=1 225w, https:\/\/i0.wp.com\/tour.gradt.de\/wp-content\/uploads\/2018\/05\/img_8662.jpg?resize=768%2C1024&amp;ssl=1 768w, https:\/\/i0.wp.com\/tour.gradt.de\/wp-content\/uploads\/2018\/05\/img_8662.jpg?w=1050 1050w, https:\/\/i0.wp.com\/tour.gradt.de\/wp-content\/uploads\/2018\/05\/img_8662.jpg?w=1575 1575w\" sizes=\"(max-width: 767px) 89vw, (max-width: 1000px) 54vw, (max-width: 1071px) 543px, 580px\" data-recalc-dims=\"1\" \/><img loading=\"lazy\" src=\"https:\/\/i0.wp.com\/tour.gradt.de\/wp-content\/uploads\/2018\/05\/img_8670.jpg?resize=525%2C700\" class=\"alignnone wp-image-1235 size-full\" height=\"700\" width=\"525\" srcset=\"https:\/\/i0.wp.com\/tour.gradt.de\/wp-content\/uploads\/2018\/05\/img_8670.jpg?w=2448&amp;ssl=1 2448w, https:\/\/i0.wp.com\/tour.gradt.de\/wp-content\/uploads\/2018\/05\/img_8670.jpg?resize=225%2C300&amp;ssl=1 225w, https:\/\/i0.wp.com\/tour.gradt.de\/wp-content\/uploads\/2018\/05\/img_8670.jpg?resize=768%2C1024&amp;ssl=1 768w, https:\/\/i0.wp.com\/tour.gradt.de\/wp-content\/uploads\/2018\/05\/img_8670.jpg?w=1050 1050w, https:\/\/i0.wp.com\/tour.gradt.de\/wp-content\/uploads\/2018\/05\/img_8670.jpg?w=1575 1575w\" sizes=\"(max-width: 767px) 89vw, (max-width: 1000px) 54vw, (max-width: 1071px) 543px, 580px\" data-recalc-dims=\"1\" \/><img loading=\"lazy\" src=\"https:\/\/i0.wp.com\/tour.gradt.de\/wp-content\/uploads\/2018\/05\/img_8679.jpg?resize=525%2C700\" class=\"alignnone wp-image-1237 size-full\" height=\"700\" width=\"525\" srcset=\"https:\/\/i0.wp.com\/tour.gradt.de\/wp-content\/uploads\/2018\/05\/img_8679.jpg?w=2448&amp;ssl=1 2448w, https:\/\/i0.wp.com\/tour.gradt.de\/wp-content\/uploads\/2018\/05\/img_8679.jpg?resize=225%2C300&amp;ssl=1 225w, https:\/\/i0.wp.com\/tour.gradt.de\/wp-content\/uploads\/2018\/05\/img_8679.jpg?resize=768%2C1024&amp;ssl=1 768w, https:\/\/i0.wp.com\/tour.gradt.de\/wp-content\/uploads\/2018\/05\/img_8679.jpg?w=1050 1050w, https:\/\/i0.wp.com\/tour.gradt.de\/wp-content\/uploads\/2018\/05\/img_8679.jpg?w=1575 1575w\" sizes=\"(max-width: 767px) 89vw, (max-width: 1000px) 54vw, (max-width: 1071px) 543px, 580px\" data-recalc-dims=\"1\" \/><img loading=\"lazy\" src=\"https:\/\/i0.wp.com\/tour.gradt.de\/wp-content\/uploads\/2018\/05\/img_8714.jpg?resize=525%2C397\" class=\"alignnone wp-image-1234 size-full\" height=\"397\" width=\"525\" srcset=\"https:\/\/i0.wp.com\/tour.gradt.de\/wp-content\/uploads\/2018\/05\/img_8714.jpg?w=2353&amp;ssl=1 2353w, https:\/\/i0.wp.com\/tour.gradt.de\/wp-content\/uploads\/2018\/05\/img_8714.jpg?resize=300%2C227&amp;ssl=1 300w, https:\/\/i0.wp.com\/tour.gradt.de\/wp-content\/uploads\/2018\/05\/img_8714.jpg?resize=768%2C581&amp;ssl=1 768w, https:\/\/i0.wp.com\/tour.gradt.de\/wp-content\/uploads\/2018\/05\/img_8714.jpg?resize=1024%2C774&amp;ssl=1 1024w, https:\/\/i0.wp.com\/tour.gradt.de\/wp-content\/uploads\/2018\/05\/img_8714.jpg?w=1575 1575w\" sizes=\"(max-width: 767px) 89vw, (max-width: 1000px) 54vw, (max-width: 1071px) 543px, 580px\" data-recalc-dims=\"1\" \/><img loading=\"lazy\" src=\"https:\/\/i0.wp.com\/tour.gradt.de\/wp-content\/uploads\/2018\/05\/img_8719.jpg?resize=525%2C700\" class=\"alignnone wp-image-1238 size-full\" height=\"700\" width=\"525\" srcset=\"https:\/\/i0.wp.com\/tour.gradt.de\/wp-content\/uploads\/2018\/05\/img_8719.jpg?w=2448&amp;ssl=1 2448w, https:\/\/i0.wp.com\/tour.gradt.de\/wp-content\/uploads\/2018\/05\/img_8719.jpg?resize=225%2C300&amp;ssl=1 225w, https:\/\/i0.wp.com\/tour.gradt.de\/wp-content\/uploads\/2018\/05\/img_8719.jpg?resize=768%2C1024&amp;ssl=1 768w, https:\/\/i0.wp.com\/tour.gradt.de\/wp-content\/uploads\/2018\/05\/img_8719.jpg?w=1050 1050w, https:\/\/i0.wp.com\/tour.gradt.de\/wp-content\/uploads\/2018\/05\/img_8719.jpg?w=1575 1575w\" sizes=\"(max-width: 767px) 89vw, (max-width: 1000px) 54vw, (max-width: 1071px) 543px, 580px\" data-recalc-dims=\"1\" \/><img loading=\"lazy\" src=\"https:\/\/i0.wp.com\/tour.gradt.de\/wp-content\/uploads\/2018\/05\/img_8721.jpg?resize=525%2C700\" class=\"alignnone wp-image-1239 size-full\" height=\"700\" width=\"525\" srcset=\"https:\/\/i0.wp.com\/tour.gradt.de\/wp-content\/uploads\/2018\/05\/img_8721.jpg?w=2448&amp;ssl=1 2448w, https:\/\/i0.wp.com\/tour.gradt.de\/wp-content\/uploads\/2018\/05\/img_8721.jpg?resize=225%2C300&amp;ssl=1 225w, https:\/\/i0.wp.com\/tour.gradt.de\/wp-content\/uploads\/2018\/05\/img_8721.jpg?resize=768%2C1024&amp;ssl=1 768w, https:\/\/i0.wp.com\/tour.gradt.de\/wp-content\/uploads\/2018\/05\/img_8721.jpg?w=1050 1050w, https:\/\/i0.wp.com\/tour.gradt.de\/wp-content\/uploads\/2018\/05\/img_8721.jpg?w=1575 1575w\" sizes=\"(max-width: 767px) 89vw, (max-width: 1000px) 54vw, (max-width: 1071px) 543px, 580px\" data-recalc-dims=\"1\" \/><img loading=\"lazy\" src=\"https:\/\/i0.wp.com\/tour.gradt.de\/wp-content\/uploads\/2018\/05\/img_8727.jpg?resize=525%2C700\" class=\"alignnone wp-image-1236 size-full\" height=\"700\" width=\"525\" srcset=\"https:\/\/i0.wp.com\/tour.gradt.de\/wp-content\/uploads\/2018\/05\/img_8727.jpg?w=2448&amp;ssl=1 2448w, https:\/\/i0.wp.com\/tour.gradt.de\/wp-content\/uploads\/2018\/05\/img_8727.jpg?resize=225%2C300&amp;ssl=1 225w, https:\/\/i0.wp.com\/tour.gradt.de\/wp-content\/uploads\/2018\/05\/img_8727.jpg?resize=768%2C1024&amp;ssl=1 768w, https:\/\/i0.wp.com\/tour.gradt.de\/wp-content\/uploads\/2018\/05\/img_8727.jpg?w=1050 1050w, https:\/\/i0.wp.com\/tour.gradt.de\/wp-content\/uploads\/2018\/05\/img_8727.jpg?w=1575 1575w\" sizes=\"(max-width: 767px) 89vw, (max-width: 1000px) 54vw, (max-width: 1071px) 543px, 580px\" data-recalc-dims=\"1\" \/><\/p>\n","protected":false},"excerpt":{"rendered":"<p>Bei einer sonnigen Morgenfrische gegen 10 Uhr sind wir vom Stellplatz nach Montepulciano losgefahren. Dort angekommen haben wir auf einem gro\u00dfen Parkplatz ganz zuf\u00e4llig neben einem anderen W\u00fcrzburger Wohnmobil geparkt \ud83d\ude42 Da der Parkplatz neben dem Busbahnhof befand, sind wir mit dem n\u00e4chsten Bus in die Stadt. Montepulciano befindet sich auf einem H\u00fcgel, deshalb sind &hellip; <\/p>\n<p class=\"link-more\"><a href=\"https:\/\/tour.gradt.de\/?p=1166\" class=\"more-link\"><span class=\"screen-reader-text\">\u201eHoch und runter in Montepulciano\u201c<\/span> weiterlesen<\/a><\/p>\n","protected":false},"author":2,"featured_media":0,"comment_status":"open","ping_status":"closed","sticky":false,"template":"","format":"standard","meta":{"jetpack_post_was_ever_published":false,"jetpack_publicize_message":"","jetpack_is_tweetstorm":false,"jetpack_publicize_feature_enabled":true},"categories":[40],"tags":[],"jetpack_publicize_connections":[],"jetpack_featured_media_url":"","jetpack_sharing_enabled":true,"jetpack_shortlink":"https:\/\/wp.me\/p9KDky-iO","jetpack_likes_enabled":true,"_links":{"self":[{"href":"https:\/\/tour.gradt.de\/index.php?rest_route=\/wp\/v2\/posts\/1166"}],"collection":[{"href":"https:\/\/tour.gradt.de\/index.php?rest_route=\/wp\/v2\/posts"}],"about":[{"href":"https:\/\/tour.gradt.de\/index.php?rest_route=\/wp\/v2\/types\/post"}],"author":[{"embeddable":true,"href":"https:\/\/tour.gradt.de\/index.php?rest_route=\/wp\/v2\/users\/2"}],"replies":[{"embeddable":true,"href":"https:\/\/tour.gradt.de\/index.php?rest_route=%2Fwp%2Fv2%2Fcomments&post=1166"}],"version-history":[{"count":7,"href":"https:\/\/tour.gradt.de\/index.php?rest_route=\/wp\/v2\/posts\/1166\/revisions"}],"predecessor-version":[{"id":1315,"href":"https:\/\/tour.gradt.de\/index.php?rest_route=\/wp\/v2\/posts\/1166\/revisions\/1315"}],"wp:attachment":[{"href":"https:\/\/tour.gradt.de\/index.php?rest_route=%2Fwp%2Fv2%2Fmedia&parent=1166"}],"wp:term":[{"taxonomy":"category","embeddable":true,"href":"https:\/\/tour.gradt.de\/index.php?rest_route=%2Fwp%2Fv2%2Fcategories&post=1166"},{"taxonomy":"post_tag","embeddable":true,"href":"https:\/\/tour.gradt.de\/index.php?rest_route=%2Fwp%2Fv2%2Ftags&post=1166"}],"curies":[{"name":"wp","href":"https:\/\/api.w.org\/{rel}","templated":true}]}}