{"id":1170,"date":"2018-05-23T23:30:41","date_gmt":"2018-05-23T21:30:41","guid":{"rendered":"http:\/\/tour.gradt.de?p=1170"},"modified":"2018-05-31T08:57:29","modified_gmt":"2018-05-31T06:57:29","slug":"kinderparadie","status":"publish","type":"post","link":"https:\/\/tour.gradt.de\/?p=1170","title":{"rendered":"Kinderparadies"},"content":{"rendered":"<p>Camping Molino a Fuoco &#8211; ein absolutes Paradies f\u00fcr die kleinen Racker. Das war der Grund warum wir gestern und heute auf dem Campingplatz, auf dem wir fast seit f\u00fcnf Tagen stehen, geblieben sind. Ein ganz toller Campingplatz in La Mazzanta. Durch die Pfingstferien in Bayern und Baden-W\u00fcrttemberg sind viele deutsche Familien mit Kindern angereist. Sandra und Adrian haben viele Freunde in ihrem Alter gefunden. Die Beiden sind nach dem Fr\u00fchst\u00fcck weg und waren fast den ganzen Tag mit anderen Kindern unterwegs. Fu\u00dfball spielen, Spielplatz, Fahrradfahren, ins Schwimmbad oder zum Meer gehen.<\/p>\n<p><!--more-->Gestern Vormittag hat&#8217;s geregnet und das hat gar nicht ausgemacht. Auch beim warmen Regen wurde weiter gespielt. Selbst unser kleiner Sebi hat Spa\u00df am Regen gehabt und mit den Steinen in Pf\u00fctzem gespielt. Ein echtes Paradies f\u00fcr die Kleinen, mit ganzen Sinnen die Natur entdecken. Wir haben andere Eltern kennengelernt, die fast alle ungef\u00e4hr in unserem Alter waren. Deshalb gab es genug gemeinsame Themen, \u00fcber die wie uns ausgetauscht konnten. Hier gibt es ein Tennisplatz. Anna und Christian haben gestern Tennis zusammen gespielt und am Abend als die Kinder im Bett waren hat Christian mit einem Sportlehrer gespielt. Heute durften Sandra und Adrian wach bleiben, bis sie umfallen. Am Abend sind die Kinder mit Laternen und Taschenlampen im Dunklen durch den Platz gerannt. Christian durfte seine Tochter zum ersten und wahrscheinlich zum letzten Mal zur Kinderdisco begleiten, weil die vierj\u00e4hrige Sandra gar nicht gewusst hat was die Disco ist aber jetzt wei\u00dft sie und irgendwie hat sie nicht den richtigen Spa\u00df gefunden.<\/p>\n<p>Wir wollten eigentlich schon l\u00e4ngst abreisen. Wir verschieben unsere Abreise jeden Tag, weil die Kinder nicht weg wollen und wir irgendwie auch nicht. Wir sind gespannt, ob wir morgen weiter fahren oder doch noch einen Tag bleiben \ud83d\ude42<\/p>\n<p><img loading=\"lazy\" src=\"https:\/\/i0.wp.com\/tour.gradt.de\/wp-content\/uploads\/2018\/05\/img_8213.jpg?resize=525%2C700\" class=\"alignnone wp-image-1276 size-full\" height=\"700\" width=\"525\" srcset=\"https:\/\/i0.wp.com\/tour.gradt.de\/wp-content\/uploads\/2018\/05\/img_8213.jpg?w=2448&amp;ssl=1 2448w, https:\/\/i0.wp.com\/tour.gradt.de\/wp-content\/uploads\/2018\/05\/img_8213.jpg?resize=225%2C300&amp;ssl=1 225w, https:\/\/i0.wp.com\/tour.gradt.de\/wp-content\/uploads\/2018\/05\/img_8213.jpg?resize=768%2C1024&amp;ssl=1 768w, https:\/\/i0.wp.com\/tour.gradt.de\/wp-content\/uploads\/2018\/05\/img_8213.jpg?w=1050 1050w, https:\/\/i0.wp.com\/tour.gradt.de\/wp-content\/uploads\/2018\/05\/img_8213.jpg?w=1575 1575w\" sizes=\"(max-width: 767px) 89vw, (max-width: 1000px) 54vw, (max-width: 1071px) 543px, 580px\" data-recalc-dims=\"1\" \/><img loading=\"lazy\" src=\"https:\/\/i0.wp.com\/tour.gradt.de\/wp-content\/uploads\/2018\/05\/img_8218.jpg?resize=525%2C700\" class=\"alignnone wp-image-1278 size-full\" height=\"700\" width=\"525\" srcset=\"https:\/\/i0.wp.com\/tour.gradt.de\/wp-content\/uploads\/2018\/05\/img_8218.jpg?w=2448&amp;ssl=1 2448w, https:\/\/i0.wp.com\/tour.gradt.de\/wp-content\/uploads\/2018\/05\/img_8218.jpg?resize=225%2C300&amp;ssl=1 225w, https:\/\/i0.wp.com\/tour.gradt.de\/wp-content\/uploads\/2018\/05\/img_8218.jpg?resize=768%2C1024&amp;ssl=1 768w, https:\/\/i0.wp.com\/tour.gradt.de\/wp-content\/uploads\/2018\/05\/img_8218.jpg?w=1050 1050w, https:\/\/i0.wp.com\/tour.gradt.de\/wp-content\/uploads\/2018\/05\/img_8218.jpg?w=1575 1575w\" sizes=\"(max-width: 767px) 89vw, (max-width: 1000px) 54vw, (max-width: 1071px) 543px, 580px\" data-recalc-dims=\"1\" \/><img loading=\"lazy\" src=\"https:\/\/i0.wp.com\/tour.gradt.de\/wp-content\/uploads\/2018\/05\/img_8227.jpg?resize=525%2C700\" class=\"alignnone wp-image-1277 size-full\" height=\"700\" width=\"525\" srcset=\"https:\/\/i0.wp.com\/tour.gradt.de\/wp-content\/uploads\/2018\/05\/img_8227.jpg?w=2448&amp;ssl=1 2448w, https:\/\/i0.wp.com\/tour.gradt.de\/wp-content\/uploads\/2018\/05\/img_8227.jpg?resize=225%2C300&amp;ssl=1 225w, https:\/\/i0.wp.com\/tour.gradt.de\/wp-content\/uploads\/2018\/05\/img_8227.jpg?resize=768%2C1024&amp;ssl=1 768w, https:\/\/i0.wp.com\/tour.gradt.de\/wp-content\/uploads\/2018\/05\/img_8227.jpg?w=1050 1050w, https:\/\/i0.wp.com\/tour.gradt.de\/wp-content\/uploads\/2018\/05\/img_8227.jpg?w=1575 1575w\" sizes=\"(max-width: 767px) 89vw, (max-width: 1000px) 54vw, (max-width: 1071px) 543px, 580px\" data-recalc-dims=\"1\" \/><img loading=\"lazy\" src=\"https:\/\/i0.wp.com\/tour.gradt.de\/wp-content\/uploads\/2018\/05\/img_8231.jpg?resize=525%2C700\" class=\"alignnone wp-image-1280 size-full\" height=\"700\" width=\"525\" srcset=\"https:\/\/i0.wp.com\/tour.gradt.de\/wp-content\/uploads\/2018\/05\/img_8231.jpg?w=2448&amp;ssl=1 2448w, https:\/\/i0.wp.com\/tour.gradt.de\/wp-content\/uploads\/2018\/05\/img_8231.jpg?resize=225%2C300&amp;ssl=1 225w, https:\/\/i0.wp.com\/tour.gradt.de\/wp-content\/uploads\/2018\/05\/img_8231.jpg?resize=768%2C1024&amp;ssl=1 768w, https:\/\/i0.wp.com\/tour.gradt.de\/wp-content\/uploads\/2018\/05\/img_8231.jpg?w=1050 1050w, https:\/\/i0.wp.com\/tour.gradt.de\/wp-content\/uploads\/2018\/05\/img_8231.jpg?w=1575 1575w\" sizes=\"(max-width: 767px) 89vw, (max-width: 1000px) 54vw, (max-width: 1071px) 543px, 580px\" data-recalc-dims=\"1\" \/><img loading=\"lazy\" src=\"https:\/\/i0.wp.com\/tour.gradt.de\/wp-content\/uploads\/2018\/05\/img_8233.jpg?resize=525%2C700\" class=\"alignnone wp-image-1282 size-full\" height=\"700\" width=\"525\" srcset=\"https:\/\/i0.wp.com\/tour.gradt.de\/wp-content\/uploads\/2018\/05\/img_8233.jpg?w=2448&amp;ssl=1 2448w, https:\/\/i0.wp.com\/tour.gradt.de\/wp-content\/uploads\/2018\/05\/img_8233.jpg?resize=225%2C300&amp;ssl=1 225w, https:\/\/i0.wp.com\/tour.gradt.de\/wp-content\/uploads\/2018\/05\/img_8233.jpg?resize=768%2C1024&amp;ssl=1 768w, https:\/\/i0.wp.com\/tour.gradt.de\/wp-content\/uploads\/2018\/05\/img_8233.jpg?w=1050 1050w, https:\/\/i0.wp.com\/tour.gradt.de\/wp-content\/uploads\/2018\/05\/img_8233.jpg?w=1575 1575w\" sizes=\"(max-width: 767px) 89vw, (max-width: 1000px) 54vw, (max-width: 1071px) 543px, 580px\" data-recalc-dims=\"1\" \/><img loading=\"lazy\" src=\"https:\/\/i0.wp.com\/tour.gradt.de\/wp-content\/uploads\/2018\/05\/img_8291.jpg?resize=525%2C700\" class=\"alignnone wp-image-1279 size-full\" height=\"700\" width=\"525\" srcset=\"https:\/\/i0.wp.com\/tour.gradt.de\/wp-content\/uploads\/2018\/05\/img_8291.jpg?w=2448&amp;ssl=1 2448w, https:\/\/i0.wp.com\/tour.gradt.de\/wp-content\/uploads\/2018\/05\/img_8291.jpg?resize=225%2C300&amp;ssl=1 225w, https:\/\/i0.wp.com\/tour.gradt.de\/wp-content\/uploads\/2018\/05\/img_8291.jpg?resize=768%2C1024&amp;ssl=1 768w, https:\/\/i0.wp.com\/tour.gradt.de\/wp-content\/uploads\/2018\/05\/img_8291.jpg?w=1050 1050w, https:\/\/i0.wp.com\/tour.gradt.de\/wp-content\/uploads\/2018\/05\/img_8291.jpg?w=1575 1575w\" sizes=\"(max-width: 767px) 89vw, (max-width: 1000px) 54vw, (max-width: 1071px) 543px, 580px\" data-recalc-dims=\"1\" \/><\/p>\n","protected":false},"excerpt":{"rendered":"<p>Camping Molino a Fuoco &#8211; ein absolutes Paradies f\u00fcr die kleinen Racker. Das war der Grund warum wir gestern und heute auf dem Campingplatz, auf dem wir fast seit f\u00fcnf Tagen stehen, geblieben sind. Ein ganz toller Campingplatz in La Mazzanta. Durch die Pfingstferien in Bayern und Baden-W\u00fcrttemberg sind viele deutsche Familien mit Kindern angereist. &hellip; <\/p>\n<p class=\"link-more\"><a href=\"https:\/\/tour.gradt.de\/?p=1170\" class=\"more-link\"><span class=\"screen-reader-text\">\u201eKinderparadies\u201c<\/span> weiterlesen<\/a><\/p>\n","protected":false},"author":2,"featured_media":0,"comment_status":"open","ping_status":"closed","sticky":false,"template":"","format":"standard","meta":{"jetpack_post_was_ever_published":false,"jetpack_publicize_message":"","jetpack_is_tweetstorm":false,"jetpack_publicize_feature_enabled":true},"categories":[40],"tags":[],"jetpack_publicize_connections":[],"jetpack_featured_media_url":"","jetpack_sharing_enabled":true,"jetpack_shortlink":"https:\/\/wp.me\/p9KDky-iS","jetpack_likes_enabled":true,"_links":{"self":[{"href":"https:\/\/tour.gradt.de\/index.php?rest_route=\/wp\/v2\/posts\/1170"}],"collection":[{"href":"https:\/\/tour.gradt.de\/index.php?rest_route=\/wp\/v2\/posts"}],"about":[{"href":"https:\/\/tour.gradt.de\/index.php?rest_route=\/wp\/v2\/types\/post"}],"author":[{"embeddable":true,"href":"https:\/\/tour.gradt.de\/index.php?rest_route=\/wp\/v2\/users\/2"}],"replies":[{"embeddable":true,"href":"https:\/\/tour.gradt.de\/index.php?rest_route=%2Fwp%2Fv2%2Fcomments&post=1170"}],"version-history":[{"count":7,"href":"https:\/\/tour.gradt.de\/index.php?rest_route=\/wp\/v2\/posts\/1170\/revisions"}],"predecessor-version":[{"id":1310,"href":"https:\/\/tour.gradt.de\/index.php?rest_route=\/wp\/v2\/posts\/1170\/revisions\/1310"}],"wp:attachment":[{"href":"https:\/\/tour.gradt.de\/index.php?rest_route=%2Fwp%2Fv2%2Fmedia&parent=1170"}],"wp:term":[{"taxonomy":"category","embeddable":true,"href":"https:\/\/tour.gradt.de\/index.php?rest_route=%2Fwp%2Fv2%2Fcategories&post=1170"},{"taxonomy":"post_tag","embeddable":true,"href":"https:\/\/tour.gradt.de\/index.php?rest_route=%2Fwp%2Fv2%2Ftags&post=1170"}],"curies":[{"name":"wp","href":"https:\/\/api.w.org\/{rel}","templated":true}]}}