{"id":1171,"date":"2018-05-21T23:50:50","date_gmt":"2018-05-21T21:50:50","guid":{"rendered":"http:\/\/tour.gradt.de?p=1171"},"modified":"2018-05-31T08:55:30","modified_gmt":"2018-05-31T06:55:30","slug":"auszeit-fuer-beide","status":"publish","type":"post","link":"https:\/\/tour.gradt.de\/?p=1171","title":{"rendered":"Auszeit f\u00fcr beide"},"content":{"rendered":"<p>Unser Plan f\u00fcr heute war am Vormittag ist Freizeit f\u00fcr Anna und am Nachmittag f\u00fcr Christian.<\/p>\n<p>Also ist Anna gleich nach dem Fr\u00fchst\u00fcck mit dem Fahrrad zu der Surfstation gefahren mit dem Gedanken Windsurfing auszuprobieren, um das mit SUP-Stand up Paddling zu vergleichen. Nach einer halben Stunde warten war der Surflehrer frei\u00a0 und sie bekam einen kurzen Surfanzug und eine Schwimmweste zum Anziehen. Dann ging es schon los. Der Lehrer hat zum Surfbrett gerufen, um den theoretischen Teil zu erkl\u00e4ren. Ein etwa 13-j\u00e4hriges M\u00e4dchen und ihr Vater waren noch dabei. Nach der Theorie haben wir uns ins Motorboot gesetzt, die Surfbretter und die Segel im Wasser schleifend sind wir ins Meer rausgefahren. &#8222;Ich stand das erste Mal auf dem Surfbrett, der Segel oben, der Wind brachte mich immer weiter weg vom Strand und von unserem Boot, da ich noch nicht lenken konnte, kam der Lehrer nach und erkl\u00e4rte mir wie ich mich drehe und wieder Richtung Strand komme. Es hat unheimlich Spa\u00df gemacht. Das Gef\u00fchl als w\u00fcrde man \u00fcber das Meer fliegen. Unbeschreiblich!&#8220;<\/p>\n<p>Was Christian erlebt hat erz\u00e4hlt er selber: &#8222;Die Kinder sind auf dem Spielplatz gewesen. Sebastian in der Kinderschaukel und Adrian hat mit Sandra und Ina &#8222;Eis&#8220; aus einem Spielhaus an die umstehenden Kinder und Erwachsenen verkauft. Nebenbei habe ich einige Serviceleistungen zum Auff\u00fcllen des K\u00fchlschranks und zur Benutzung des Bads erbracht, bevor ich von meinen &#8222;Knauf-Freunden&#8220; zum Mittagessen abgeholt wurde.&#8220;<\/p>\n<p>Am sp\u00e4teren Nachmittag waren wir alle gemeinsam am Pool und haben geplanscht. Ein toller entspannender Tag&#8230; ich glaube wir bleiben noch was l\u00e4nger.<\/p>\n<p><img src=\"https:\/\/i0.wp.com\/tour.gradt.de\/wp-content\/uploads\/2018\/05\/gptempdownload-8.jpg?w=525\" class=\"alignnone size-full\" data-recalc-dims=\"1\"><\/p>\n<p><img loading=\"lazy\" src=\"https:\/\/i0.wp.com\/tour.gradt.de\/wp-content\/uploads\/2018\/05\/img_8190.jpg?resize=525%2C700\" class=\"alignnone wp-image-1285 size-full\" height=\"700\" width=\"525\" srcset=\"https:\/\/i0.wp.com\/tour.gradt.de\/wp-content\/uploads\/2018\/05\/img_8190.jpg?w=2448&amp;ssl=1 2448w, https:\/\/i0.wp.com\/tour.gradt.de\/wp-content\/uploads\/2018\/05\/img_8190.jpg?resize=225%2C300&amp;ssl=1 225w, https:\/\/i0.wp.com\/tour.gradt.de\/wp-content\/uploads\/2018\/05\/img_8190.jpg?resize=768%2C1024&amp;ssl=1 768w, https:\/\/i0.wp.com\/tour.gradt.de\/wp-content\/uploads\/2018\/05\/img_8190.jpg?w=1050 1050w, https:\/\/i0.wp.com\/tour.gradt.de\/wp-content\/uploads\/2018\/05\/img_8190.jpg?w=1575 1575w\" sizes=\"(max-width: 767px) 89vw, (max-width: 1000px) 54vw, (max-width: 1071px) 543px, 580px\" data-recalc-dims=\"1\" \/><\/p>\n","protected":false},"excerpt":{"rendered":"<p>Unser Plan f\u00fcr heute war am Vormittag ist Freizeit f\u00fcr Anna und am Nachmittag f\u00fcr Christian. Also ist Anna gleich nach dem Fr\u00fchst\u00fcck mit dem Fahrrad zu der Surfstation gefahren mit dem Gedanken Windsurfing auszuprobieren, um das mit SUP-Stand up Paddling zu vergleichen. Nach einer halben Stunde warten war der Surflehrer frei\u00a0 und sie bekam &hellip; <\/p>\n<p class=\"link-more\"><a href=\"https:\/\/tour.gradt.de\/?p=1171\" class=\"more-link\"><span class=\"screen-reader-text\">\u201eAuszeit f\u00fcr beide\u201c<\/span> weiterlesen<\/a><\/p>\n","protected":false},"author":2,"featured_media":0,"comment_status":"open","ping_status":"closed","sticky":false,"template":"","format":"standard","meta":{"jetpack_post_was_ever_published":false,"jetpack_publicize_message":"","jetpack_is_tweetstorm":false,"jetpack_publicize_feature_enabled":true},"categories":[40],"tags":[],"jetpack_publicize_connections":[],"jetpack_featured_media_url":"","jetpack_sharing_enabled":true,"jetpack_shortlink":"https:\/\/wp.me\/p9KDky-iT","jetpack_likes_enabled":true,"_links":{"self":[{"href":"https:\/\/tour.gradt.de\/index.php?rest_route=\/wp\/v2\/posts\/1171"}],"collection":[{"href":"https:\/\/tour.gradt.de\/index.php?rest_route=\/wp\/v2\/posts"}],"about":[{"href":"https:\/\/tour.gradt.de\/index.php?rest_route=\/wp\/v2\/types\/post"}],"author":[{"embeddable":true,"href":"https:\/\/tour.gradt.de\/index.php?rest_route=\/wp\/v2\/users\/2"}],"replies":[{"embeddable":true,"href":"https:\/\/tour.gradt.de\/index.php?rest_route=%2Fwp%2Fv2%2Fcomments&post=1171"}],"version-history":[{"count":6,"href":"https:\/\/tour.gradt.de\/index.php?rest_route=\/wp\/v2\/posts\/1171\/revisions"}],"predecessor-version":[{"id":1307,"href":"https:\/\/tour.gradt.de\/index.php?rest_route=\/wp\/v2\/posts\/1171\/revisions\/1307"}],"wp:attachment":[{"href":"https:\/\/tour.gradt.de\/index.php?rest_route=%2Fwp%2Fv2%2Fmedia&parent=1171"}],"wp:term":[{"taxonomy":"category","embeddable":true,"href":"https:\/\/tour.gradt.de\/index.php?rest_route=%2Fwp%2Fv2%2Fcategories&post=1171"},{"taxonomy":"post_tag","embeddable":true,"href":"https:\/\/tour.gradt.de\/index.php?rest_route=%2Fwp%2Fv2%2Ftags&post=1171"}],"curies":[{"name":"wp","href":"https:\/\/api.w.org\/{rel}","templated":true}]}}