{"id":1172,"date":"2018-05-19T23:30:47","date_gmt":"2018-05-19T21:30:47","guid":{"rendered":"http:\/\/tour.gradt.de?p=1172"},"modified":"2018-05-31T08:50:43","modified_gmt":"2018-05-31T06:50:43","slug":"mitten-im-meer","status":"publish","type":"post","link":"https:\/\/tour.gradt.de\/?p=1172","title":{"rendered":"Mitten im Meer"},"content":{"rendered":"<p>Nachdem wir uns gestern \u00fcber Surfen informiert haben, entscheidet sich Anna SUP auszuprobieren. Nach dem Fr\u00fchst\u00fcck ist sie mit dem Fahrrad zum Surf-Punkt gefahren.<\/p>\n<p>Dort angekommen hat sie sich ein Surf-Brett f\u00fcr SUP (Stand up Paddling) genommen. Begleitet wurde sie vom kompetenten und erfahrenen Surf-Lehrer Andrea. Der Name Andrea ist in Italien ein m\u00e4nnlicher Name. Er hat Anna die Technik gezeigt, wie man sich auf das Surf-Brett stellt ohne dauernd ins Wasser zu fallen und wie man paddelt. Eine halbe Stunde war sie mit dem Lehrer unterwegs und die andere halbe Stunde allein.<\/p>\n<p>&#8222;Als ich mich sicher auf dem Surf-Brett gef\u00fchlt habe, habe ich mich getraut weiter ins Meer zu paddeln und nun liege ich auf dem Surf-Brett etwa 400 m vom Strand entfernt und lasse mich auf den Wellen treiben. Um mich herum ist nichts au\u00dfer rauschendem Meereswasser, Sonne und dem leichten Wind, der meine Haut ber\u00fchrt. Ein unbeschreibliches Gef\u00fchl&#8220;. Manchmal tut es gut die eigene Komfortzone zu verlassen und das tun was man nie gemacht hat.<\/p>\n<p>Gegen Mittag war Anna wieder auf dem Campingplatz und hat ihr Erlebnis mit ihren Lieben geteilt. Christian war am Vormittag mit Kindern auf dem Spielplatz und am fr\u00fchen Nachmittag sind wir alle zusammen ins Freibad auf dem Campingplatz gegangen.<\/p>\n<p>&#8222;Danke meiner Familie f\u00fcr die tolle Auszeit.&#8220;<\/p>\n<p><img src=\"https:\/\/i0.wp.com\/tour.gradt.de\/wp-content\/uploads\/2018\/05\/gptempdownload-9.jpg?w=525\" class=\"alignnone size-full\" data-recalc-dims=\"1\"><\/p>\n<p><img loading=\"lazy\" src=\"https:\/\/i0.wp.com\/tour.gradt.de\/wp-content\/uploads\/2018\/05\/gptempdownload-13.jpg?resize=525%2C394\" class=\"alignnone wp-image-1293 size-full\" height=\"394\" width=\"525\" srcset=\"https:\/\/i0.wp.com\/tour.gradt.de\/wp-content\/uploads\/2018\/05\/gptempdownload-13.jpg?w=4000&amp;ssl=1 4000w, https:\/\/i0.wp.com\/tour.gradt.de\/wp-content\/uploads\/2018\/05\/gptempdownload-13.jpg?resize=300%2C225&amp;ssl=1 300w, https:\/\/i0.wp.com\/tour.gradt.de\/wp-content\/uploads\/2018\/05\/gptempdownload-13.jpg?resize=768%2C576&amp;ssl=1 768w, https:\/\/i0.wp.com\/tour.gradt.de\/wp-content\/uploads\/2018\/05\/gptempdownload-13.jpg?resize=1024%2C768&amp;ssl=1 1024w, https:\/\/i0.wp.com\/tour.gradt.de\/wp-content\/uploads\/2018\/05\/gptempdownload-13.jpg?w=1575 1575w\" sizes=\"(max-width: 767px) 89vw, (max-width: 1000px) 54vw, (max-width: 1071px) 543px, 580px\" data-recalc-dims=\"1\" \/><\/p>\n","protected":false},"excerpt":{"rendered":"<p>Nachdem wir uns gestern \u00fcber Surfen informiert haben, entscheidet sich Anna SUP auszuprobieren. Nach dem Fr\u00fchst\u00fcck ist sie mit dem Fahrrad zum Surf-Punkt gefahren. Dort angekommen hat sie sich ein Surf-Brett f\u00fcr SUP (Stand up Paddling) genommen. Begleitet wurde sie vom kompetenten und erfahrenen Surf-Lehrer Andrea. Der Name Andrea ist in Italien ein m\u00e4nnlicher Name. &hellip; <\/p>\n<p class=\"link-more\"><a href=\"https:\/\/tour.gradt.de\/?p=1172\" class=\"more-link\"><span class=\"screen-reader-text\">\u201eMitten im Meer\u201c<\/span> weiterlesen<\/a><\/p>\n","protected":false},"author":2,"featured_media":0,"comment_status":"open","ping_status":"closed","sticky":false,"template":"","format":"standard","meta":{"jetpack_post_was_ever_published":false,"jetpack_publicize_message":"","jetpack_is_tweetstorm":false,"jetpack_publicize_feature_enabled":true},"categories":[40],"tags":[],"jetpack_publicize_connections":[],"jetpack_featured_media_url":"","jetpack_sharing_enabled":true,"jetpack_shortlink":"https:\/\/wp.me\/p9KDky-iU","jetpack_likes_enabled":true,"_links":{"self":[{"href":"https:\/\/tour.gradt.de\/index.php?rest_route=\/wp\/v2\/posts\/1172"}],"collection":[{"href":"https:\/\/tour.gradt.de\/index.php?rest_route=\/wp\/v2\/posts"}],"about":[{"href":"https:\/\/tour.gradt.de\/index.php?rest_route=\/wp\/v2\/types\/post"}],"author":[{"embeddable":true,"href":"https:\/\/tour.gradt.de\/index.php?rest_route=\/wp\/v2\/users\/2"}],"replies":[{"embeddable":true,"href":"https:\/\/tour.gradt.de\/index.php?rest_route=%2Fwp%2Fv2%2Fcomments&post=1172"}],"version-history":[{"count":7,"href":"https:\/\/tour.gradt.de\/index.php?rest_route=\/wp\/v2\/posts\/1172\/revisions"}],"predecessor-version":[{"id":1304,"href":"https:\/\/tour.gradt.de\/index.php?rest_route=\/wp\/v2\/posts\/1172\/revisions\/1304"}],"wp:attachment":[{"href":"https:\/\/tour.gradt.de\/index.php?rest_route=%2Fwp%2Fv2%2Fmedia&parent=1172"}],"wp:term":[{"taxonomy":"category","embeddable":true,"href":"https:\/\/tour.gradt.de\/index.php?rest_route=%2Fwp%2Fv2%2Fcategories&post=1172"},{"taxonomy":"post_tag","embeddable":true,"href":"https:\/\/tour.gradt.de\/index.php?rest_route=%2Fwp%2Fv2%2Ftags&post=1172"}],"curies":[{"name":"wp","href":"https:\/\/api.w.org\/{rel}","templated":true}]}}