{"id":1173,"date":"2018-05-20T23:50:58","date_gmt":"2018-05-20T21:50:58","guid":{"rendered":"http:\/\/tour.gradt.de?p=1173"},"modified":"2018-05-31T08:53:39","modified_gmt":"2018-05-31T06:53:39","slug":"tropisch","status":"publish","type":"post","link":"https:\/\/tour.gradt.de\/?p=1173","title":{"rendered":"Tropisch"},"content":{"rendered":"<p>Heute sollte es besonders warm sein und wir haben uns vorgenommen zum Strand zu gehen. Nach dem Fr\u00fchst\u00fcck sind wir los durch den Pinienwald zur Surf-Staton. Heute war hier ein Wettkampf, alle Wind- und SUP- Surfer haben ein Rennen gegeneinander gefahren.<\/p>\n<p>Dort angekommen haben wir uns einen Sonnenschirm gemietet und uns am Strand gem\u00fctlich gemacht. Die Kinder haben die ganze Zeit am Wasser gespielt und wir haben den Surf-Rennen beobachtet. Adrian wollte unbedingt das Tretboot ausprobieren. Also haben wir f\u00fcr halbe Stunde genommen. Wir sind etwas weiter weg vom Strand ins Meer rausgefahren. Dort war der Wind ein bi\u00dfchen st\u00e4rker und unser Boot hat angefangen ein wenig zu schaukeln. Die Kinder haben Angst bekommen, besonders Adrian und wollten wieder zur\u00fcck.<\/p>\n<p>Als wir wieder am Campingplatz waren, ist Christian mit Sandra und Adrian zum Schwimmbad gegangen, Sebastian hat im Kinderwagen geschlafen und Anna hat in der Zeit das Abendessen gekocht.<\/p>\n<p>Als die Kinder im Bett waren, haben wir mit unseren Nachbarn, die aus M\u00fcnchen sind, Wein getrunken und haben einen Abend bei Kerzen und mit tollen Leuten und sch\u00f6nen Gespr\u00e4chen gehabt.<\/p>\n<p><img loading=\"lazy\" src=\"https:\/\/i0.wp.com\/tour.gradt.de\/wp-content\/uploads\/2018\/05\/gptempdownload-10.jpg?resize=525%2C394\" class=\"alignnone wp-image-1288 size-full\" height=\"394\" width=\"525\" srcset=\"https:\/\/i0.wp.com\/tour.gradt.de\/wp-content\/uploads\/2018\/05\/gptempdownload-10.jpg?w=4000&amp;ssl=1 4000w, https:\/\/i0.wp.com\/tour.gradt.de\/wp-content\/uploads\/2018\/05\/gptempdownload-10.jpg?resize=300%2C225&amp;ssl=1 300w, https:\/\/i0.wp.com\/tour.gradt.de\/wp-content\/uploads\/2018\/05\/gptempdownload-10.jpg?resize=768%2C576&amp;ssl=1 768w, https:\/\/i0.wp.com\/tour.gradt.de\/wp-content\/uploads\/2018\/05\/gptempdownload-10.jpg?resize=1024%2C768&amp;ssl=1 1024w, https:\/\/i0.wp.com\/tour.gradt.de\/wp-content\/uploads\/2018\/05\/gptempdownload-10.jpg?w=1575 1575w\" sizes=\"(max-width: 767px) 89vw, (max-width: 1000px) 54vw, (max-width: 1071px) 543px, 580px\" data-recalc-dims=\"1\" \/><img loading=\"lazy\" src=\"https:\/\/i0.wp.com\/tour.gradt.de\/wp-content\/uploads\/2018\/05\/gptempdownload-11.jpg?resize=525%2C394\" class=\"alignnone wp-image-1287 size-full\" height=\"394\" width=\"525\" srcset=\"https:\/\/i0.wp.com\/tour.gradt.de\/wp-content\/uploads\/2018\/05\/gptempdownload-11.jpg?w=4000&amp;ssl=1 4000w, https:\/\/i0.wp.com\/tour.gradt.de\/wp-content\/uploads\/2018\/05\/gptempdownload-11.jpg?resize=300%2C225&amp;ssl=1 300w, https:\/\/i0.wp.com\/tour.gradt.de\/wp-content\/uploads\/2018\/05\/gptempdownload-11.jpg?resize=768%2C576&amp;ssl=1 768w, https:\/\/i0.wp.com\/tour.gradt.de\/wp-content\/uploads\/2018\/05\/gptempdownload-11.jpg?resize=1024%2C768&amp;ssl=1 1024w, https:\/\/i0.wp.com\/tour.gradt.de\/wp-content\/uploads\/2018\/05\/gptempdownload-11.jpg?w=1575 1575w\" sizes=\"(max-width: 767px) 89vw, (max-width: 1000px) 54vw, (max-width: 1071px) 543px, 580px\" data-recalc-dims=\"1\" \/><img loading=\"lazy\" src=\"https:\/\/i0.wp.com\/tour.gradt.de\/wp-content\/uploads\/2018\/05\/gptempdownload-12.jpg?resize=525%2C394\" class=\"alignnone wp-image-1289 size-full\" height=\"394\" width=\"525\" srcset=\"https:\/\/i0.wp.com\/tour.gradt.de\/wp-content\/uploads\/2018\/05\/gptempdownload-12.jpg?w=4000&amp;ssl=1 4000w, https:\/\/i0.wp.com\/tour.gradt.de\/wp-content\/uploads\/2018\/05\/gptempdownload-12.jpg?resize=300%2C225&amp;ssl=1 300w, https:\/\/i0.wp.com\/tour.gradt.de\/wp-content\/uploads\/2018\/05\/gptempdownload-12.jpg?resize=768%2C576&amp;ssl=1 768w, https:\/\/i0.wp.com\/tour.gradt.de\/wp-content\/uploads\/2018\/05\/gptempdownload-12.jpg?resize=1024%2C768&amp;ssl=1 1024w, https:\/\/i0.wp.com\/tour.gradt.de\/wp-content\/uploads\/2018\/05\/gptempdownload-12.jpg?w=1575 1575w\" sizes=\"(max-width: 767px) 89vw, (max-width: 1000px) 54vw, (max-width: 1071px) 543px, 580px\" data-recalc-dims=\"1\" \/><\/p>\n<p><img loading=\"lazy\" src=\"https:\/\/i0.wp.com\/tour.gradt.de\/wp-content\/uploads\/2018\/05\/img_7943.jpg?resize=525%2C700\" class=\"alignnone wp-image-1290 size-full\" height=\"700\" width=\"525\" srcset=\"https:\/\/i0.wp.com\/tour.gradt.de\/wp-content\/uploads\/2018\/05\/img_7943.jpg?w=2448&amp;ssl=1 2448w, https:\/\/i0.wp.com\/tour.gradt.de\/wp-content\/uploads\/2018\/05\/img_7943.jpg?resize=225%2C300&amp;ssl=1 225w, https:\/\/i0.wp.com\/tour.gradt.de\/wp-content\/uploads\/2018\/05\/img_7943.jpg?resize=768%2C1024&amp;ssl=1 768w, https:\/\/i0.wp.com\/tour.gradt.de\/wp-content\/uploads\/2018\/05\/img_7943.jpg?w=1050 1050w, https:\/\/i0.wp.com\/tour.gradt.de\/wp-content\/uploads\/2018\/05\/img_7943.jpg?w=1575 1575w\" sizes=\"(max-width: 767px) 89vw, (max-width: 1000px) 54vw, (max-width: 1071px) 543px, 580px\" data-recalc-dims=\"1\" \/><\/p>\n","protected":false},"excerpt":{"rendered":"<p>Heute sollte es besonders warm sein und wir haben uns vorgenommen zum Strand zu gehen. Nach dem Fr\u00fchst\u00fcck sind wir los durch den Pinienwald zur Surf-Staton. Heute war hier ein Wettkampf, alle Wind- und SUP- Surfer haben ein Rennen gegeneinander gefahren. Dort angekommen haben wir uns einen Sonnenschirm gemietet und uns am Strand gem\u00fctlich gemacht. &hellip; <\/p>\n<p class=\"link-more\"><a href=\"https:\/\/tour.gradt.de\/?p=1173\" class=\"more-link\"><span class=\"screen-reader-text\">\u201eTropisch\u201c<\/span> weiterlesen<\/a><\/p>\n","protected":false},"author":2,"featured_media":0,"comment_status":"open","ping_status":"closed","sticky":false,"template":"","format":"standard","meta":{"jetpack_post_was_ever_published":false,"jetpack_publicize_message":"","jetpack_is_tweetstorm":false,"jetpack_publicize_feature_enabled":true},"categories":[40],"tags":[],"jetpack_publicize_connections":[],"jetpack_featured_media_url":"","jetpack_sharing_enabled":true,"jetpack_shortlink":"https:\/\/wp.me\/s9KDky-tropisch","jetpack_likes_enabled":true,"_links":{"self":[{"href":"https:\/\/tour.gradt.de\/index.php?rest_route=\/wp\/v2\/posts\/1173"}],"collection":[{"href":"https:\/\/tour.gradt.de\/index.php?rest_route=\/wp\/v2\/posts"}],"about":[{"href":"https:\/\/tour.gradt.de\/index.php?rest_route=\/wp\/v2\/types\/post"}],"author":[{"embeddable":true,"href":"https:\/\/tour.gradt.de\/index.php?rest_route=\/wp\/v2\/users\/2"}],"replies":[{"embeddable":true,"href":"https:\/\/tour.gradt.de\/index.php?rest_route=%2Fwp%2Fv2%2Fcomments&post=1173"}],"version-history":[{"count":7,"href":"https:\/\/tour.gradt.de\/index.php?rest_route=\/wp\/v2\/posts\/1173\/revisions"}],"predecessor-version":[{"id":1305,"href":"https:\/\/tour.gradt.de\/index.php?rest_route=\/wp\/v2\/posts\/1173\/revisions\/1305"}],"wp:attachment":[{"href":"https:\/\/tour.gradt.de\/index.php?rest_route=%2Fwp%2Fv2%2Fmedia&parent=1173"}],"wp:term":[{"taxonomy":"category","embeddable":true,"href":"https:\/\/tour.gradt.de\/index.php?rest_route=%2Fwp%2Fv2%2Fcategories&post=1173"},{"taxonomy":"post_tag","embeddable":true,"href":"https:\/\/tour.gradt.de\/index.php?rest_route=%2Fwp%2Fv2%2Ftags&post=1173"}],"curies":[{"name":"wp","href":"https:\/\/api.w.org\/{rel}","templated":true}]}}