{"id":1182,"date":"2018-05-29T23:05:44","date_gmt":"2018-05-29T21:05:44","guid":{"rendered":"http:\/\/tour.gradt.de?p=1182"},"modified":"2018-05-31T09:10:22","modified_gmt":"2018-05-31T07:10:22","slug":"treffen-mit-wuerzburgern","status":"publish","type":"post","link":"https:\/\/tour.gradt.de\/?p=1182","title":{"rendered":"Treffen mit W\u00fcrzburgern"},"content":{"rendered":"<p>Nach dem Fr\u00fchst\u00fcck ist Anna mit den Kindern wieder zum Pool und Christian hat die Aufr\u00e4umarbeiten in unserem &#8222;Haus&#8220; erledigt. Die Sonne hat sich an diesem Morgen hinter den Wolken versteckt und sich erst am Mittag gezeigt. Es war trotzdem warm und die Kinder hatten viel Vergn\u00fcgen im Schwimmbad.<\/p>\n<p>Bevor wir dann gegen Mittag los sind, hatten wir auf diesem Campingplatz die M\u00f6glichkeit unser Wohnmobil von au\u00dfen zu waschen. Das haben wir nat\u00fcrlich genutzt und siehe da &#8211; &#8222;Es Gl\u00e4nzt!&#8220; \ud83d\ude42<\/p>\n<p>Heute Abend wollen wir auf einen Campingplatz nahe der Stadt Assisi. Dort sind Christian&#8217;s W\u00fcrzburger Arbeitskollege mit seiner Familie und ihren Freunden. Die Tochter spielt Handball und daher haben sie hier ein Treffen mit dem italienischen Handballclub der Partnerstadt von H\u00f6chberg organisiert. Wir haben uns sehr gefreut sie zu treffen. Ein St\u00fcckchen Heimat \ud83d\ude42 Wir wurden eingeladen uns gleich dazu zu setzen und den Abend bei Wein, Grill und netten Gespr\u00e4chen verbracht.<\/p>\n<p><img loading=\"lazy\" src=\"https:\/\/i0.wp.com\/tour.gradt.de\/wp-content\/uploads\/2018\/05\/img_8734.jpg?resize=525%2C700\" class=\"alignnone wp-image-1227 size-full\" height=\"700\" width=\"525\" srcset=\"https:\/\/i0.wp.com\/tour.gradt.de\/wp-content\/uploads\/2018\/05\/img_8734.jpg?w=2448&amp;ssl=1 2448w, https:\/\/i0.wp.com\/tour.gradt.de\/wp-content\/uploads\/2018\/05\/img_8734.jpg?resize=225%2C300&amp;ssl=1 225w, https:\/\/i0.wp.com\/tour.gradt.de\/wp-content\/uploads\/2018\/05\/img_8734.jpg?resize=768%2C1024&amp;ssl=1 768w, https:\/\/i0.wp.com\/tour.gradt.de\/wp-content\/uploads\/2018\/05\/img_8734.jpg?w=1050 1050w, https:\/\/i0.wp.com\/tour.gradt.de\/wp-content\/uploads\/2018\/05\/img_8734.jpg?w=1575 1575w\" sizes=\"(max-width: 767px) 89vw, (max-width: 1000px) 54vw, (max-width: 1071px) 543px, 580px\" data-recalc-dims=\"1\" \/><img loading=\"lazy\" src=\"https:\/\/i0.wp.com\/tour.gradt.de\/wp-content\/uploads\/2018\/05\/img_8738.jpg?resize=525%2C700\" class=\"alignnone wp-image-1229 size-full\" height=\"700\" width=\"525\" srcset=\"https:\/\/i0.wp.com\/tour.gradt.de\/wp-content\/uploads\/2018\/05\/img_8738.jpg?w=2448&amp;ssl=1 2448w, https:\/\/i0.wp.com\/tour.gradt.de\/wp-content\/uploads\/2018\/05\/img_8738.jpg?resize=225%2C300&amp;ssl=1 225w, https:\/\/i0.wp.com\/tour.gradt.de\/wp-content\/uploads\/2018\/05\/img_8738.jpg?resize=768%2C1024&amp;ssl=1 768w, https:\/\/i0.wp.com\/tour.gradt.de\/wp-content\/uploads\/2018\/05\/img_8738.jpg?w=1050 1050w, https:\/\/i0.wp.com\/tour.gradt.de\/wp-content\/uploads\/2018\/05\/img_8738.jpg?w=1575 1575w\" sizes=\"(max-width: 767px) 89vw, (max-width: 1000px) 54vw, (max-width: 1071px) 543px, 580px\" data-recalc-dims=\"1\" \/><img loading=\"lazy\" src=\"https:\/\/i0.wp.com\/tour.gradt.de\/wp-content\/uploads\/2018\/05\/img_8746.jpg?resize=525%2C700\" class=\"alignnone wp-image-1228 size-full\" height=\"700\" width=\"525\" srcset=\"https:\/\/i0.wp.com\/tour.gradt.de\/wp-content\/uploads\/2018\/05\/img_8746.jpg?w=2448&amp;ssl=1 2448w, https:\/\/i0.wp.com\/tour.gradt.de\/wp-content\/uploads\/2018\/05\/img_8746.jpg?resize=225%2C300&amp;ssl=1 225w, https:\/\/i0.wp.com\/tour.gradt.de\/wp-content\/uploads\/2018\/05\/img_8746.jpg?resize=768%2C1024&amp;ssl=1 768w, https:\/\/i0.wp.com\/tour.gradt.de\/wp-content\/uploads\/2018\/05\/img_8746.jpg?w=1050 1050w, https:\/\/i0.wp.com\/tour.gradt.de\/wp-content\/uploads\/2018\/05\/img_8746.jpg?w=1575 1575w\" sizes=\"(max-width: 767px) 89vw, (max-width: 1000px) 54vw, (max-width: 1071px) 543px, 580px\" data-recalc-dims=\"1\" \/><img loading=\"lazy\" src=\"https:\/\/i0.wp.com\/tour.gradt.de\/wp-content\/uploads\/2018\/05\/img_8754.jpg?resize=525%2C700\" class=\"alignnone wp-image-1230 size-full\" height=\"700\" width=\"525\" srcset=\"https:\/\/i0.wp.com\/tour.gradt.de\/wp-content\/uploads\/2018\/05\/img_8754.jpg?w=2448&amp;ssl=1 2448w, https:\/\/i0.wp.com\/tour.gradt.de\/wp-content\/uploads\/2018\/05\/img_8754.jpg?resize=225%2C300&amp;ssl=1 225w, https:\/\/i0.wp.com\/tour.gradt.de\/wp-content\/uploads\/2018\/05\/img_8754.jpg?resize=768%2C1024&amp;ssl=1 768w, https:\/\/i0.wp.com\/tour.gradt.de\/wp-content\/uploads\/2018\/05\/img_8754.jpg?w=1050 1050w, https:\/\/i0.wp.com\/tour.gradt.de\/wp-content\/uploads\/2018\/05\/img_8754.jpg?w=1575 1575w\" sizes=\"(max-width: 767px) 89vw, (max-width: 1000px) 54vw, (max-width: 1071px) 543px, 580px\" data-recalc-dims=\"1\" \/><\/p>\n","protected":false},"excerpt":{"rendered":"<p>Nach dem Fr\u00fchst\u00fcck ist Anna mit den Kindern wieder zum Pool und Christian hat die Aufr\u00e4umarbeiten in unserem &#8222;Haus&#8220; erledigt. Die Sonne hat sich an diesem Morgen hinter den Wolken versteckt und sich erst am Mittag gezeigt. Es war trotzdem warm und die Kinder hatten viel Vergn\u00fcgen im Schwimmbad. Bevor wir dann gegen Mittag los &hellip; <\/p>\n<p class=\"link-more\"><a href=\"https:\/\/tour.gradt.de\/?p=1182\" class=\"more-link\"><span class=\"screen-reader-text\">\u201eTreffen mit W\u00fcrzburgern\u201c<\/span> weiterlesen<\/a><\/p>\n","protected":false},"author":2,"featured_media":0,"comment_status":"open","ping_status":"closed","sticky":false,"template":"","format":"standard","meta":{"jetpack_post_was_ever_published":false,"jetpack_publicize_message":"","jetpack_is_tweetstorm":false,"jetpack_publicize_feature_enabled":true},"categories":[40],"tags":[],"jetpack_publicize_connections":[],"jetpack_featured_media_url":"","jetpack_sharing_enabled":true,"jetpack_shortlink":"https:\/\/wp.me\/p9KDky-j4","jetpack_likes_enabled":true,"_links":{"self":[{"href":"https:\/\/tour.gradt.de\/index.php?rest_route=\/wp\/v2\/posts\/1182"}],"collection":[{"href":"https:\/\/tour.gradt.de\/index.php?rest_route=\/wp\/v2\/posts"}],"about":[{"href":"https:\/\/tour.gradt.de\/index.php?rest_route=\/wp\/v2\/types\/post"}],"author":[{"embeddable":true,"href":"https:\/\/tour.gradt.de\/index.php?rest_route=\/wp\/v2\/users\/2"}],"replies":[{"embeddable":true,"href":"https:\/\/tour.gradt.de\/index.php?rest_route=%2Fwp%2Fv2%2Fcomments&post=1182"}],"version-history":[{"count":5,"href":"https:\/\/tour.gradt.de\/index.php?rest_route=\/wp\/v2\/posts\/1182\/revisions"}],"predecessor-version":[{"id":1316,"href":"https:\/\/tour.gradt.de\/index.php?rest_route=\/wp\/v2\/posts\/1182\/revisions\/1316"}],"wp:attachment":[{"href":"https:\/\/tour.gradt.de\/index.php?rest_route=%2Fwp%2Fv2%2Fmedia&parent=1182"}],"wp:term":[{"taxonomy":"category","embeddable":true,"href":"https:\/\/tour.gradt.de\/index.php?rest_route=%2Fwp%2Fv2%2Fcategories&post=1182"},{"taxonomy":"post_tag","embeddable":true,"href":"https:\/\/tour.gradt.de\/index.php?rest_route=%2Fwp%2Fv2%2Ftags&post=1182"}],"curies":[{"name":"wp","href":"https:\/\/api.w.org\/{rel}","templated":true}]}}