{"id":1226,"date":"2018-05-30T23:10:09","date_gmt":"2018-05-30T21:10:09","guid":{"rendered":"http:\/\/tour.gradt.de?p=1226"},"modified":"2018-06-08T23:18:21","modified_gmt":"2018-06-08T21:18:21","slug":"gereizt","status":"publish","type":"post","link":"https:\/\/tour.gradt.de\/?p=1226","title":{"rendered":"Gereizt"},"content":{"rendered":"<p>Heute war ein komischer Tag. Alle au\u00dfer unserem kleinen Sebastian waren ein wenig gereizt. Bei den Kindern liegt es wahrscheinlich daran, dass sie gestern zu sp\u00e4t ins Bett gegangen sind. Wir haben es wie Italiener gemacht und die Kinder spielen gelassen bis sie von allein umkippen \ud83d\ude42 Eine Feststellung f\u00fcr uns: &#8222;Bring die Kinder rechtzeitig &#8211; gegen 20 Uhr &#8211; ins Bett. Das tut nicht nur den Kindern gut, sondern auch den Eltern &#8211; Feierabend, Zeit f\u00fcr zwei&#8220;<\/p>\n<p>Heute morgen haben wir mit unseren Freunden aus W\u00fcrzburg und ihren Freunden zusammen gefr\u00fchst\u00fcckt, haben ausprobiert auf und unserem Grill Pfannkuchen zu machen, hat gut geklappt.<\/p>\n<p>Anscheinend waren wir mit der &#8222;tollen&#8220; Kinderlaune auch angesteckt. Eigentlich hatten wir einen Ausflug nach Assisi geplant, weil der Campingplatz, auf dem wir jetzt stehen, in der N\u00e4he ist. Wollten Mittags los, aber bei so einer Stimmung sind wir auf dem Campingplatz geblieben und haben nichts gemacht. Naja&#8230; das tut manchmal auch gut, nichts tun.<\/p>\n<p>Den Abend hat Christian noch beim Weintrinken mit den Freunden verbracht und Anna hat lange gek\u00e4mpft bis Adrian endlich schl\u00e4ft.<\/p>\n<p>So gibt es auch solche Tage auf unserer Reise \ud83d\ude42<\/p>\n<p><img loading=\"lazy\" src=\"https:\/\/i0.wp.com\/tour.gradt.de\/wp-content\/uploads\/2018\/05\/img_8768.jpg?resize=525%2C699\" class=\"alignnone wp-image-1222 size-full\" height=\"699\" width=\"525\" srcset=\"https:\/\/i0.wp.com\/tour.gradt.de\/wp-content\/uploads\/2018\/05\/img_8768.jpg?w=1606&amp;ssl=1 1606w, https:\/\/i0.wp.com\/tour.gradt.de\/wp-content\/uploads\/2018\/05\/img_8768.jpg?resize=225%2C300&amp;ssl=1 225w, https:\/\/i0.wp.com\/tour.gradt.de\/wp-content\/uploads\/2018\/05\/img_8768.jpg?resize=768%2C1023&amp;ssl=1 768w, https:\/\/i0.wp.com\/tour.gradt.de\/wp-content\/uploads\/2018\/05\/img_8768.jpg?resize=769%2C1024&amp;ssl=1 769w, https:\/\/i0.wp.com\/tour.gradt.de\/wp-content\/uploads\/2018\/05\/img_8768.jpg?w=1050 1050w\" sizes=\"(max-width: 767px) 89vw, (max-width: 1000px) 54vw, (max-width: 1071px) 543px, 580px\" data-recalc-dims=\"1\" \/><img loading=\"lazy\" src=\"https:\/\/i0.wp.com\/tour.gradt.de\/wp-content\/uploads\/2018\/05\/img_8757.jpg?resize=525%2C700\" class=\"alignnone wp-image-1223 size-full\" height=\"700\" width=\"525\" srcset=\"https:\/\/i0.wp.com\/tour.gradt.de\/wp-content\/uploads\/2018\/05\/img_8757.jpg?w=2448&amp;ssl=1 2448w, https:\/\/i0.wp.com\/tour.gradt.de\/wp-content\/uploads\/2018\/05\/img_8757.jpg?resize=225%2C300&amp;ssl=1 225w, https:\/\/i0.wp.com\/tour.gradt.de\/wp-content\/uploads\/2018\/05\/img_8757.jpg?resize=768%2C1024&amp;ssl=1 768w, https:\/\/i0.wp.com\/tour.gradt.de\/wp-content\/uploads\/2018\/05\/img_8757.jpg?w=1050 1050w, https:\/\/i0.wp.com\/tour.gradt.de\/wp-content\/uploads\/2018\/05\/img_8757.jpg?w=1575 1575w\" sizes=\"(max-width: 767px) 89vw, (max-width: 1000px) 54vw, (max-width: 1071px) 543px, 580px\" data-recalc-dims=\"1\" \/><img loading=\"lazy\" src=\"https:\/\/i0.wp.com\/tour.gradt.de\/wp-content\/uploads\/2018\/05\/img_8756.jpg?resize=525%2C700\" class=\"alignnone wp-image-1225 size-full\" height=\"700\" width=\"525\" srcset=\"https:\/\/i0.wp.com\/tour.gradt.de\/wp-content\/uploads\/2018\/05\/img_8756.jpg?w=2448&amp;ssl=1 2448w, https:\/\/i0.wp.com\/tour.gradt.de\/wp-content\/uploads\/2018\/05\/img_8756.jpg?resize=225%2C300&amp;ssl=1 225w, https:\/\/i0.wp.com\/tour.gradt.de\/wp-content\/uploads\/2018\/05\/img_8756.jpg?resize=768%2C1024&amp;ssl=1 768w, https:\/\/i0.wp.com\/tour.gradt.de\/wp-content\/uploads\/2018\/05\/img_8756.jpg?w=1050 1050w, https:\/\/i0.wp.com\/tour.gradt.de\/wp-content\/uploads\/2018\/05\/img_8756.jpg?w=1575 1575w\" sizes=\"(max-width: 767px) 89vw, (max-width: 1000px) 54vw, (max-width: 1071px) 543px, 580px\" data-recalc-dims=\"1\" \/><img loading=\"lazy\" src=\"https:\/\/i0.wp.com\/tour.gradt.de\/wp-content\/uploads\/2018\/05\/img_8761.jpg?resize=525%2C700\" class=\"alignnone wp-image-1224 size-full\" height=\"700\" width=\"525\" srcset=\"https:\/\/i0.wp.com\/tour.gradt.de\/wp-content\/uploads\/2018\/05\/img_8761.jpg?w=2448&amp;ssl=1 2448w, https:\/\/i0.wp.com\/tour.gradt.de\/wp-content\/uploads\/2018\/05\/img_8761.jpg?resize=225%2C300&amp;ssl=1 225w, https:\/\/i0.wp.com\/tour.gradt.de\/wp-content\/uploads\/2018\/05\/img_8761.jpg?resize=768%2C1024&amp;ssl=1 768w, https:\/\/i0.wp.com\/tour.gradt.de\/wp-content\/uploads\/2018\/05\/img_8761.jpg?w=1050 1050w, https:\/\/i0.wp.com\/tour.gradt.de\/wp-content\/uploads\/2018\/05\/img_8761.jpg?w=1575 1575w\" sizes=\"(max-width: 767px) 89vw, (max-width: 1000px) 54vw, (max-width: 1071px) 543px, 580px\" data-recalc-dims=\"1\" \/><\/p>\n","protected":false},"excerpt":{"rendered":"<p>Heute war ein komischer Tag. Alle au\u00dfer unserem kleinen Sebastian waren ein wenig gereizt. Bei den Kindern liegt es wahrscheinlich daran, dass sie gestern zu sp\u00e4t ins Bett gegangen sind. Wir haben es wie Italiener gemacht und die Kinder spielen gelassen bis sie von allein umkippen \ud83d\ude42 Eine Feststellung f\u00fcr uns: &#8222;Bring die Kinder rechtzeitig &hellip; <\/p>\n<p class=\"link-more\"><a href=\"https:\/\/tour.gradt.de\/?p=1226\" class=\"more-link\"><span class=\"screen-reader-text\">\u201eGereizt\u201c<\/span> weiterlesen<\/a><\/p>\n","protected":false},"author":1,"featured_media":0,"comment_status":"open","ping_status":"closed","sticky":false,"template":"","format":"standard","meta":{"jetpack_post_was_ever_published":false,"jetpack_publicize_message":"","jetpack_is_tweetstorm":false,"jetpack_publicize_feature_enabled":true},"categories":[40],"tags":[],"jetpack_publicize_connections":[],"jetpack_featured_media_url":"","jetpack_sharing_enabled":true,"jetpack_shortlink":"https:\/\/wp.me\/s9KDky-gereizt","jetpack_likes_enabled":true,"_links":{"self":[{"href":"https:\/\/tour.gradt.de\/index.php?rest_route=\/wp\/v2\/posts\/1226"}],"collection":[{"href":"https:\/\/tour.gradt.de\/index.php?rest_route=\/wp\/v2\/posts"}],"about":[{"href":"https:\/\/tour.gradt.de\/index.php?rest_route=\/wp\/v2\/types\/post"}],"author":[{"embeddable":true,"href":"https:\/\/tour.gradt.de\/index.php?rest_route=\/wp\/v2\/users\/1"}],"replies":[{"embeddable":true,"href":"https:\/\/tour.gradt.de\/index.php?rest_route=%2Fwp%2Fv2%2Fcomments&post=1226"}],"version-history":[{"count":3,"href":"https:\/\/tour.gradt.de\/index.php?rest_route=\/wp\/v2\/posts\/1226\/revisions"}],"predecessor-version":[{"id":1318,"href":"https:\/\/tour.gradt.de\/index.php?rest_route=\/wp\/v2\/posts\/1226\/revisions\/1318"}],"wp:attachment":[{"href":"https:\/\/tour.gradt.de\/index.php?rest_route=%2Fwp%2Fv2%2Fmedia&parent=1226"}],"wp:term":[{"taxonomy":"category","embeddable":true,"href":"https:\/\/tour.gradt.de\/index.php?rest_route=%2Fwp%2Fv2%2Fcategories&post=1226"},{"taxonomy":"post_tag","embeddable":true,"href":"https:\/\/tour.gradt.de\/index.php?rest_route=%2Fwp%2Fv2%2Ftags&post=1226"}],"curies":[{"name":"wp","href":"https:\/\/api.w.org\/{rel}","templated":true}]}}