{"id":140,"date":"2018-03-10T21:37:42","date_gmt":"2018-03-10T20:37:42","guid":{"rendered":"http:\/\/tour.gradt.de\/?p=140"},"modified":"2018-04-19T11:39:53","modified_gmt":"2018-04-19T09:39:53","slug":"dahin-wo-die-sonne-scheint","status":"publish","type":"post","link":"https:\/\/tour.gradt.de\/?p=140","title":{"rendered":"Dahin wo die Sonne scheint!"},"content":{"rendered":"<p>Es regnet zurzeit viel in Spanien aber uns gelingt es immer wieder die Sonne zu erwischen. Wir haben heute einen sonnigen und entspannten Tag bei rund 20 Grad in Santander gehabt.<\/p>\n<p>Wir haben die sch\u00f6nen Aussichten von der Steilk\u00fcste und verlockende Str\u00e4nde genossen. Die Kinder haben viel Spa\u00df im Sand gehabt. Auch die Nacht verbringen wir heute in einem ruhigen Ort bei Santander &#8211; auf der anderen Seite. Der Park auf der Halbinsel Magdalena hat uns fasziniert.<\/p>\n<p>Anna ist beeindruckt wie schnell sich die Kinder ohne die Sprache zu verstehen, kommunizieren und miteinander spielen. Adrian hat die spanischen Jungs auf dem Stellplatz kennengelernt und binnen Minuten mit Ihnen zusammen Fu\u00dfball gespielt. Auf die Frage: &#8222;wie habt ihr euch unterhalten?&#8220; kam prompt die Antwort: &#8222;auf Englisch!&#8220; &#8211; da &#8222;wei\u00dfte&#8220; Bescheid, denn au\u00dfer den Liedern aus Singlish und ein paar W\u00f6rtchen kann Adrian nicht ganz so flie\u00dfend Englisch.<img src=\"https:\/\/i0.wp.com\/tour.gradt.de\/wp-content\/uploads\/2018\/03\/img_5275-1.jpg?w=525\" class=\"size-full\" data-recalc-dims=\"1\"><img src=\"https:\/\/i0.wp.com\/tour.gradt.de\/wp-content\/uploads\/2018\/03\/img_5254-1.jpg?w=525\" class=\"size-full\" data-recalc-dims=\"1\"><img src=\"https:\/\/i0.wp.com\/tour.gradt.de\/wp-content\/uploads\/2018\/03\/img_4180.jpg?w=525\" class=\"size-full\" data-recalc-dims=\"1\"><img src=\"https:\/\/i0.wp.com\/tour.gradt.de\/wp-content\/uploads\/2018\/03\/img_5244-1.jpg?w=525\" class=\"size-full\" data-recalc-dims=\"1\"><img src=\"https:\/\/i0.wp.com\/tour.gradt.de\/wp-content\/uploads\/2018\/03\/img_4191.jpg?w=525\" class=\"size-full\" data-recalc-dims=\"1\"><\/p>\n","protected":false},"excerpt":{"rendered":"<p>Es regnet zurzeit viel in Spanien aber uns gelingt es immer wieder die Sonne zu erwischen. Wir haben heute einen sonnigen und entspannten Tag bei rund 20 Grad in Santander gehabt. Wir haben die sch\u00f6nen Aussichten von der Steilk\u00fcste und verlockende Str\u00e4nde genossen. Die Kinder haben viel Spa\u00df im Sand gehabt. Auch die Nacht verbringen &hellip; <\/p>\n<p class=\"link-more\"><a href=\"https:\/\/tour.gradt.de\/?p=140\" class=\"more-link\"><span class=\"screen-reader-text\">\u201eDahin wo die Sonne scheint!\u201c<\/span> weiterlesen<\/a><\/p>\n","protected":false},"author":2,"featured_media":0,"comment_status":"open","ping_status":"open","sticky":false,"template":"","format":"standard","meta":{"jetpack_post_was_ever_published":false,"jetpack_publicize_message":"","jetpack_is_tweetstorm":false,"jetpack_publicize_feature_enabled":true},"categories":[18],"tags":[],"jetpack_publicize_connections":[],"jetpack_featured_media_url":"","jetpack_sharing_enabled":true,"jetpack_shortlink":"https:\/\/wp.me\/p9KDky-2g","jetpack_likes_enabled":true,"_links":{"self":[{"href":"https:\/\/tour.gradt.de\/index.php?rest_route=\/wp\/v2\/posts\/140"}],"collection":[{"href":"https:\/\/tour.gradt.de\/index.php?rest_route=\/wp\/v2\/posts"}],"about":[{"href":"https:\/\/tour.gradt.de\/index.php?rest_route=\/wp\/v2\/types\/post"}],"author":[{"embeddable":true,"href":"https:\/\/tour.gradt.de\/index.php?rest_route=\/wp\/v2\/users\/2"}],"replies":[{"embeddable":true,"href":"https:\/\/tour.gradt.de\/index.php?rest_route=%2Fwp%2Fv2%2Fcomments&post=140"}],"version-history":[{"count":4,"href":"https:\/\/tour.gradt.de\/index.php?rest_route=\/wp\/v2\/posts\/140\/revisions"}],"predecessor-version":[{"id":148,"href":"https:\/\/tour.gradt.de\/index.php?rest_route=\/wp\/v2\/posts\/140\/revisions\/148"}],"wp:attachment":[{"href":"https:\/\/tour.gradt.de\/index.php?rest_route=%2Fwp%2Fv2%2Fmedia&parent=140"}],"wp:term":[{"taxonomy":"category","embeddable":true,"href":"https:\/\/tour.gradt.de\/index.php?rest_route=%2Fwp%2Fv2%2Fcategories&post=140"},{"taxonomy":"post_tag","embeddable":true,"href":"https:\/\/tour.gradt.de\/index.php?rest_route=%2Fwp%2Fv2%2Ftags&post=140"}],"curies":[{"name":"wp","href":"https:\/\/api.w.org\/{rel}","templated":true}]}}