{"id":1559,"date":"2018-06-13T23:00:56","date_gmt":"2018-06-13T21:00:56","guid":{"rendered":"http:\/\/tour.gradt.de?p=1559"},"modified":"2018-06-15T12:26:21","modified_gmt":"2018-06-15T10:26:21","slug":"see-einfach-rustikal-schoen","status":"publish","type":"post","link":"https:\/\/tour.gradt.de\/?p=1559","title":{"rendered":"See, einfach, rustikal, sch\u00f6n"},"content":{"rendered":"<p>Heute haben wir einen Tag Pause eingelegt. Entspannen uns, lassen die Kinder spielen, die Natur sp\u00fcren und erleben. Wir sind auf unserem Campingplatz am Balaton geblieben.<\/p>\n<p>Wir hatten heute nach der langen Hitzezeit den ersten Tag an dem es nicht hei\u00df war. Die Au\u00dfentemperatur ist bis auf 20 Grad gesunken, es hat zwischendurch geregnet und die Sonne hat sich durch die Wolken gek\u00e4mpft. Adrian: &#8222;na endlich sch\u00f6nes Wetter&#8220; :-)))<\/p>\n<p>Solange alle noch im Bett waren, ist Anna eine Runde im See schwimmen gewesen. Eine au\u00dfergew\u00f6hnliche Atmosph\u00e4re morgens am See. Die Fischer sitzen am Steg in der Hoffnung auf ein leckeres Mittagessen, der Schwan w\u00e4scht sich und taucht mit dem Kopf ins Wasser, leichter Wind bringt die Bewegung ins Wasser. Man l\u00e4sst sich einen kurzen Moment von der Str\u00f6mung treiben und schwimmt letztendlich gegen die Str\u00f6mung, um da anzukommen wo man hin will &#8211; zum Ufer&#8230; \ud83d\ude42 Danach frisch gebr\u00fchter Kaffee und Fr\u00fchst\u00fcck bis zum Mittag \ud83d\ude42<\/p>\n<p><img loading=\"lazy\" src=\"https:\/\/i0.wp.com\/tour.gradt.de\/wp-content\/uploads\/2018\/06\/img_9836.jpg?resize=525%2C701\" class=\"alignnone size-full wp-image-1551\" height=\"701\" width=\"525\" srcset=\"https:\/\/i0.wp.com\/tour.gradt.de\/wp-content\/uploads\/2018\/06\/img_9836.jpg?w=1458&amp;ssl=1 1458w, https:\/\/i0.wp.com\/tour.gradt.de\/wp-content\/uploads\/2018\/06\/img_9836.jpg?resize=225%2C300&amp;ssl=1 225w, https:\/\/i0.wp.com\/tour.gradt.de\/wp-content\/uploads\/2018\/06\/img_9836.jpg?resize=768%2C1026&amp;ssl=1 768w, https:\/\/i0.wp.com\/tour.gradt.de\/wp-content\/uploads\/2018\/06\/img_9836.jpg?resize=766%2C1024&amp;ssl=1 766w, https:\/\/i0.wp.com\/tour.gradt.de\/wp-content\/uploads\/2018\/06\/img_9836.jpg?w=1050 1050w\" sizes=\"(max-width: 767px) 89vw, (max-width: 1000px) 54vw, (max-width: 1071px) 543px, 580px\" data-recalc-dims=\"1\" \/><img loading=\"lazy\" src=\"https:\/\/i0.wp.com\/tour.gradt.de\/wp-content\/uploads\/2018\/06\/img_9840.jpg?resize=525%2C700\" class=\"alignnone size-full wp-image-1550\" height=\"700\" width=\"525\" srcset=\"https:\/\/i0.wp.com\/tour.gradt.de\/wp-content\/uploads\/2018\/06\/img_9840.jpg?w=2448&amp;ssl=1 2448w, https:\/\/i0.wp.com\/tour.gradt.de\/wp-content\/uploads\/2018\/06\/img_9840.jpg?resize=225%2C300&amp;ssl=1 225w, https:\/\/i0.wp.com\/tour.gradt.de\/wp-content\/uploads\/2018\/06\/img_9840.jpg?resize=768%2C1024&amp;ssl=1 768w, https:\/\/i0.wp.com\/tour.gradt.de\/wp-content\/uploads\/2018\/06\/img_9840.jpg?w=1050 1050w, https:\/\/i0.wp.com\/tour.gradt.de\/wp-content\/uploads\/2018\/06\/img_9840.jpg?w=1575 1575w\" sizes=\"(max-width: 767px) 89vw, (max-width: 1000px) 54vw, (max-width: 1071px) 543px, 580px\" data-recalc-dims=\"1\" \/><\/p>\n<p><img loading=\"lazy\" src=\"https:\/\/i0.wp.com\/tour.gradt.de\/wp-content\/uploads\/2018\/06\/img_9845-1.jpg?resize=525%2C701\" class=\"alignnone size-full wp-image-1553\" height=\"701\" width=\"525\" srcset=\"https:\/\/i0.wp.com\/tour.gradt.de\/wp-content\/uploads\/2018\/06\/img_9845-1.jpg?w=1030&amp;ssl=1 1030w, https:\/\/i0.wp.com\/tour.gradt.de\/wp-content\/uploads\/2018\/06\/img_9845-1.jpg?resize=225%2C300&amp;ssl=1 225w, https:\/\/i0.wp.com\/tour.gradt.de\/wp-content\/uploads\/2018\/06\/img_9845-1.jpg?resize=768%2C1025&amp;ssl=1 768w, https:\/\/i0.wp.com\/tour.gradt.de\/wp-content\/uploads\/2018\/06\/img_9845-1.jpg?resize=767%2C1024&amp;ssl=1 767w\" sizes=\"(max-width: 767px) 89vw, (max-width: 1000px) 54vw, (max-width: 1071px) 543px, 580px\" data-recalc-dims=\"1\" \/><\/p>\n<p>Die Kinder haben schon l\u00e4ngst gegessen und spielen auf dem Spielplatz. Es ist heute frisch, aber das macht denen nix aus. Sie planschen, fahren Fahrrad, spielen mit anderen Kindern, haben ihren Spa\u00df.<\/p>\n<p><img loading=\"lazy\" src=\"https:\/\/i0.wp.com\/tour.gradt.de\/wp-content\/uploads\/2018\/06\/img_9852.jpg?resize=525%2C700\" class=\"alignnone size-full wp-image-1555\" height=\"700\" width=\"525\" srcset=\"https:\/\/i0.wp.com\/tour.gradt.de\/wp-content\/uploads\/2018\/06\/img_9852.jpg?w=2448&amp;ssl=1 2448w, https:\/\/i0.wp.com\/tour.gradt.de\/wp-content\/uploads\/2018\/06\/img_9852.jpg?resize=225%2C300&amp;ssl=1 225w, https:\/\/i0.wp.com\/tour.gradt.de\/wp-content\/uploads\/2018\/06\/img_9852.jpg?resize=768%2C1024&amp;ssl=1 768w, https:\/\/i0.wp.com\/tour.gradt.de\/wp-content\/uploads\/2018\/06\/img_9852.jpg?w=1050 1050w, https:\/\/i0.wp.com\/tour.gradt.de\/wp-content\/uploads\/2018\/06\/img_9852.jpg?w=1575 1575w\" sizes=\"(max-width: 767px) 89vw, (max-width: 1000px) 54vw, (max-width: 1071px) 543px, 580px\" data-recalc-dims=\"1\" \/><img loading=\"lazy\" src=\"https:\/\/i0.wp.com\/tour.gradt.de\/wp-content\/uploads\/2018\/06\/img_9848.jpg?resize=525%2C700\" class=\"alignnone wp-image-1556 size-full\" height=\"700\" width=\"525\" srcset=\"https:\/\/i0.wp.com\/tour.gradt.de\/wp-content\/uploads\/2018\/06\/img_9848.jpg?w=2448&amp;ssl=1 2448w, https:\/\/i0.wp.com\/tour.gradt.de\/wp-content\/uploads\/2018\/06\/img_9848.jpg?resize=225%2C300&amp;ssl=1 225w, https:\/\/i0.wp.com\/tour.gradt.de\/wp-content\/uploads\/2018\/06\/img_9848.jpg?resize=768%2C1024&amp;ssl=1 768w, https:\/\/i0.wp.com\/tour.gradt.de\/wp-content\/uploads\/2018\/06\/img_9848.jpg?w=1050 1050w, https:\/\/i0.wp.com\/tour.gradt.de\/wp-content\/uploads\/2018\/06\/img_9848.jpg?w=1575 1575w\" sizes=\"(max-width: 767px) 89vw, (max-width: 1000px) 54vw, (max-width: 1071px) 543px, 580px\" data-recalc-dims=\"1\" \/><\/p>\n<p><img loading=\"lazy\" src=\"https:\/\/i0.wp.com\/tour.gradt.de\/wp-content\/uploads\/2018\/06\/img_9847-1.jpg?resize=525%2C700\" class=\"alignnone wp-image-1557 size-full\" height=\"700\" width=\"525\" srcset=\"https:\/\/i0.wp.com\/tour.gradt.de\/wp-content\/uploads\/2018\/06\/img_9847-1.jpg?w=2448&amp;ssl=1 2448w, https:\/\/i0.wp.com\/tour.gradt.de\/wp-content\/uploads\/2018\/06\/img_9847-1.jpg?resize=225%2C300&amp;ssl=1 225w, https:\/\/i0.wp.com\/tour.gradt.de\/wp-content\/uploads\/2018\/06\/img_9847-1.jpg?resize=768%2C1024&amp;ssl=1 768w, https:\/\/i0.wp.com\/tour.gradt.de\/wp-content\/uploads\/2018\/06\/img_9847-1.jpg?w=1050 1050w, https:\/\/i0.wp.com\/tour.gradt.de\/wp-content\/uploads\/2018\/06\/img_9847-1.jpg?w=1575 1575w\" sizes=\"(max-width: 767px) 89vw, (max-width: 1000px) 54vw, (max-width: 1071px) 543px, 580px\" data-recalc-dims=\"1\" \/><\/p>\n<p>Anna hat zwischendurch ihr Handy verloren. Konnte sich aber daran erinnern, dass es im Auto sein sollte. Also haben wir das ganze Auto auf den Kopf gestellt. Christian hat es letztendlich gefunden. Gro\u00dfe Erleichterung bei Anna \ud83d\ude42 Sie hat dann Christian dankend mit seinem Lieblingsgetr\u00e4nk Cocktail &#8222;Long Island Iced Tee&#8220; aus der Campingbar \u00fcberrascht \ud83d\ude42<\/p>\n<p>Als die Kinder im Bett waren, haben wir den Abend bei Wein mit neuen Bekannten aus Dresden verbracht.<\/p>\n<p><img loading=\"lazy\" src=\"https:\/\/i0.wp.com\/tour.gradt.de\/wp-content\/uploads\/2018\/06\/img_9862.jpg?resize=525%2C700\" class=\"alignnone size-full wp-image-1558\" height=\"700\" width=\"525\" srcset=\"https:\/\/i0.wp.com\/tour.gradt.de\/wp-content\/uploads\/2018\/06\/img_9862.jpg?w=2448&amp;ssl=1 2448w, https:\/\/i0.wp.com\/tour.gradt.de\/wp-content\/uploads\/2018\/06\/img_9862.jpg?resize=225%2C300&amp;ssl=1 225w, https:\/\/i0.wp.com\/tour.gradt.de\/wp-content\/uploads\/2018\/06\/img_9862.jpg?resize=768%2C1024&amp;ssl=1 768w, https:\/\/i0.wp.com\/tour.gradt.de\/wp-content\/uploads\/2018\/06\/img_9862.jpg?w=1050 1050w, https:\/\/i0.wp.com\/tour.gradt.de\/wp-content\/uploads\/2018\/06\/img_9862.jpg?w=1575 1575w\" sizes=\"(max-width: 767px) 89vw, (max-width: 1000px) 54vw, (max-width: 1071px) 543px, 580px\" data-recalc-dims=\"1\" \/><\/p>\n<p>Dies ist ein sch\u00f6ner Campingplatz in Ungarn. Nicht so weit von Deutschland, ca. 8 Stunden Fahrt von uns. Man hat alles was man braucht und die Preise sind sehr attraktiv. Er hat sich f\u00fcr unsere Liste der &#8222;wir-kommen-wieder-Orte&#8220; qualifiziert.<\/p>\n","protected":false},"excerpt":{"rendered":"<p>Heute haben wir einen Tag Pause eingelegt. Entspannen uns, lassen die Kinder spielen, die Natur sp\u00fcren und erleben. Wir sind auf unserem Campingplatz am Balaton geblieben. Wir hatten heute nach der langen Hitzezeit den ersten Tag an dem es nicht hei\u00df war. Die Au\u00dfentemperatur ist bis auf 20 Grad gesunken, es hat zwischendurch geregnet und &hellip; <\/p>\n<p class=\"link-more\"><a href=\"https:\/\/tour.gradt.de\/?p=1559\" class=\"more-link\"><span class=\"screen-reader-text\">\u201eSee, einfach, rustikal, sch\u00f6n\u201c<\/span> weiterlesen<\/a><\/p>\n","protected":false},"author":1,"featured_media":1561,"comment_status":"open","ping_status":"closed","sticky":false,"template":"","format":"standard","meta":{"jetpack_post_was_ever_published":false,"jetpack_publicize_message":"","jetpack_is_tweetstorm":false,"jetpack_publicize_feature_enabled":true},"categories":[46],"tags":[],"jetpack_publicize_connections":[],"jetpack_featured_media_url":"https:\/\/i0.wp.com\/tour.gradt.de\/wp-content\/uploads\/2018\/06\/img_9839-1.jpg?fit=2448%2C3264&ssl=1","jetpack_sharing_enabled":true,"jetpack_shortlink":"https:\/\/wp.me\/p9KDky-p9","jetpack_likes_enabled":true,"_links":{"self":[{"href":"https:\/\/tour.gradt.de\/index.php?rest_route=\/wp\/v2\/posts\/1559"}],"collection":[{"href":"https:\/\/tour.gradt.de\/index.php?rest_route=\/wp\/v2\/posts"}],"about":[{"href":"https:\/\/tour.gradt.de\/index.php?rest_route=\/wp\/v2\/types\/post"}],"author":[{"embeddable":true,"href":"https:\/\/tour.gradt.de\/index.php?rest_route=\/wp\/v2\/users\/1"}],"replies":[{"embeddable":true,"href":"https:\/\/tour.gradt.de\/index.php?rest_route=%2Fwp%2Fv2%2Fcomments&post=1559"}],"version-history":[{"count":2,"href":"https:\/\/tour.gradt.de\/index.php?rest_route=\/wp\/v2\/posts\/1559\/revisions"}],"predecessor-version":[{"id":1562,"href":"https:\/\/tour.gradt.de\/index.php?rest_route=\/wp\/v2\/posts\/1559\/revisions\/1562"}],"wp:featuredmedia":[{"embeddable":true,"href":"https:\/\/tour.gradt.de\/index.php?rest_route=\/wp\/v2\/media\/1561"}],"wp:attachment":[{"href":"https:\/\/tour.gradt.de\/index.php?rest_route=%2Fwp%2Fv2%2Fmedia&parent=1559"}],"wp:term":[{"taxonomy":"category","embeddable":true,"href":"https:\/\/tour.gradt.de\/index.php?rest_route=%2Fwp%2Fv2%2Fcategories&post=1559"},{"taxonomy":"post_tag","embeddable":true,"href":"https:\/\/tour.gradt.de\/index.php?rest_route=%2Fwp%2Fv2%2Ftags&post=1559"}],"curies":[{"name":"wp","href":"https:\/\/api.w.org\/{rel}","templated":true}]}}