{"id":1655,"date":"2018-06-21T23:20:25","date_gmt":"2018-06-21T21:20:25","guid":{"rendered":"http:\/\/tour.gradt.de?p=1655"},"modified":"2018-06-22T09:22:26","modified_gmt":"2018-06-22T07:22:26","slug":"erfolglos","status":"publish","type":"post","link":"https:\/\/tour.gradt.de\/?p=1655","title":{"rendered":"Erfolglos"},"content":{"rendered":"<p>Der Tag beginnt. Die Sonne scheint. Die Familie Gradt steht auf. Das Lied &#8222;Es ist Rot Elfriede&#8220; l\u00e4uft immer wieder im Kreis wie fast jeden Tag. Dazu heute Haferflocken, Kaffee, Spiegelei.<\/p>\n<p>Wir bekommen eine Nachricht auf Whats App &#8222;\u041f\u0440\u0438\u0433\u043b\u0430\u0448\u0430\u044e \u0432 \u0431\u0430\u0441\u0441\u0435\u0439\u043d&#8220; (ich lade ins Schwimmbad ein). Die Nachricht war von unserer russischen Freundin Aljona.<\/p>\n<p><!--more-->Ihre Eltern betreiben ein Hotel in Selenogradsk und dort gibt&#8217;s ein Schwimmbad. Wir haben unsere Schwimmtasche gepackt und sind zusammen dahin. Gute zwei Stunden haben wir geplanscht.<\/p>\n<p><img loading=\"lazy\" src=\"https:\/\/i0.wp.com\/tour.gradt.de\/wp-content\/uploads\/2018\/06\/img_0416.jpg?resize=525%2C700\" class=\"alignnone wp-image-1656 size-full\" height=\"700\" width=\"525\" srcset=\"https:\/\/i0.wp.com\/tour.gradt.de\/wp-content\/uploads\/2018\/06\/img_0416.jpg?w=2448&amp;ssl=1 2448w, https:\/\/i0.wp.com\/tour.gradt.de\/wp-content\/uploads\/2018\/06\/img_0416.jpg?resize=225%2C300&amp;ssl=1 225w, https:\/\/i0.wp.com\/tour.gradt.de\/wp-content\/uploads\/2018\/06\/img_0416.jpg?resize=768%2C1024&amp;ssl=1 768w, https:\/\/i0.wp.com\/tour.gradt.de\/wp-content\/uploads\/2018\/06\/img_0416.jpg?w=1050 1050w, https:\/\/i0.wp.com\/tour.gradt.de\/wp-content\/uploads\/2018\/06\/img_0416.jpg?w=1575 1575w\" sizes=\"(max-width: 767px) 89vw, (max-width: 1000px) 54vw, (max-width: 1071px) 543px, 580px\" data-recalc-dims=\"1\" \/><\/p>\n<p>Danach ging&#8217;s weiter, um uns registrieren zu lassen. Die Ausl\u00e4nder, die mit Visum nach Russland kommen, m\u00fcssen nach der Einreise innerhalb von drei Tagen registriert sein, w\u00e4hrend WM-Zeit sogar innerhalb 24 Stunden. Wir waren schon deutlich dr\u00fcber. Wir waren bereits gestern kurz in dieser Beh\u00f6rde, um uns zu registrieren. Aber auch heute war unsere Registrierung erfolglos. Anna kann uns nur registrieren, wenn sie einen Inlandspass hat. Oma und Opa k\u00f6nnten das \u00fcbernehmen, aber die m\u00fcssen pers\u00f6nlich erscheinen. Das ist im Moment nicht m\u00f6glich. Wir haben entschieden das sein lassen und auf Risiko gehen. Es kann passieren, dass wir bei der Ausreise kontrolliert werden und evtl. eine Strafe bezahlen m\u00fcssen. Wir sind jedes Jahr einmal in Russland und bis jetzt hat uns Keiner kontrolliert. Hoffentlich geht&#8217;s auch dieses Jahr gut.<\/p>\n<p>Im Anschluss sind wir zu den Gro\u00dfeltern. Die Anna&#8217;s Mutter ist heute aus Deutschland eingetroffen. Die Kinder haben ihre Oma schon lange nicht gesehen, haben sich riesig gefreut und wollten nur mit ihr spielen.<\/p>\n<p>W\u00e4hrend die Kinder so gut mit ihrer Oma Tatjana gespielt haben, haben wir uns bei der staatlichen Sozialstelle in der Stadt \u00fcber die M\u00f6glichkeiten f\u00fcr eine Unterst\u00fctzung informiert, wenn niemand von uns hier sein kann. Schwierig, da es \u00e4hnlich zum deutschen Pflegesystem in Russland ein Stufensystem gibt und dieses erst greift, wenn ein Arzt eine Einstufung anordnet. Diese Anordnung haben wir aber noch nicht. Also m\u00fcsssen wir eine Alternative zum Staat suchen.<\/p>\n<p>Am sp\u00e4ten Nachmittag haben wir Adrian mitgenommen und sind mit unserer Freundin Aljona nach Kaliningrad gefahren. Sie musste ihr WM- Ticket zum Spiel Marokko gegen Spanien abholen und wir wollten drei Tickets, f\u00fcr Christian, Anna und Adrian, kaufen. Wieder erfolglos. Wir wollten Tickets in der dritten Kategorie, jedoch gab&#8217;s nur die erste Kategorie. Der Rest war schon weg. Man hat uns empfohlen online zu schauen, da sich die Angebote alle 10min \u00e4ndern. Es w\u00e4re ein tolles, einmaliges Erlebnis ein WM-Spiel in Russland vor der Haust\u00fcr zu erleben. Christian und Adrian gehen voll ab, Anna geht halt mit \ud83d\ude09 den Ball auf der gr\u00fcnen Wiese rollen zu sehen \ud83d\ude42<\/p>\n<p>Als wir zur\u00fcck waren, haben die Kinder schon geschlafen. Wir haben das WoMo von Aljonas Haus zu Omas Wohnung umgesetzt, die Kinder &#8222;umgetopft&#8220; und sind im WoMo zu Bett gegangen.<\/p>\n<p>War ein sch\u00f6ner Tag, halt etwas erfolglos \ud83d\ude09<\/p>\n<p><img loading=\"lazy\" src=\"https:\/\/i0.wp.com\/tour.gradt.de\/wp-content\/uploads\/2018\/06\/img_0437.jpg?resize=525%2C700\" class=\"alignnone wp-image-1658 size-full\" height=\"700\" width=\"525\" srcset=\"https:\/\/i0.wp.com\/tour.gradt.de\/wp-content\/uploads\/2018\/06\/img_0437.jpg?w=2448&amp;ssl=1 2448w, https:\/\/i0.wp.com\/tour.gradt.de\/wp-content\/uploads\/2018\/06\/img_0437.jpg?resize=225%2C300&amp;ssl=1 225w, https:\/\/i0.wp.com\/tour.gradt.de\/wp-content\/uploads\/2018\/06\/img_0437.jpg?resize=768%2C1024&amp;ssl=1 768w, https:\/\/i0.wp.com\/tour.gradt.de\/wp-content\/uploads\/2018\/06\/img_0437.jpg?w=1050 1050w, https:\/\/i0.wp.com\/tour.gradt.de\/wp-content\/uploads\/2018\/06\/img_0437.jpg?w=1575 1575w\" sizes=\"(max-width: 767px) 89vw, (max-width: 1000px) 54vw, (max-width: 1071px) 543px, 580px\" data-recalc-dims=\"1\" \/><\/p>\n<p><img loading=\"lazy\" src=\"https:\/\/i0.wp.com\/tour.gradt.de\/wp-content\/uploads\/2018\/06\/img_0443.jpg?resize=525%2C700\" class=\"alignnone wp-image-1659 size-full\" height=\"700\" width=\"525\" srcset=\"https:\/\/i0.wp.com\/tour.gradt.de\/wp-content\/uploads\/2018\/06\/img_0443.jpg?w=2448&amp;ssl=1 2448w, https:\/\/i0.wp.com\/tour.gradt.de\/wp-content\/uploads\/2018\/06\/img_0443.jpg?resize=225%2C300&amp;ssl=1 225w, https:\/\/i0.wp.com\/tour.gradt.de\/wp-content\/uploads\/2018\/06\/img_0443.jpg?resize=768%2C1024&amp;ssl=1 768w, https:\/\/i0.wp.com\/tour.gradt.de\/wp-content\/uploads\/2018\/06\/img_0443.jpg?w=1050 1050w, https:\/\/i0.wp.com\/tour.gradt.de\/wp-content\/uploads\/2018\/06\/img_0443.jpg?w=1575 1575w\" sizes=\"(max-width: 767px) 89vw, (max-width: 1000px) 54vw, (max-width: 1071px) 543px, 580px\" data-recalc-dims=\"1\" \/><\/p>\n","protected":false},"excerpt":{"rendered":"<p>Der Tag beginnt. Die Sonne scheint. Die Familie Gradt steht auf. Das Lied &#8222;Es ist Rot Elfriede&#8220; l\u00e4uft immer wieder im Kreis wie fast jeden Tag. Dazu heute Haferflocken, Kaffee, Spiegelei. Wir bekommen eine Nachricht auf Whats App &#8222;\u041f\u0440\u0438\u0433\u043b\u0430\u0448\u0430\u044e \u0432 \u0431\u0430\u0441\u0441\u0435\u0439\u043d&#8220; (ich lade ins Schwimmbad ein). Die Nachricht war von unserer russischen Freundin Aljona.<\/p>\n","protected":false},"author":1,"featured_media":1658,"comment_status":"open","ping_status":"closed","sticky":false,"template":"","format":"standard","meta":{"jetpack_post_was_ever_published":false,"jetpack_publicize_message":"","jetpack_is_tweetstorm":false,"jetpack_publicize_feature_enabled":true},"categories":[18],"tags":[],"jetpack_publicize_connections":[],"jetpack_featured_media_url":"https:\/\/i0.wp.com\/tour.gradt.de\/wp-content\/uploads\/2018\/06\/img_0437.jpg?fit=2448%2C3264&ssl=1","jetpack_sharing_enabled":true,"jetpack_shortlink":"https:\/\/wp.me\/p9KDky-qH","jetpack_likes_enabled":true,"_links":{"self":[{"href":"https:\/\/tour.gradt.de\/index.php?rest_route=\/wp\/v2\/posts\/1655"}],"collection":[{"href":"https:\/\/tour.gradt.de\/index.php?rest_route=\/wp\/v2\/posts"}],"about":[{"href":"https:\/\/tour.gradt.de\/index.php?rest_route=\/wp\/v2\/types\/post"}],"author":[{"embeddable":true,"href":"https:\/\/tour.gradt.de\/index.php?rest_route=\/wp\/v2\/users\/1"}],"replies":[{"embeddable":true,"href":"https:\/\/tour.gradt.de\/index.php?rest_route=%2Fwp%2Fv2%2Fcomments&post=1655"}],"version-history":[{"count":4,"href":"https:\/\/tour.gradt.de\/index.php?rest_route=\/wp\/v2\/posts\/1655\/revisions"}],"predecessor-version":[{"id":1662,"href":"https:\/\/tour.gradt.de\/index.php?rest_route=\/wp\/v2\/posts\/1655\/revisions\/1662"}],"wp:featuredmedia":[{"embeddable":true,"href":"https:\/\/tour.gradt.de\/index.php?rest_route=\/wp\/v2\/media\/1658"}],"wp:attachment":[{"href":"https:\/\/tour.gradt.de\/index.php?rest_route=%2Fwp%2Fv2%2Fmedia&parent=1655"}],"wp:term":[{"taxonomy":"category","embeddable":true,"href":"https:\/\/tour.gradt.de\/index.php?rest_route=%2Fwp%2Fv2%2Fcategories&post=1655"},{"taxonomy":"post_tag","embeddable":true,"href":"https:\/\/tour.gradt.de\/index.php?rest_route=%2Fwp%2Fv2%2Ftags&post=1655"}],"curies":[{"name":"wp","href":"https:\/\/api.w.org\/{rel}","templated":true}]}}