{"id":166,"date":"2018-03-12T21:07:59","date_gmt":"2018-03-12T20:07:59","guid":{"rendered":"http:\/\/tour.gradt.de\/?p=166"},"modified":"2018-04-19T11:39:16","modified_gmt":"2018-04-19T09:39:16","slug":"probiers-mal-mit-gemuetlichkeit","status":"publish","type":"post","link":"https:\/\/tour.gradt.de\/?p=166","title":{"rendered":"Probier\u2018s mal mit Gem\u00fctlichkeit"},"content":{"rendered":"<p>Nach einer ruhigen Nacht sturmgesch\u00fctzt an einer Mauer des Parkplatzes, wurde ausgiebig gefr\u00fchst\u00fcckt. Mama hat allen Aladuschki (rus. f\u00fcr dicke Minipfannkuchen) gemacht und somit w\u00e4ren wir fit f\u00fcr einen l\u00e4ngeren Fahrtabschnitt bis in die Bucht von La Coru\u00f1a.<\/p>\n<p>Doch bevor es losging spazierten die Frauen und der ganz Kleine nochmal zum Wasser. W\u00e4hrenddessen haben der Gro\u00dfe und Papa das Auto &#8222;frisch&#8220; gemacht, also alles schwarze und graue Wasser raus und frisches Wasser rein. Ein paar kleinere Reparaturen durchgef\u00fchrt &#8211; so langsam lernen wir was &#8222;Leichtbauweise&#8220; im Detail bedeutet \ud83d\ude09<\/p>\n<p>Auf der windigen Fahrt ging es \u00fcber die H\u00f6hen der Gallizischen Berge und dann nach Ferrol am n\u00f6rdlichen Ende der Bucht von La Coru\u00f1a. Nach einem Spaziergang mit Einkauf ging es dann weiter in die heimliche Hauptstadt Galliziens. Wir \u00fcbernachten heute in der Marina Coru\u00f1a unmittelbar neben der Altstadt, welche wir beim Abendspaziergang schon kurz angeschaut haben.<\/p>\n<p>Morgen bleiben wir erstmal hier und suchen uns am Abend vielleicht einen anderen Stellplatz&#8230; mal schauen!<\/p>\n<p><img src=\"https:\/\/i0.wp.com\/tour.gradt.de\/wp-content\/uploads\/2018\/03\/img_4249.jpg?w=525\" class=\"size-full\" data-recalc-dims=\"1\"><img src=\"https:\/\/i0.wp.com\/tour.gradt.de\/wp-content\/uploads\/2018\/03\/img_4253.jpg?w=525\" class=\"size-full\" data-recalc-dims=\"1\"><img src=\"https:\/\/i0.wp.com\/tour.gradt.de\/wp-content\/uploads\/2018\/03\/img_4257.jpg?w=525\" class=\"size-full\" data-recalc-dims=\"1\"><img src=\"https:\/\/i0.wp.com\/tour.gradt.de\/wp-content\/uploads\/2018\/03\/img_4266.jpg?w=525\" class=\"size-full\" data-recalc-dims=\"1\"><\/p>\n","protected":false},"excerpt":{"rendered":"<p>Nach einer ruhigen Nacht sturmgesch\u00fctzt an einer Mauer des Parkplatzes, wurde ausgiebig gefr\u00fchst\u00fcckt. Mama hat allen Aladuschki (rus. f\u00fcr dicke Minipfannkuchen) gemacht und somit w\u00e4ren wir fit f\u00fcr einen l\u00e4ngeren Fahrtabschnitt bis in die Bucht von La Coru\u00f1a. Doch bevor es losging spazierten die Frauen und der ganz Kleine nochmal zum Wasser. W\u00e4hrenddessen haben der &hellip; <\/p>\n<p class=\"link-more\"><a href=\"https:\/\/tour.gradt.de\/?p=166\" class=\"more-link\"><span class=\"screen-reader-text\">\u201eProbier\u2018s mal mit Gem\u00fctlichkeit\u201c<\/span> weiterlesen<\/a><\/p>\n","protected":false},"author":2,"featured_media":0,"comment_status":"open","ping_status":"open","sticky":false,"template":"","format":"standard","meta":{"jetpack_post_was_ever_published":false,"jetpack_publicize_message":"","jetpack_is_tweetstorm":false,"jetpack_publicize_feature_enabled":true},"categories":[5],"tags":[],"jetpack_publicize_connections":[],"jetpack_featured_media_url":"","jetpack_sharing_enabled":true,"jetpack_shortlink":"https:\/\/wp.me\/p9KDky-2G","jetpack_likes_enabled":true,"_links":{"self":[{"href":"https:\/\/tour.gradt.de\/index.php?rest_route=\/wp\/v2\/posts\/166"}],"collection":[{"href":"https:\/\/tour.gradt.de\/index.php?rest_route=\/wp\/v2\/posts"}],"about":[{"href":"https:\/\/tour.gradt.de\/index.php?rest_route=\/wp\/v2\/types\/post"}],"author":[{"embeddable":true,"href":"https:\/\/tour.gradt.de\/index.php?rest_route=\/wp\/v2\/users\/2"}],"replies":[{"embeddable":true,"href":"https:\/\/tour.gradt.de\/index.php?rest_route=%2Fwp%2Fv2%2Fcomments&post=166"}],"version-history":[{"count":4,"href":"https:\/\/tour.gradt.de\/index.php?rest_route=\/wp\/v2\/posts\/166\/revisions"}],"predecessor-version":[{"id":170,"href":"https:\/\/tour.gradt.de\/index.php?rest_route=\/wp\/v2\/posts\/166\/revisions\/170"}],"wp:attachment":[{"href":"https:\/\/tour.gradt.de\/index.php?rest_route=%2Fwp%2Fv2%2Fmedia&parent=166"}],"wp:term":[{"taxonomy":"category","embeddable":true,"href":"https:\/\/tour.gradt.de\/index.php?rest_route=%2Fwp%2Fv2%2Fcategories&post=166"},{"taxonomy":"post_tag","embeddable":true,"href":"https:\/\/tour.gradt.de\/index.php?rest_route=%2Fwp%2Fv2%2Ftags&post=166"}],"curies":[{"name":"wp","href":"https:\/\/api.w.org\/{rel}","templated":true}]}}