{"id":1673,"date":"2018-06-22T23:30:48","date_gmt":"2018-06-22T21:30:48","guid":{"rendered":"http:\/\/tour.gradt.de?p=1673"},"modified":"2018-06-23T08:07:30","modified_gmt":"2018-06-23T06:07:30","slug":"es-wird-besser","status":"publish","type":"post","link":"https:\/\/tour.gradt.de\/?p=1673","title":{"rendered":"Es wird besser"},"content":{"rendered":"<p>Noch gestern waren wir im Schwimmbad und es war richtig warm. Heute ist die Au\u00dfentemperatur auf 13 Grad gesunken und es ist st\u00fcrmisch und regnerisch drau\u00dfen. Eigentlich wollten wir mit dem neuen Zug nach Kaliningrad fahren, sind aber wegen des nassen Wetters zu Hause geblieben. Der Zug ist neu, relativ schnell und f\u00e4hrt nur w\u00e4hrend Fu\u00dfball WM-Zeit die Strecke Selenogradsk &#8211; Kaliningrad.<!--more-->Unserem Opa geht&#8217;s jeden Tag besser. Heute wollte er sogar in den Garten arbeiten gehen. Wir alle mussten ihm erkl\u00e4ren, dass er das jetzt noch nicht machen darf. Nach einer recht langen Diskussion hat er auf uns geh\u00f6rt und ist zu Hause geblieben. Er hat Anna und Christian vom Fenster aus die Anweisungen gegeben was im Garten zu tun ist und wir haben dann das erledigt. Ansonsten w\u00fcrde viel gespielt, in Regenpausen waren wir kurz auf dem Spielplatz und Anna hat viel mit Opa geredet.<\/p>\n<p>Es ist sehr interessant zu erfahren, wie es fr\u00fcher war und sich wieder mal daran zu erinnern, wie gut uns jetzt geht und wir eigentlich nicht jammern sollten.<\/p>\n<p><img loading=\"lazy\" src=\"https:\/\/i0.wp.com\/tour.gradt.de\/wp-content\/uploads\/2018\/06\/img_0456.jpg?resize=525%2C700\" class=\"alignnone wp-image-1670 size-full\" height=\"700\" width=\"525\" srcset=\"https:\/\/i0.wp.com\/tour.gradt.de\/wp-content\/uploads\/2018\/06\/img_0456.jpg?w=2448&amp;ssl=1 2448w, https:\/\/i0.wp.com\/tour.gradt.de\/wp-content\/uploads\/2018\/06\/img_0456.jpg?resize=225%2C300&amp;ssl=1 225w, https:\/\/i0.wp.com\/tour.gradt.de\/wp-content\/uploads\/2018\/06\/img_0456.jpg?resize=768%2C1024&amp;ssl=1 768w, https:\/\/i0.wp.com\/tour.gradt.de\/wp-content\/uploads\/2018\/06\/img_0456.jpg?w=1050 1050w, https:\/\/i0.wp.com\/tour.gradt.de\/wp-content\/uploads\/2018\/06\/img_0456.jpg?w=1575 1575w\" sizes=\"(max-width: 767px) 89vw, (max-width: 1000px) 54vw, (max-width: 1071px) 543px, 580px\" data-recalc-dims=\"1\" \/><img loading=\"lazy\" src=\"https:\/\/i0.wp.com\/tour.gradt.de\/wp-content\/uploads\/2018\/06\/img_0462.jpg?resize=525%2C700\" class=\"alignnone size-full wp-image-1671\" height=\"700\" width=\"525\" srcset=\"https:\/\/i0.wp.com\/tour.gradt.de\/wp-content\/uploads\/2018\/06\/img_0462.jpg?w=2448&amp;ssl=1 2448w, https:\/\/i0.wp.com\/tour.gradt.de\/wp-content\/uploads\/2018\/06\/img_0462.jpg?resize=225%2C300&amp;ssl=1 225w, https:\/\/i0.wp.com\/tour.gradt.de\/wp-content\/uploads\/2018\/06\/img_0462.jpg?resize=768%2C1024&amp;ssl=1 768w, https:\/\/i0.wp.com\/tour.gradt.de\/wp-content\/uploads\/2018\/06\/img_0462.jpg?w=1050 1050w, https:\/\/i0.wp.com\/tour.gradt.de\/wp-content\/uploads\/2018\/06\/img_0462.jpg?w=1575 1575w\" sizes=\"(max-width: 767px) 89vw, (max-width: 1000px) 54vw, (max-width: 1071px) 543px, 580px\" data-recalc-dims=\"1\" \/><img loading=\"lazy\" src=\"https:\/\/i0.wp.com\/tour.gradt.de\/wp-content\/uploads\/2018\/06\/img_0464.jpg?resize=525%2C700\" class=\"alignnone wp-image-1669 size-full\" height=\"700\" width=\"525\" srcset=\"https:\/\/i0.wp.com\/tour.gradt.de\/wp-content\/uploads\/2018\/06\/img_0464.jpg?w=2448&amp;ssl=1 2448w, https:\/\/i0.wp.com\/tour.gradt.de\/wp-content\/uploads\/2018\/06\/img_0464.jpg?resize=225%2C300&amp;ssl=1 225w, https:\/\/i0.wp.com\/tour.gradt.de\/wp-content\/uploads\/2018\/06\/img_0464.jpg?resize=768%2C1024&amp;ssl=1 768w, https:\/\/i0.wp.com\/tour.gradt.de\/wp-content\/uploads\/2018\/06\/img_0464.jpg?w=1050 1050w, https:\/\/i0.wp.com\/tour.gradt.de\/wp-content\/uploads\/2018\/06\/img_0464.jpg?w=1575 1575w\" sizes=\"(max-width: 767px) 89vw, (max-width: 1000px) 54vw, (max-width: 1071px) 543px, 580px\" data-recalc-dims=\"1\" \/><\/p>\n","protected":false},"excerpt":{"rendered":"<p>Noch gestern waren wir im Schwimmbad und es war richtig warm. Heute ist die Au\u00dfentemperatur auf 13 Grad gesunken und es ist st\u00fcrmisch und regnerisch drau\u00dfen. Eigentlich wollten wir mit dem neuen Zug nach Kaliningrad fahren, sind aber wegen des nassen Wetters zu Hause geblieben. Der Zug ist neu, relativ schnell und f\u00e4hrt nur w\u00e4hrend &hellip; <\/p>\n<p class=\"link-more\"><a href=\"https:\/\/tour.gradt.de\/?p=1673\" class=\"more-link\"><span class=\"screen-reader-text\">\u201eEs wird besser\u201c<\/span> weiterlesen<\/a><\/p>\n","protected":false},"author":1,"featured_media":1672,"comment_status":"open","ping_status":"closed","sticky":false,"template":"","format":"standard","meta":{"jetpack_post_was_ever_published":false,"jetpack_publicize_message":"","jetpack_is_tweetstorm":false,"jetpack_publicize_feature_enabled":true},"categories":[18],"tags":[],"jetpack_publicize_connections":[],"jetpack_featured_media_url":"https:\/\/i0.wp.com\/tour.gradt.de\/wp-content\/uploads\/2018\/06\/img_2009.jpg?fit=3024%2C4032&ssl=1","jetpack_sharing_enabled":true,"jetpack_shortlink":"https:\/\/wp.me\/p9KDky-qZ","jetpack_likes_enabled":true,"_links":{"self":[{"href":"https:\/\/tour.gradt.de\/index.php?rest_route=\/wp\/v2\/posts\/1673"}],"collection":[{"href":"https:\/\/tour.gradt.de\/index.php?rest_route=\/wp\/v2\/posts"}],"about":[{"href":"https:\/\/tour.gradt.de\/index.php?rest_route=\/wp\/v2\/types\/post"}],"author":[{"embeddable":true,"href":"https:\/\/tour.gradt.de\/index.php?rest_route=\/wp\/v2\/users\/1"}],"replies":[{"embeddable":true,"href":"https:\/\/tour.gradt.de\/index.php?rest_route=%2Fwp%2Fv2%2Fcomments&post=1673"}],"version-history":[{"count":2,"href":"https:\/\/tour.gradt.de\/index.php?rest_route=\/wp\/v2\/posts\/1673\/revisions"}],"predecessor-version":[{"id":1675,"href":"https:\/\/tour.gradt.de\/index.php?rest_route=\/wp\/v2\/posts\/1673\/revisions\/1675"}],"wp:featuredmedia":[{"embeddable":true,"href":"https:\/\/tour.gradt.de\/index.php?rest_route=\/wp\/v2\/media\/1672"}],"wp:attachment":[{"href":"https:\/\/tour.gradt.de\/index.php?rest_route=%2Fwp%2Fv2%2Fmedia&parent=1673"}],"wp:term":[{"taxonomy":"category","embeddable":true,"href":"https:\/\/tour.gradt.de\/index.php?rest_route=%2Fwp%2Fv2%2Fcategories&post=1673"},{"taxonomy":"post_tag","embeddable":true,"href":"https:\/\/tour.gradt.de\/index.php?rest_route=%2Fwp%2Fv2%2Ftags&post=1673"}],"curies":[{"name":"wp","href":"https:\/\/api.w.org\/{rel}","templated":true}]}}