{"id":1699,"date":"2018-06-24T23:30:53","date_gmt":"2018-06-24T21:30:53","guid":{"rendered":"http:\/\/tour.gradt.de?p=1699"},"modified":"2018-06-26T09:12:33","modified_gmt":"2018-06-26T07:12:33","slug":"in-selenogradsk","status":"publish","type":"post","link":"https:\/\/tour.gradt.de\/?p=1699","title":{"rendered":"In Selenogradsk"},"content":{"rendered":"<p>Nach einem ausgiebigen Fr\u00fchst\u00fcck mit Pfannkuchen von Oma und zahlreichen Gespr\u00e4chen mit Opa sind wir spazieren gegangen. Opa darf noch nicht raus und jemand sollte zu Hause auf ihn aufpassen. Oma sollte mal auch in die frische Luft. Christian ist geblieben und auf den Opa aufgepasst, au\u00dferdem er konnte die Zeit gut nutzen und unsere Bilder und Videos von den Kameras herunterladen und ein bisschen sortieren.<\/p>\n<p><!--more-->Es ist nur 15 min zu Fu\u00df von zu Hause bis zum Strand. Wir sind durch den Park auf den Spielplatz gelaufen. Haben dort hei\u00dfe Mais gegessen und die Kinder sind auf dem Trampolin gesprungen.<\/p>\n<p><img loading=\"lazy\" src=\"https:\/\/i0.wp.com\/tour.gradt.de\/wp-content\/uploads\/2018\/06\/img_0554.jpg?resize=525%2C700\" class=\"alignnone size-full wp-image-1692\" height=\"700\" width=\"525\" srcset=\"https:\/\/i0.wp.com\/tour.gradt.de\/wp-content\/uploads\/2018\/06\/img_0554.jpg?w=2448&amp;ssl=1 2448w, https:\/\/i0.wp.com\/tour.gradt.de\/wp-content\/uploads\/2018\/06\/img_0554.jpg?resize=225%2C300&amp;ssl=1 225w, https:\/\/i0.wp.com\/tour.gradt.de\/wp-content\/uploads\/2018\/06\/img_0554.jpg?resize=768%2C1024&amp;ssl=1 768w, https:\/\/i0.wp.com\/tour.gradt.de\/wp-content\/uploads\/2018\/06\/img_0554.jpg?w=1050 1050w, https:\/\/i0.wp.com\/tour.gradt.de\/wp-content\/uploads\/2018\/06\/img_0554.jpg?w=1575 1575w\" sizes=\"(max-width: 767px) 89vw, (max-width: 1000px) 54vw, (max-width: 1071px) 543px, 580px\" data-recalc-dims=\"1\" \/><img loading=\"lazy\" src=\"https:\/\/i0.wp.com\/tour.gradt.de\/wp-content\/uploads\/2018\/06\/img_0561.jpg?resize=525%2C700\" class=\"alignnone size-full wp-image-1691\" height=\"700\" width=\"525\" srcset=\"https:\/\/i0.wp.com\/tour.gradt.de\/wp-content\/uploads\/2018\/06\/img_0561.jpg?w=2448&amp;ssl=1 2448w, https:\/\/i0.wp.com\/tour.gradt.de\/wp-content\/uploads\/2018\/06\/img_0561.jpg?resize=225%2C300&amp;ssl=1 225w, https:\/\/i0.wp.com\/tour.gradt.de\/wp-content\/uploads\/2018\/06\/img_0561.jpg?resize=768%2C1024&amp;ssl=1 768w, https:\/\/i0.wp.com\/tour.gradt.de\/wp-content\/uploads\/2018\/06\/img_0561.jpg?w=1050 1050w, https:\/\/i0.wp.com\/tour.gradt.de\/wp-content\/uploads\/2018\/06\/img_0561.jpg?w=1575 1575w\" sizes=\"(max-width: 767px) 89vw, (max-width: 1000px) 54vw, (max-width: 1071px) 543px, 580px\" data-recalc-dims=\"1\" \/><\/p>\n<p><img loading=\"lazy\" src=\"https:\/\/i0.wp.com\/tour.gradt.de\/wp-content\/uploads\/2018\/06\/img_0564.jpg?resize=525%2C700\" class=\"alignnone size-full wp-image-1693\" height=\"700\" width=\"525\" srcset=\"https:\/\/i0.wp.com\/tour.gradt.de\/wp-content\/uploads\/2018\/06\/img_0564.jpg?w=2448&amp;ssl=1 2448w, https:\/\/i0.wp.com\/tour.gradt.de\/wp-content\/uploads\/2018\/06\/img_0564.jpg?resize=225%2C300&amp;ssl=1 225w, https:\/\/i0.wp.com\/tour.gradt.de\/wp-content\/uploads\/2018\/06\/img_0564.jpg?resize=768%2C1024&amp;ssl=1 768w, https:\/\/i0.wp.com\/tour.gradt.de\/wp-content\/uploads\/2018\/06\/img_0564.jpg?w=1050 1050w, https:\/\/i0.wp.com\/tour.gradt.de\/wp-content\/uploads\/2018\/06\/img_0564.jpg?w=1575 1575w\" sizes=\"(max-width: 767px) 89vw, (max-width: 1000px) 54vw, (max-width: 1071px) 543px, 580px\" data-recalc-dims=\"1\" \/><img loading=\"lazy\" src=\"https:\/\/i0.wp.com\/tour.gradt.de\/wp-content\/uploads\/2018\/06\/img_0572.jpg?resize=525%2C700\" class=\"alignnone size-full wp-image-1694\" height=\"700\" width=\"525\" srcset=\"https:\/\/i0.wp.com\/tour.gradt.de\/wp-content\/uploads\/2018\/06\/img_0572.jpg?w=2448&amp;ssl=1 2448w, https:\/\/i0.wp.com\/tour.gradt.de\/wp-content\/uploads\/2018\/06\/img_0572.jpg?resize=225%2C300&amp;ssl=1 225w, https:\/\/i0.wp.com\/tour.gradt.de\/wp-content\/uploads\/2018\/06\/img_0572.jpg?resize=768%2C1024&amp;ssl=1 768w, https:\/\/i0.wp.com\/tour.gradt.de\/wp-content\/uploads\/2018\/06\/img_0572.jpg?w=1050 1050w, https:\/\/i0.wp.com\/tour.gradt.de\/wp-content\/uploads\/2018\/06\/img_0572.jpg?w=1575 1575w\" sizes=\"(max-width: 767px) 89vw, (max-width: 1000px) 54vw, (max-width: 1071px) 543px, 580px\" data-recalc-dims=\"1\" \/><\/p>\n<p>Die Zeit ist wie im Flug vergangen. Wir waren 3,5 Stunden spazieren. Auf dem R\u00fcckweg sind wir wieder durch den Park und auch teilweise durch die Stadt.<\/p>\n<p>Die Stadt Selenogradsk hie\u00df bis 1947 deutsch: Cranz. Sie war und ist ein beliebter Badeort. Heute l\u00e4sst sich der Name mit &#8222;gr\u00fcne Stadt&#8220; \u00fcbersetzen. Direkt am s\u00fcdlichen Ende der Kurischen Nehrung gelegen, hat sie als einziges Seebad in der Region Kaliningrad einen flachen und breiten Sandstrand. In Swetlogorsk und Jantarnij gibt es steile K\u00fcsten, wie auf R\u00fcgen. Zu den ber\u00fchmten S\u00f6hnen und T\u00f6chtern der Stadt z\u00e4hlen der Schauspieler Volker Lechtenbrink, der NDR Moderator Wolf-Dieter Stubel (&#8222;Hallo Fans, Hallo Freunde&#8220;), sowie die Unternehmerin Beate Uhse. Viele Geb\u00e4ude &#8211; wie das Hotel K\u00f6nigin Luise&#8220; &#8211; zeugen noch vom alten Glanz des Kurbades aus preu\u00dfischer Zeit.<\/p>\n<p>Christian hat w\u00e4hrend wir weg waren Opa den Radiowecker neu eingestellt, ihn davon abgehalten die Gurken im Garten zu gie\u00dfen und ein paar Fotos heruntergeladen und sortiert.<\/p>\n<p>Nach einem &#8222;schnellen&#8220; Abendessen ging es f\u00fcr die Kinder ins Bett. Anna hat noch bis tief in die Nacht Opas Geschichten gelauscht, Christian hat Fu\u00dfball geschaut.<\/p>\n<p><img loading=\"lazy\" src=\"https:\/\/i0.wp.com\/tour.gradt.de\/wp-content\/uploads\/2018\/06\/img_0569.jpg?resize=525%2C700\" class=\"alignnone wp-image-1695 size-full\" height=\"700\" width=\"525\" srcset=\"https:\/\/i0.wp.com\/tour.gradt.de\/wp-content\/uploads\/2018\/06\/img_0569.jpg?w=2448&amp;ssl=1 2448w, https:\/\/i0.wp.com\/tour.gradt.de\/wp-content\/uploads\/2018\/06\/img_0569.jpg?resize=225%2C300&amp;ssl=1 225w, https:\/\/i0.wp.com\/tour.gradt.de\/wp-content\/uploads\/2018\/06\/img_0569.jpg?resize=768%2C1024&amp;ssl=1 768w, https:\/\/i0.wp.com\/tour.gradt.de\/wp-content\/uploads\/2018\/06\/img_0569.jpg?w=1050 1050w, https:\/\/i0.wp.com\/tour.gradt.de\/wp-content\/uploads\/2018\/06\/img_0569.jpg?w=1575 1575w\" sizes=\"(max-width: 767px) 89vw, (max-width: 1000px) 54vw, (max-width: 1071px) 543px, 580px\" data-recalc-dims=\"1\" \/><img loading=\"lazy\" src=\"https:\/\/i0.wp.com\/tour.gradt.de\/wp-content\/uploads\/2018\/06\/img_0579.jpg?resize=525%2C700\" class=\"alignnone size-full wp-image-1698\" height=\"700\" width=\"525\" srcset=\"https:\/\/i0.wp.com\/tour.gradt.de\/wp-content\/uploads\/2018\/06\/img_0579.jpg?w=2448&amp;ssl=1 2448w, https:\/\/i0.wp.com\/tour.gradt.de\/wp-content\/uploads\/2018\/06\/img_0579.jpg?resize=225%2C300&amp;ssl=1 225w, https:\/\/i0.wp.com\/tour.gradt.de\/wp-content\/uploads\/2018\/06\/img_0579.jpg?resize=768%2C1024&amp;ssl=1 768w, https:\/\/i0.wp.com\/tour.gradt.de\/wp-content\/uploads\/2018\/06\/img_0579.jpg?w=1050 1050w, https:\/\/i0.wp.com\/tour.gradt.de\/wp-content\/uploads\/2018\/06\/img_0579.jpg?w=1575 1575w\" sizes=\"(max-width: 767px) 89vw, (max-width: 1000px) 54vw, (max-width: 1071px) 543px, 580px\" data-recalc-dims=\"1\" \/><img loading=\"lazy\" src=\"https:\/\/i0.wp.com\/tour.gradt.de\/wp-content\/uploads\/2018\/06\/img_0580.jpg?resize=525%2C700\" class=\"alignnone size-full wp-image-1696\" height=\"700\" width=\"525\" srcset=\"https:\/\/i0.wp.com\/tour.gradt.de\/wp-content\/uploads\/2018\/06\/img_0580.jpg?w=2448&amp;ssl=1 2448w, https:\/\/i0.wp.com\/tour.gradt.de\/wp-content\/uploads\/2018\/06\/img_0580.jpg?resize=225%2C300&amp;ssl=1 225w, https:\/\/i0.wp.com\/tour.gradt.de\/wp-content\/uploads\/2018\/06\/img_0580.jpg?resize=768%2C1024&amp;ssl=1 768w, https:\/\/i0.wp.com\/tour.gradt.de\/wp-content\/uploads\/2018\/06\/img_0580.jpg?w=1050 1050w, https:\/\/i0.wp.com\/tour.gradt.de\/wp-content\/uploads\/2018\/06\/img_0580.jpg?w=1575 1575w\" sizes=\"(max-width: 767px) 89vw, (max-width: 1000px) 54vw, (max-width: 1071px) 543px, 580px\" data-recalc-dims=\"1\" \/><img loading=\"lazy\" src=\"https:\/\/i0.wp.com\/tour.gradt.de\/wp-content\/uploads\/2018\/06\/img_0581.jpg?resize=525%2C700\" class=\"alignnone size-full wp-image-1697\" height=\"700\" width=\"525\" srcset=\"https:\/\/i0.wp.com\/tour.gradt.de\/wp-content\/uploads\/2018\/06\/img_0581.jpg?w=2448&amp;ssl=1 2448w, https:\/\/i0.wp.com\/tour.gradt.de\/wp-content\/uploads\/2018\/06\/img_0581.jpg?resize=225%2C300&amp;ssl=1 225w, https:\/\/i0.wp.com\/tour.gradt.de\/wp-content\/uploads\/2018\/06\/img_0581.jpg?resize=768%2C1024&amp;ssl=1 768w, https:\/\/i0.wp.com\/tour.gradt.de\/wp-content\/uploads\/2018\/06\/img_0581.jpg?w=1050 1050w, https:\/\/i0.wp.com\/tour.gradt.de\/wp-content\/uploads\/2018\/06\/img_0581.jpg?w=1575 1575w\" sizes=\"(max-width: 767px) 89vw, (max-width: 1000px) 54vw, (max-width: 1071px) 543px, 580px\" data-recalc-dims=\"1\" \/><\/p>\n","protected":false},"excerpt":{"rendered":"<p>Nach einem ausgiebigen Fr\u00fchst\u00fcck mit Pfannkuchen von Oma und zahlreichen Gespr\u00e4chen mit Opa sind wir spazieren gegangen. Opa darf noch nicht raus und jemand sollte zu Hause auf ihn aufpassen. Oma sollte mal auch in die frische Luft. Christian ist geblieben und auf den Opa aufgepasst, au\u00dferdem er konnte die Zeit gut nutzen und unsere &hellip; <\/p>\n<p class=\"link-more\"><a href=\"https:\/\/tour.gradt.de\/?p=1699\" class=\"more-link\"><span class=\"screen-reader-text\">\u201eIn Selenogradsk\u201c<\/span> weiterlesen<\/a><\/p>\n","protected":false},"author":1,"featured_media":1700,"comment_status":"open","ping_status":"closed","sticky":false,"template":"","format":"standard","meta":{"jetpack_post_was_ever_published":false,"jetpack_publicize_message":"","jetpack_is_tweetstorm":false,"jetpack_publicize_feature_enabled":true},"categories":[18],"tags":[],"jetpack_publicize_connections":[],"jetpack_featured_media_url":"https:\/\/i0.wp.com\/tour.gradt.de\/wp-content\/uploads\/2018\/06\/img_0578.jpg?fit=2448%2C3264&ssl=1","jetpack_sharing_enabled":true,"jetpack_shortlink":"https:\/\/wp.me\/p9KDky-rp","jetpack_likes_enabled":true,"_links":{"self":[{"href":"https:\/\/tour.gradt.de\/index.php?rest_route=\/wp\/v2\/posts\/1699"}],"collection":[{"href":"https:\/\/tour.gradt.de\/index.php?rest_route=\/wp\/v2\/posts"}],"about":[{"href":"https:\/\/tour.gradt.de\/index.php?rest_route=\/wp\/v2\/types\/post"}],"author":[{"embeddable":true,"href":"https:\/\/tour.gradt.de\/index.php?rest_route=\/wp\/v2\/users\/1"}],"replies":[{"embeddable":true,"href":"https:\/\/tour.gradt.de\/index.php?rest_route=%2Fwp%2Fv2%2Fcomments&post=1699"}],"version-history":[{"count":4,"href":"https:\/\/tour.gradt.de\/index.php?rest_route=\/wp\/v2\/posts\/1699\/revisions"}],"predecessor-version":[{"id":1707,"href":"https:\/\/tour.gradt.de\/index.php?rest_route=\/wp\/v2\/posts\/1699\/revisions\/1707"}],"wp:featuredmedia":[{"embeddable":true,"href":"https:\/\/tour.gradt.de\/index.php?rest_route=\/wp\/v2\/media\/1700"}],"wp:attachment":[{"href":"https:\/\/tour.gradt.de\/index.php?rest_route=%2Fwp%2Fv2%2Fmedia&parent=1699"}],"wp:term":[{"taxonomy":"category","embeddable":true,"href":"https:\/\/tour.gradt.de\/index.php?rest_route=%2Fwp%2Fv2%2Fcategories&post=1699"},{"taxonomy":"post_tag","embeddable":true,"href":"https:\/\/tour.gradt.de\/index.php?rest_route=%2Fwp%2Fv2%2Ftags&post=1699"}],"curies":[{"name":"wp","href":"https:\/\/api.w.org\/{rel}","templated":true}]}}