{"id":2257,"date":"2018-07-26T22:05:42","date_gmt":"2018-07-26T20:05:42","guid":{"rendered":"http:\/\/tour.gradt.de?p=2257"},"modified":"2018-08-02T23:28:02","modified_gmt":"2018-08-02T21:28:02","slug":"puh-ganz-schoen-abwechslungsreich","status":"publish","type":"post","link":"https:\/\/tour.gradt.de\/?p=2257","title":{"rendered":"Sehr sch\u00f6n abwechslungsreich"},"content":{"rendered":"<p>Als wir wach waren und das Fenster direkt am Bett aufmachten, kamen schon die ersten Fischer in den Hafen zur\u00fcck \ud83d\ude42<\/p>\n<p><img loading=\"lazy\" src=\"https:\/\/i0.wp.com\/tour.gradt.de\/wp-content\/uploads\/2018\/07\/img_2748.jpg?resize=525%2C700\" class=\"wp-image-2256 size-full\" height=\"700\" width=\"525\" srcset=\"https:\/\/i0.wp.com\/tour.gradt.de\/wp-content\/uploads\/2018\/07\/img_2748.jpg?w=2448&amp;ssl=1 2448w, https:\/\/i0.wp.com\/tour.gradt.de\/wp-content\/uploads\/2018\/07\/img_2748.jpg?resize=225%2C300&amp;ssl=1 225w, https:\/\/i0.wp.com\/tour.gradt.de\/wp-content\/uploads\/2018\/07\/img_2748.jpg?resize=768%2C1024&amp;ssl=1 768w, https:\/\/i0.wp.com\/tour.gradt.de\/wp-content\/uploads\/2018\/07\/img_2748.jpg?w=1050 1050w, https:\/\/i0.wp.com\/tour.gradt.de\/wp-content\/uploads\/2018\/07\/img_2748.jpg?w=1575 1575w\" sizes=\"(max-width: 767px) 89vw, (max-width: 1000px) 54vw, (max-width: 1071px) 543px, 580px\" data-recalc-dims=\"1\" \/><\/p>\n<p>Ein kurzer Spaziergang am kleinen Hafen, da wo wir heute \u00fcber Nacht gestanden sind, tut der Verdauung des Fr\u00fchst\u00fccks ganz gut \ud83d\ude42<!--more--><\/p>\n<p><img loading=\"lazy\" src=\"https:\/\/i0.wp.com\/tour.gradt.de\/wp-content\/uploads\/2018\/07\/img_3108.jpg?resize=525%2C700\" class=\"wp-image-2278 size-full\" height=\"700\" width=\"525\" srcset=\"https:\/\/i0.wp.com\/tour.gradt.de\/wp-content\/uploads\/2018\/07\/img_3108.jpg?w=3024&amp;ssl=1 3024w, https:\/\/i0.wp.com\/tour.gradt.de\/wp-content\/uploads\/2018\/07\/img_3108.jpg?resize=225%2C300&amp;ssl=1 225w, https:\/\/i0.wp.com\/tour.gradt.de\/wp-content\/uploads\/2018\/07\/img_3108.jpg?resize=768%2C1024&amp;ssl=1 768w, https:\/\/i0.wp.com\/tour.gradt.de\/wp-content\/uploads\/2018\/07\/img_3108.jpg?w=1050 1050w, https:\/\/i0.wp.com\/tour.gradt.de\/wp-content\/uploads\/2018\/07\/img_3108.jpg?w=1575 1575w\" sizes=\"(max-width: 767px) 89vw, (max-width: 1000px) 54vw, (max-width: 1071px) 543px, 580px\" data-recalc-dims=\"1\" \/><img loading=\"lazy\" src=\"https:\/\/i0.wp.com\/tour.gradt.de\/wp-content\/uploads\/2018\/07\/img_3103.jpg?resize=525%2C700\" class=\"wp-image-2279 size-full\" height=\"700\" width=\"525\" srcset=\"https:\/\/i0.wp.com\/tour.gradt.de\/wp-content\/uploads\/2018\/07\/img_3103.jpg?w=3024&amp;ssl=1 3024w, https:\/\/i0.wp.com\/tour.gradt.de\/wp-content\/uploads\/2018\/07\/img_3103.jpg?resize=225%2C300&amp;ssl=1 225w, https:\/\/i0.wp.com\/tour.gradt.de\/wp-content\/uploads\/2018\/07\/img_3103.jpg?resize=768%2C1024&amp;ssl=1 768w, https:\/\/i0.wp.com\/tour.gradt.de\/wp-content\/uploads\/2018\/07\/img_3103.jpg?w=1050 1050w, https:\/\/i0.wp.com\/tour.gradt.de\/wp-content\/uploads\/2018\/07\/img_3103.jpg?w=1575 1575w\" sizes=\"(max-width: 767px) 89vw, (max-width: 1000px) 54vw, (max-width: 1071px) 543px, 580px\" data-recalc-dims=\"1\" \/><\/p>\n<p>Danach ging&#8217;s weiter nach Vaasa, wo wir eine kleine Runde durch die Stadt gelaufen sind.<\/p>\n<p><img loading=\"lazy\" src=\"https:\/\/i0.wp.com\/tour.gradt.de\/wp-content\/uploads\/2018\/07\/img_2763.jpg?resize=525%2C701\" class=\"wp-image-2264 size-full\" height=\"701\" width=\"525\" srcset=\"https:\/\/i0.wp.com\/tour.gradt.de\/wp-content\/uploads\/2018\/07\/img_2763.jpg?w=640&amp;ssl=1 640w, https:\/\/i0.wp.com\/tour.gradt.de\/wp-content\/uploads\/2018\/07\/img_2763.jpg?resize=225%2C300&amp;ssl=1 225w\" sizes=\"(max-width: 525px) 100vw, 525px\" data-recalc-dims=\"1\" \/><img loading=\"lazy\" src=\"https:\/\/i0.wp.com\/tour.gradt.de\/wp-content\/uploads\/2018\/07\/img_2764-2.jpg?resize=525%2C700\" class=\"wp-image-2265 size-full\" height=\"700\" width=\"525\" srcset=\"https:\/\/i0.wp.com\/tour.gradt.de\/wp-content\/uploads\/2018\/07\/img_2764-2.jpg?w=2448&amp;ssl=1 2448w, https:\/\/i0.wp.com\/tour.gradt.de\/wp-content\/uploads\/2018\/07\/img_2764-2.jpg?resize=225%2C300&amp;ssl=1 225w, https:\/\/i0.wp.com\/tour.gradt.de\/wp-content\/uploads\/2018\/07\/img_2764-2.jpg?resize=768%2C1024&amp;ssl=1 768w, https:\/\/i0.wp.com\/tour.gradt.de\/wp-content\/uploads\/2018\/07\/img_2764-2.jpg?w=1050 1050w, https:\/\/i0.wp.com\/tour.gradt.de\/wp-content\/uploads\/2018\/07\/img_2764-2.jpg?w=1575 1575w\" sizes=\"(max-width: 767px) 89vw, (max-width: 1000px) 54vw, (max-width: 1071px) 543px, 580px\" data-recalc-dims=\"1\" \/><\/p>\n<p>Im Zentrum sind wir zuf\u00e4llig auf einem Stra\u00dfenfest gelandet. Eine Fressmeile mit Spezialit\u00e4ten aus ganz Europa war dabei. Auch Deutschland war mit einem Bratwurststand vertreten. Wir sind nur vorbei gelaufen, weil das Fr\u00fchst\u00fcck deftig war und wir noch keinen Hunger hatten.<\/p>\n<p><img loading=\"lazy\" src=\"https:\/\/i0.wp.com\/tour.gradt.de\/wp-content\/uploads\/2018\/07\/img_2762.jpg?resize=525%2C701\" class=\"wp-image-2259 size-full\" height=\"701\" width=\"525\" srcset=\"https:\/\/i0.wp.com\/tour.gradt.de\/wp-content\/uploads\/2018\/07\/img_2762.jpg?w=640&amp;ssl=1 640w, https:\/\/i0.wp.com\/tour.gradt.de\/wp-content\/uploads\/2018\/07\/img_2762.jpg?resize=225%2C300&amp;ssl=1 225w\" sizes=\"(max-width: 525px) 100vw, 525px\" data-recalc-dims=\"1\" \/><\/p>\n<p>Christian und Adrian haben Fu\u00dfball und Kicker gespielt, denn in Seinaj\u00f6ki und Vaasa findet gerade die UEFA-U19 Europameisterschaft statt. Sandra mit Sebastian waren auf der H\u00fcpfburg.<\/p>\n<p><img loading=\"lazy\" src=\"https:\/\/i0.wp.com\/tour.gradt.de\/wp-content\/uploads\/2018\/07\/img_2777-1.jpg?resize=525%2C700\" class=\"size-full wp-image-2262\" height=\"700\" width=\"525\" srcset=\"https:\/\/i0.wp.com\/tour.gradt.de\/wp-content\/uploads\/2018\/07\/img_2777-1.jpg?w=2448&amp;ssl=1 2448w, https:\/\/i0.wp.com\/tour.gradt.de\/wp-content\/uploads\/2018\/07\/img_2777-1.jpg?resize=225%2C300&amp;ssl=1 225w, https:\/\/i0.wp.com\/tour.gradt.de\/wp-content\/uploads\/2018\/07\/img_2777-1.jpg?resize=768%2C1024&amp;ssl=1 768w, https:\/\/i0.wp.com\/tour.gradt.de\/wp-content\/uploads\/2018\/07\/img_2777-1.jpg?w=1050 1050w, https:\/\/i0.wp.com\/tour.gradt.de\/wp-content\/uploads\/2018\/07\/img_2777-1.jpg?w=1575 1575w\" sizes=\"(max-width: 767px) 89vw, (max-width: 1000px) 54vw, (max-width: 1071px) 543px, 580px\" data-recalc-dims=\"1\" \/><img loading=\"lazy\" src=\"https:\/\/i0.wp.com\/tour.gradt.de\/wp-content\/uploads\/2018\/07\/img_2779.jpg?resize=525%2C700\" class=\"size-full wp-image-2263\" height=\"700\" width=\"525\" srcset=\"https:\/\/i0.wp.com\/tour.gradt.de\/wp-content\/uploads\/2018\/07\/img_2779.jpg?w=2448&amp;ssl=1 2448w, https:\/\/i0.wp.com\/tour.gradt.de\/wp-content\/uploads\/2018\/07\/img_2779.jpg?resize=225%2C300&amp;ssl=1 225w, https:\/\/i0.wp.com\/tour.gradt.de\/wp-content\/uploads\/2018\/07\/img_2779.jpg?resize=768%2C1024&amp;ssl=1 768w, https:\/\/i0.wp.com\/tour.gradt.de\/wp-content\/uploads\/2018\/07\/img_2779.jpg?w=1050 1050w, https:\/\/i0.wp.com\/tour.gradt.de\/wp-content\/uploads\/2018\/07\/img_2779.jpg?w=1575 1575w\" sizes=\"(max-width: 767px) 89vw, (max-width: 1000px) 54vw, (max-width: 1071px) 543px, 580px\" data-recalc-dims=\"1\" \/><img loading=\"lazy\" src=\"https:\/\/i0.wp.com\/tour.gradt.de\/wp-content\/uploads\/2018\/07\/img_2778.jpg?resize=525%2C701\" class=\"wp-image-2261 size-full\" height=\"701\" width=\"525\" srcset=\"https:\/\/i0.wp.com\/tour.gradt.de\/wp-content\/uploads\/2018\/07\/img_2778.jpg?w=640&amp;ssl=1 640w, https:\/\/i0.wp.com\/tour.gradt.de\/wp-content\/uploads\/2018\/07\/img_2778.jpg?resize=225%2C300&amp;ssl=1 225w\" sizes=\"(max-width: 525px) 100vw, 525px\" data-recalc-dims=\"1\" \/><\/p>\n<p>Nach der Besichtigung der Stadt Vaasa sind wir noch ein St\u00fcck gefahren und haben an einem total sch\u00f6nen Ort Pause gemacht. Da war eine sehr alte Kirche von 1787, komplett innen und au\u00dfen aus Holz. Heute hat mal Christian gekocht \ud83d\ude09 W\u00e4hrenddessen hat Anna mit den Kindern die Kirche besichtigt.<\/p>\n<p><img loading=\"lazy\" src=\"https:\/\/i0.wp.com\/tour.gradt.de\/wp-content\/uploads\/2018\/07\/img_2784.jpg?resize=525%2C700\" class=\"wp-image-2267 size-full\" height=\"700\" width=\"525\" srcset=\"https:\/\/i0.wp.com\/tour.gradt.de\/wp-content\/uploads\/2018\/07\/img_2784.jpg?w=2448&amp;ssl=1 2448w, https:\/\/i0.wp.com\/tour.gradt.de\/wp-content\/uploads\/2018\/07\/img_2784.jpg?resize=225%2C300&amp;ssl=1 225w, https:\/\/i0.wp.com\/tour.gradt.de\/wp-content\/uploads\/2018\/07\/img_2784.jpg?resize=768%2C1024&amp;ssl=1 768w, https:\/\/i0.wp.com\/tour.gradt.de\/wp-content\/uploads\/2018\/07\/img_2784.jpg?w=1050 1050w, https:\/\/i0.wp.com\/tour.gradt.de\/wp-content\/uploads\/2018\/07\/img_2784.jpg?w=1575 1575w\" sizes=\"(max-width: 767px) 89vw, (max-width: 1000px) 54vw, (max-width: 1071px) 543px, 580px\" data-recalc-dims=\"1\" \/><img loading=\"lazy\" src=\"https:\/\/i0.wp.com\/tour.gradt.de\/wp-content\/uploads\/2018\/07\/img_2793.jpg?resize=525%2C700\" class=\"wp-image-2268 size-full\" height=\"700\" width=\"525\" srcset=\"https:\/\/i0.wp.com\/tour.gradt.de\/wp-content\/uploads\/2018\/07\/img_2793.jpg?w=2448&amp;ssl=1 2448w, https:\/\/i0.wp.com\/tour.gradt.de\/wp-content\/uploads\/2018\/07\/img_2793.jpg?resize=225%2C300&amp;ssl=1 225w, https:\/\/i0.wp.com\/tour.gradt.de\/wp-content\/uploads\/2018\/07\/img_2793.jpg?resize=768%2C1024&amp;ssl=1 768w, https:\/\/i0.wp.com\/tour.gradt.de\/wp-content\/uploads\/2018\/07\/img_2793.jpg?w=1050 1050w, https:\/\/i0.wp.com\/tour.gradt.de\/wp-content\/uploads\/2018\/07\/img_2793.jpg?w=1575 1575w\" sizes=\"(max-width: 767px) 89vw, (max-width: 1000px) 54vw, (max-width: 1071px) 543px, 580px\" data-recalc-dims=\"1\" \/><\/p>\n<p>Danach ging&#8217;s weiter nach Kokkola. Dort sind wir durch eine Birkenallee und eine sehr alte Stra\u00dfe aus dem 17. Jahrhundert gelaufen. Die Stadt hat ein uriges Flair und man hat das Gef\u00fchl, dass die H\u00e4user innen genau liebevoll eingerichtet wie sie von au\u00dfen wirken.<\/p>\n<p><img loading=\"lazy\" src=\"https:\/\/i0.wp.com\/tour.gradt.de\/wp-content\/uploads\/2018\/07\/img_2804.jpg?resize=525%2C700\" class=\"size-full wp-image-2271\" height=\"700\" width=\"525\" srcset=\"https:\/\/i0.wp.com\/tour.gradt.de\/wp-content\/uploads\/2018\/07\/img_2804.jpg?w=2448&amp;ssl=1 2448w, https:\/\/i0.wp.com\/tour.gradt.de\/wp-content\/uploads\/2018\/07\/img_2804.jpg?resize=225%2C300&amp;ssl=1 225w, https:\/\/i0.wp.com\/tour.gradt.de\/wp-content\/uploads\/2018\/07\/img_2804.jpg?resize=768%2C1024&amp;ssl=1 768w, https:\/\/i0.wp.com\/tour.gradt.de\/wp-content\/uploads\/2018\/07\/img_2804.jpg?w=1050 1050w, https:\/\/i0.wp.com\/tour.gradt.de\/wp-content\/uploads\/2018\/07\/img_2804.jpg?w=1575 1575w\" sizes=\"(max-width: 767px) 89vw, (max-width: 1000px) 54vw, (max-width: 1071px) 543px, 580px\" data-recalc-dims=\"1\" \/><img loading=\"lazy\" src=\"https:\/\/i0.wp.com\/tour.gradt.de\/wp-content\/uploads\/2018\/07\/img_2820.jpg?resize=525%2C394\" class=\"wp-image-2270 size-full\" height=\"394\" width=\"525\" srcset=\"https:\/\/i0.wp.com\/tour.gradt.de\/wp-content\/uploads\/2018\/07\/img_2820.jpg?w=3264&amp;ssl=1 3264w, https:\/\/i0.wp.com\/tour.gradt.de\/wp-content\/uploads\/2018\/07\/img_2820.jpg?resize=300%2C225&amp;ssl=1 300w, https:\/\/i0.wp.com\/tour.gradt.de\/wp-content\/uploads\/2018\/07\/img_2820.jpg?resize=768%2C576&amp;ssl=1 768w, https:\/\/i0.wp.com\/tour.gradt.de\/wp-content\/uploads\/2018\/07\/img_2820.jpg?resize=1024%2C768&amp;ssl=1 1024w, https:\/\/i0.wp.com\/tour.gradt.de\/wp-content\/uploads\/2018\/07\/img_2820.jpg?w=1575 1575w\" sizes=\"(max-width: 767px) 89vw, (max-width: 1000px) 54vw, (max-width: 1071px) 543px, 580px\" data-recalc-dims=\"1\" \/><\/p>\n<p>Sehr typisch f\u00fcr Finnland: bunte Holzh\u00e4user, Birkenw\u00e4lder, unber\u00fchrte Natur und viele Seen. Ein Kindheitsgef\u00fchl f\u00fcr Anna. Die finnische Landschaft und die H\u00e4user \u00e4hneln Sibirien sehr \ud83d\ude42<\/p>\n<p>in den Abend hinein sind wir noch ein wenig gefahren. Heute stehen wir an der Ostsee bei Kalajoki. Es ist hier sehr windig aber immer noch 25 Grad warm. Wundersch\u00f6ne Aussicht auf das Meer und ein Glas Wein runden den Tag ab.<\/p>\n<p><img loading=\"lazy\" src=\"https:\/\/i0.wp.com\/tour.gradt.de\/wp-content\/uploads\/2018\/07\/img_2832-1.jpg?resize=525%2C393\" class=\"size-full wp-image-2275\" height=\"393\" width=\"525\" srcset=\"https:\/\/i0.wp.com\/tour.gradt.de\/wp-content\/uploads\/2018\/07\/img_2832-1.jpg?w=854&amp;ssl=1 854w, https:\/\/i0.wp.com\/tour.gradt.de\/wp-content\/uploads\/2018\/07\/img_2832-1.jpg?resize=300%2C225&amp;ssl=1 300w, https:\/\/i0.wp.com\/tour.gradt.de\/wp-content\/uploads\/2018\/07\/img_2832-1.jpg?resize=768%2C576&amp;ssl=1 768w\" sizes=\"(max-width: 767px) 89vw, (max-width: 1000px) 54vw, (max-width: 1071px) 543px, 580px\" data-recalc-dims=\"1\" \/><img loading=\"lazy\" src=\"https:\/\/i0.wp.com\/tour.gradt.de\/wp-content\/uploads\/2018\/07\/img_2829-1.jpg?resize=525%2C393\" class=\"wp-image-2274 size-full\" height=\"393\" width=\"525\" srcset=\"https:\/\/i0.wp.com\/tour.gradt.de\/wp-content\/uploads\/2018\/07\/img_2829-1.jpg?w=854&amp;ssl=1 854w, https:\/\/i0.wp.com\/tour.gradt.de\/wp-content\/uploads\/2018\/07\/img_2829-1.jpg?resize=300%2C225&amp;ssl=1 300w, https:\/\/i0.wp.com\/tour.gradt.de\/wp-content\/uploads\/2018\/07\/img_2829-1.jpg?resize=768%2C576&amp;ssl=1 768w\" sizes=\"(max-width: 767px) 89vw, (max-width: 1000px) 54vw, (max-width: 1071px) 543px, 580px\" data-recalc-dims=\"1\" \/><\/p>\n","protected":false},"excerpt":{"rendered":"<p>Als wir wach waren und das Fenster direkt am Bett aufmachten, kamen schon die ersten Fischer in den Hafen zur\u00fcck \ud83d\ude42 Ein kurzer Spaziergang am kleinen Hafen, da wo wir heute \u00fcber Nacht gestanden sind, tut der Verdauung des Fr\u00fchst\u00fccks ganz gut \ud83d\ude42<\/p>\n","protected":false},"author":2,"featured_media":2276,"comment_status":"open","ping_status":"closed","sticky":false,"template":"","format":"standard","meta":{"jetpack_post_was_ever_published":false,"jetpack_publicize_message":"","jetpack_is_tweetstorm":false,"jetpack_publicize_feature_enabled":true},"categories":[54],"tags":[],"jetpack_publicize_connections":[],"jetpack_featured_media_url":"https:\/\/i0.wp.com\/tour.gradt.de\/wp-content\/uploads\/2018\/07\/img_2780.jpg?fit=640%2C854&ssl=1","jetpack_sharing_enabled":true,"jetpack_shortlink":"https:\/\/wp.me\/p9KDky-Ap","jetpack_likes_enabled":true,"_links":{"self":[{"href":"https:\/\/tour.gradt.de\/index.php?rest_route=\/wp\/v2\/posts\/2257"}],"collection":[{"href":"https:\/\/tour.gradt.de\/index.php?rest_route=\/wp\/v2\/posts"}],"about":[{"href":"https:\/\/tour.gradt.de\/index.php?rest_route=\/wp\/v2\/types\/post"}],"author":[{"embeddable":true,"href":"https:\/\/tour.gradt.de\/index.php?rest_route=\/wp\/v2\/users\/2"}],"replies":[{"embeddable":true,"href":"https:\/\/tour.gradt.de\/index.php?rest_route=%2Fwp%2Fv2%2Fcomments&post=2257"}],"version-history":[{"count":5,"href":"https:\/\/tour.gradt.de\/index.php?rest_route=\/wp\/v2\/posts\/2257\/revisions"}],"predecessor-version":[{"id":5137,"href":"https:\/\/tour.gradt.de\/index.php?rest_route=\/wp\/v2\/posts\/2257\/revisions\/5137"}],"wp:featuredmedia":[{"embeddable":true,"href":"https:\/\/tour.gradt.de\/index.php?rest_route=\/wp\/v2\/media\/2276"}],"wp:attachment":[{"href":"https:\/\/tour.gradt.de\/index.php?rest_route=%2Fwp%2Fv2%2Fmedia&parent=2257"}],"wp:term":[{"taxonomy":"category","embeddable":true,"href":"https:\/\/tour.gradt.de\/index.php?rest_route=%2Fwp%2Fv2%2Fcategories&post=2257"},{"taxonomy":"post_tag","embeddable":true,"href":"https:\/\/tour.gradt.de\/index.php?rest_route=%2Fwp%2Fv2%2Ftags&post=2257"}],"curies":[{"name":"wp","href":"https:\/\/api.w.org\/{rel}","templated":true}]}}