{"id":2282,"date":"2018-07-27T22:50:42","date_gmt":"2018-07-27T20:50:42","guid":{"rendered":"http:\/\/tour.gradt.de?p=2282"},"modified":"2018-08-02T23:27:48","modified_gmt":"2018-08-02T21:27:48","slug":"finnland-etwas-geheimnisvolles","status":"publish","type":"post","link":"https:\/\/tour.gradt.de\/?p=2282","title":{"rendered":"Klimawandel?"},"content":{"rendered":"<p>Verwirrt! \ud83d\ude42 Wo sind wir eigentlich im Nord- oder S\u00fcdeuropa? Als wir grob die Route f\u00fcr die Europareise geplant haben, haben wir gesagt: &#8222;wir wollen in den kalten Monaten S\u00fcdeuropa und in den Sommermonaten Nordeuropa entdecken, um \u00fcberall angenehme Temperaturen zu haben&#8220;. Wir sind fast am Polarkreis und haben +30 Grad. Selbst die Finnen sind \u00fcber die Hitze \u00fcberrascht. Man vermutet fast, dass es am Klimawandel liegt.<\/p>\n<p><!--more-->Bei dieser Temperatur hat man Lust immer am Wasser zu sein. Den Vormittag haben wir an der Ostsee verbracht aber ohne zu planschen. Einfach nur am Wasser sein, den &#8222;k\u00fchlen&#8220; Morgenwind genie\u00dfen, der ab und zu die Haut ber\u00fchrt.<\/p>\n<p><img loading=\"lazy\" src=\"https:\/\/i0.wp.com\/tour.gradt.de\/wp-content\/uploads\/2018\/07\/img_2840.jpg?resize=525%2C700\" class=\"wp-image-2283 size-full\" height=\"700\" width=\"525\" srcset=\"https:\/\/i0.wp.com\/tour.gradt.de\/wp-content\/uploads\/2018\/07\/img_2840.jpg?w=2448&amp;ssl=1 2448w, https:\/\/i0.wp.com\/tour.gradt.de\/wp-content\/uploads\/2018\/07\/img_2840.jpg?resize=225%2C300&amp;ssl=1 225w, https:\/\/i0.wp.com\/tour.gradt.de\/wp-content\/uploads\/2018\/07\/img_2840.jpg?resize=768%2C1024&amp;ssl=1 768w, https:\/\/i0.wp.com\/tour.gradt.de\/wp-content\/uploads\/2018\/07\/img_2840.jpg?w=1050 1050w, https:\/\/i0.wp.com\/tour.gradt.de\/wp-content\/uploads\/2018\/07\/img_2840.jpg?w=1575 1575w\" sizes=\"(max-width: 767px) 89vw, (max-width: 1000px) 54vw, (max-width: 1071px) 543px, 580px\" data-recalc-dims=\"1\" \/><\/p>\n<p>Gegen Mittag sind wir zum n\u00e4chsten Strand in Oulu gefahren. In Finnland ist es anders als in allen anderen europ\u00e4ischen L\u00e4ndern. Die gro\u00dfen bzw. gr\u00f6\u00dferen St\u00e4dte sind relativ weit voneinander entfernt. Man muss mit ca. 100 Kilometern Fahrt rechnen bis man irgendwo in dichter besiedeltem Gebiet wieder ankommt. Dazwischen ist nichts. Birkenw\u00e4lder, Seen, wilde Natur. Hier gibt es auch keine D\u00f6rfer, sondern nur alleinstehende H\u00e4user mitten im Wald. Manchmal kann man zwei oder drei H\u00e4user nebeneinander im tiefsten Wald sehen, aber das war es dann schon \ud83d\ude42<\/p>\n<p>Nach 2 Stunden Fahrt waren wir in der &#8222;Zivilisation&#8220; aber was f\u00fcr Eine \ud83d\ude42 Ganz andere Welt. Ein breiter, flacher Sandstrand, Beach-Volleyball Pl\u00e4tze, Caf\u00e9s, Restaurants, Hotels, Spielpl\u00e4tze. Ein toller Ort f\u00fcr so einen hei\u00dfen Sommertag. Dieser Strand, Nallikari Strand, ist einer der besten \u00f6ffentlichen Str\u00e4nde in Nordfinnland.<\/p>\n<p><img loading=\"lazy\" src=\"https:\/\/i0.wp.com\/tour.gradt.de\/wp-content\/uploads\/2018\/07\/img_2846.jpg?resize=525%2C700\" class=\"wp-image-2284 size-full\" height=\"700\" width=\"525\" srcset=\"https:\/\/i0.wp.com\/tour.gradt.de\/wp-content\/uploads\/2018\/07\/img_2846.jpg?w=2448&amp;ssl=1 2448w, https:\/\/i0.wp.com\/tour.gradt.de\/wp-content\/uploads\/2018\/07\/img_2846.jpg?resize=225%2C300&amp;ssl=1 225w, https:\/\/i0.wp.com\/tour.gradt.de\/wp-content\/uploads\/2018\/07\/img_2846.jpg?resize=768%2C1024&amp;ssl=1 768w, https:\/\/i0.wp.com\/tour.gradt.de\/wp-content\/uploads\/2018\/07\/img_2846.jpg?w=1050 1050w, https:\/\/i0.wp.com\/tour.gradt.de\/wp-content\/uploads\/2018\/07\/img_2846.jpg?w=1575 1575w\" sizes=\"(max-width: 767px) 89vw, (max-width: 1000px) 54vw, (max-width: 1071px) 543px, 580px\" data-recalc-dims=\"1\" \/><\/p>\n<p><img loading=\"lazy\" src=\"https:\/\/i0.wp.com\/tour.gradt.de\/wp-content\/uploads\/2018\/07\/img_2847.jpg?resize=525%2C473\" class=\"wp-image-2285 size-full\" height=\"473\" width=\"525\" srcset=\"https:\/\/i0.wp.com\/tour.gradt.de\/wp-content\/uploads\/2018\/07\/img_2847.jpg?w=710&amp;ssl=1 710w, https:\/\/i0.wp.com\/tour.gradt.de\/wp-content\/uploads\/2018\/07\/img_2847.jpg?resize=300%2C270&amp;ssl=1 300w\" sizes=\"(max-width: 525px) 100vw, 525px\" data-recalc-dims=\"1\" \/><\/p>\n<p>Wir hatten eine sch\u00f6ne \u00dcberraschung. Bei Reinfahren auf den Parkplatz hatten wir ein bekanntes Auto bemerkt. Das war Peter, ein Aussteiger aus Deutschland, den wir vor einer Woche bei Lahti kennengelernt haben. Die Wahrscheinlichkeit sich gleich zweimal zu treffen ist nicht hoch. Wir haben geparkt und sind zu ihm gegangen. Beiderseits gro\u00dfe Freude \ud83d\ude42 Peter ist gesch\u00e4tzt Mitte 40. Er ist f\u00fcr zwei Jahre ausgestiegen, um Europa zu entdecken. Neben ihm Stand ein j\u00fcngerer Typ mit seinem umgebauten Sprinter, in dem auch ein Motorrad untergebracht war. Er hei\u00dft auch Christian und hat in Summe 6 Wochen Zeit, die Ostsee zu umrunden, bis er wieder zu Hause in Hessen sein muss. Peter und Christian haben sich gefunden und wollen miteinander das OSTOCK Festival besuchen. Wir standen bei deren Autos und haben uns dar\u00fcber ausgetauscht wer, was und wo erlebt hat. Wir waren irgendwie alle auf einer Welle und haben nicht gemerkt wie die Zeit verging. Die Kinder haben gequengelt und wir sind dann zum Strand. Peter hat uns eine Jacobsmuschel geschenkt, die muss man vorne im Auto legen. Das soll ein Zeichen f\u00fcr Langzeitreisende sein. Eine super sch\u00f6ne Begegnung mit den Beiden \ud83d\ude42<\/p>\n<p><img loading=\"lazy\" src=\"https:\/\/i0.wp.com\/tour.gradt.de\/wp-content\/uploads\/2018\/07\/img_2845-2.jpg?resize=525%2C700\" class=\"size-full wp-image-2287\" height=\"700\" width=\"525\" srcset=\"https:\/\/i0.wp.com\/tour.gradt.de\/wp-content\/uploads\/2018\/07\/img_2845-2.jpg?w=2448&amp;ssl=1 2448w, https:\/\/i0.wp.com\/tour.gradt.de\/wp-content\/uploads\/2018\/07\/img_2845-2.jpg?resize=225%2C300&amp;ssl=1 225w, https:\/\/i0.wp.com\/tour.gradt.de\/wp-content\/uploads\/2018\/07\/img_2845-2.jpg?resize=768%2C1024&amp;ssl=1 768w, https:\/\/i0.wp.com\/tour.gradt.de\/wp-content\/uploads\/2018\/07\/img_2845-2.jpg?w=1050 1050w, https:\/\/i0.wp.com\/tour.gradt.de\/wp-content\/uploads\/2018\/07\/img_2845-2.jpg?w=1575 1575w\" sizes=\"(max-width: 767px) 89vw, (max-width: 1000px) 54vw, (max-width: 1071px) 543px, 580px\" data-recalc-dims=\"1\" \/><\/p>\n<p>In Summe haben wir f\u00fcnf sch\u00f6ne Stunden hier verbracht. Nach dem Strand die Kinder mit der Au\u00dfendusche abgeduscht, noch ein Eis vor der Abfahrt \ud83d\ude09<\/p>\n<p><img loading=\"lazy\" src=\"https:\/\/i0.wp.com\/tour.gradt.de\/wp-content\/uploads\/2018\/07\/img_2857.jpg?resize=525%2C700\" class=\"wp-image-2289 size-full\" height=\"700\" width=\"525\" srcset=\"https:\/\/i0.wp.com\/tour.gradt.de\/wp-content\/uploads\/2018\/07\/img_2857.jpg?w=2448&amp;ssl=1 2448w, https:\/\/i0.wp.com\/tour.gradt.de\/wp-content\/uploads\/2018\/07\/img_2857.jpg?resize=225%2C300&amp;ssl=1 225w, https:\/\/i0.wp.com\/tour.gradt.de\/wp-content\/uploads\/2018\/07\/img_2857.jpg?resize=768%2C1024&amp;ssl=1 768w, https:\/\/i0.wp.com\/tour.gradt.de\/wp-content\/uploads\/2018\/07\/img_2857.jpg?w=1050 1050w, https:\/\/i0.wp.com\/tour.gradt.de\/wp-content\/uploads\/2018\/07\/img_2857.jpg?w=1575 1575w\" sizes=\"(max-width: 767px) 89vw, (max-width: 1000px) 54vw, (max-width: 1071px) 543px, 580px\" data-recalc-dims=\"1\" \/><\/p>\n<p>Auf dem Weg zu unserem Zielpunkt f\u00fcr heute haben wir an einem gro\u00dfen Supermarkt und eine Tankstelle nochmal Vorr\u00e4te aufgef\u00fcllt und Diesel getankt. Die Entfernungen werden immer gr\u00f6\u00dfer und auch die Tankstellen sind unterwegs jetzt ein Privileg. Wenn man eine sieht und die Reichweite unter 200km liegt, sollte man laut Empfehlung immer volltanken \ud83d\ude42<\/p>\n<p>Die Finnen &#8222;z\u00fcchten&#8220; hier oben Rentiere. Heute standen an der Stra\u00dfe die Schilder mit dem Rentier drauf und dazu ein etwas l\u00e4ngerer Text auf Finnisch. Wir haben uns nicht viel dabei gedacht. Pl\u00f6tzlich steht vor uns &#8211; zum Gl\u00fcck am Stra\u00dfenrand &#8211; ein Jungtier mit blauer Schleife um den Hals \ud83d\ude42 Christian hat gebremst und ist langsamer gefahren. Schade, dass es f\u00fcr ein Foto nicht gereicht hat.<\/p>\n<p>Heute \u00fcbernachten wir auf einem Campingplatz in Ranua. Es ist jetzt gleich Mitternacht und es ist hell wie am Tag \ud83d\ude42<\/p>\n","protected":false},"excerpt":{"rendered":"<p>Verwirrt! \ud83d\ude42 Wo sind wir eigentlich im Nord- oder S\u00fcdeuropa? Als wir grob die Route f\u00fcr die Europareise geplant haben, haben wir gesagt: &#8222;wir wollen in den kalten Monaten S\u00fcdeuropa und in den Sommermonaten Nordeuropa entdecken, um \u00fcberall angenehme Temperaturen zu haben&#8220;. Wir sind fast am Polarkreis und haben +30 Grad. Selbst die Finnen sind &hellip; <\/p>\n<p class=\"link-more\"><a href=\"https:\/\/tour.gradt.de\/?p=2282\" class=\"more-link\"><span class=\"screen-reader-text\">\u201eKlimawandel?\u201c<\/span> weiterlesen<\/a><\/p>\n","protected":false},"author":2,"featured_media":2292,"comment_status":"open","ping_status":"closed","sticky":false,"template":"","format":"standard","meta":{"jetpack_post_was_ever_published":false,"jetpack_publicize_message":"","jetpack_is_tweetstorm":false,"jetpack_publicize_feature_enabled":true},"categories":[54],"tags":[],"jetpack_publicize_connections":[],"jetpack_featured_media_url":"https:\/\/i0.wp.com\/tour.gradt.de\/wp-content\/uploads\/2018\/07\/img_2859.jpg?fit=2448%2C3264&ssl=1","jetpack_sharing_enabled":true,"jetpack_shortlink":"https:\/\/wp.me\/p9KDky-AO","jetpack_likes_enabled":true,"_links":{"self":[{"href":"https:\/\/tour.gradt.de\/index.php?rest_route=\/wp\/v2\/posts\/2282"}],"collection":[{"href":"https:\/\/tour.gradt.de\/index.php?rest_route=\/wp\/v2\/posts"}],"about":[{"href":"https:\/\/tour.gradt.de\/index.php?rest_route=\/wp\/v2\/types\/post"}],"author":[{"embeddable":true,"href":"https:\/\/tour.gradt.de\/index.php?rest_route=\/wp\/v2\/users\/2"}],"replies":[{"embeddable":true,"href":"https:\/\/tour.gradt.de\/index.php?rest_route=%2Fwp%2Fv2%2Fcomments&post=2282"}],"version-history":[{"count":8,"href":"https:\/\/tour.gradt.de\/index.php?rest_route=\/wp\/v2\/posts\/2282\/revisions"}],"predecessor-version":[{"id":5136,"href":"https:\/\/tour.gradt.de\/index.php?rest_route=\/wp\/v2\/posts\/2282\/revisions\/5136"}],"wp:featuredmedia":[{"embeddable":true,"href":"https:\/\/tour.gradt.de\/index.php?rest_route=\/wp\/v2\/media\/2292"}],"wp:attachment":[{"href":"https:\/\/tour.gradt.de\/index.php?rest_route=%2Fwp%2Fv2%2Fmedia&parent=2282"}],"wp:term":[{"taxonomy":"category","embeddable":true,"href":"https:\/\/tour.gradt.de\/index.php?rest_route=%2Fwp%2Fv2%2Fcategories&post=2282"},{"taxonomy":"post_tag","embeddable":true,"href":"https:\/\/tour.gradt.de\/index.php?rest_route=%2Fwp%2Fv2%2Ftags&post=2282"}],"curies":[{"name":"wp","href":"https:\/\/api.w.org\/{rel}","templated":true}]}}