{"id":264,"date":"2018-03-19T23:08:28","date_gmt":"2018-03-19T23:08:28","guid":{"rendered":"http:\/\/tour.gradt.de\/?p=264"},"modified":"2018-04-05T21:39:32","modified_gmt":"2018-04-05T21:39:32","slug":"unterwasser-welt-in-lissabon","status":"publish","type":"post","link":"https:\/\/tour.gradt.de\/?p=264","title":{"rendered":"Unterwasserwelt in Lissabon"},"content":{"rendered":"<p>Heute fr\u00fch haben wir das sch\u00f6ne Pl\u00e4tzchen in Foz do Alerho verlassen und sind Richtung Lissabon gefahren. Auf dem Weg dahin sind wir eine Runde durch die Halbinsel Peniche gefahren. Traumhafte Aussichten auf den Atlantik und die felsige Steilk\u00fcste. Da es heute wechselhaftes Wetter in Lissabon gab, haben wir uns entschieden das gr\u00f6\u00dfte Aquarium Europas, welches auch das zweitgr\u00f6\u00dfte der Welt ist, zu besichtigen.<\/p>\n<p>Es war riesig, bunt und sehr interessant f\u00fcr Klein und Gro\u00df. Trotz viel Laufen haben die Kinder gut durchgehalten, ein Zeichen daf\u00fcr, dass es richtig spannend war.<\/p>\n<p><img src=\"https:\/\/i0.wp.com\/tour.gradt.de\/wp-content\/uploads\/2018\/03\/img_4634.jpg?w=525\" class=\"size-full\" data-recalc-dims=\"1\"><img src=\"https:\/\/i0.wp.com\/tour.gradt.de\/wp-content\/uploads\/2018\/03\/img_4626.jpg?w=525\" class=\"size-full\" data-recalc-dims=\"1\"><img src=\"https:\/\/i0.wp.com\/tour.gradt.de\/wp-content\/uploads\/2018\/03\/img_4616.jpg?w=525\" class=\"size-full\" data-recalc-dims=\"1\"><img src=\"https:\/\/i0.wp.com\/tour.gradt.de\/wp-content\/uploads\/2018\/03\/img_4612.jpg?w=525\" class=\"size-full\" data-recalc-dims=\"1\"><img src=\"https:\/\/i0.wp.com\/tour.gradt.de\/wp-content\/uploads\/2018\/03\/img_4598.jpg?w=525\" class=\"size-full\" data-recalc-dims=\"1\"><img src=\"https:\/\/i0.wp.com\/tour.gradt.de\/wp-content\/uploads\/2018\/03\/img_4582.jpg?w=525\" class=\"size-full\" data-recalc-dims=\"1\"><img src=\"https:\/\/i0.wp.com\/tour.gradt.de\/wp-content\/uploads\/2018\/03\/img_4564.jpg?w=525\" class=\"size-full\" data-recalc-dims=\"1\"><img src=\"https:\/\/i0.wp.com\/tour.gradt.de\/wp-content\/uploads\/2018\/03\/img_4566.jpg?w=525\" class=\"size-full\" data-recalc-dims=\"1\"><\/p>\n","protected":false},"excerpt":{"rendered":"<p>Heute fr\u00fch haben wir das sch\u00f6ne Pl\u00e4tzchen in Foz do Alerho verlassen und sind Richtung Lissabon gefahren. Auf dem Weg dahin sind wir eine Runde durch die Halbinsel Peniche gefahren. Traumhafte Aussichten auf den Atlantik und die felsige Steilk\u00fcste. Da es heute wechselhaftes Wetter in Lissabon gab, haben wir uns entschieden das gr\u00f6\u00dfte Aquarium Europas, &hellip; <\/p>\n<p class=\"link-more\"><a href=\"https:\/\/tour.gradt.de\/?p=264\" class=\"more-link\"><span class=\"screen-reader-text\">\u201eUnterwasserwelt in Lissabon\u201c<\/span> weiterlesen<\/a><\/p>\n","protected":false},"author":2,"featured_media":0,"comment_status":"open","ping_status":"open","sticky":false,"template":"","format":"standard","meta":{"jetpack_post_was_ever_published":false,"jetpack_publicize_message":"","jetpack_is_tweetstorm":false,"jetpack_publicize_feature_enabled":true},"categories":[7],"tags":[],"jetpack_publicize_connections":[],"jetpack_featured_media_url":"","jetpack_sharing_enabled":true,"jetpack_shortlink":"https:\/\/wp.me\/p9KDky-4g","jetpack_likes_enabled":true,"_links":{"self":[{"href":"https:\/\/tour.gradt.de\/index.php?rest_route=\/wp\/v2\/posts\/264"}],"collection":[{"href":"https:\/\/tour.gradt.de\/index.php?rest_route=\/wp\/v2\/posts"}],"about":[{"href":"https:\/\/tour.gradt.de\/index.php?rest_route=\/wp\/v2\/types\/post"}],"author":[{"embeddable":true,"href":"https:\/\/tour.gradt.de\/index.php?rest_route=\/wp\/v2\/users\/2"}],"replies":[{"embeddable":true,"href":"https:\/\/tour.gradt.de\/index.php?rest_route=%2Fwp%2Fv2%2Fcomments&post=264"}],"version-history":[{"count":3,"href":"https:\/\/tour.gradt.de\/index.php?rest_route=\/wp\/v2\/posts\/264\/revisions"}],"predecessor-version":[{"id":267,"href":"https:\/\/tour.gradt.de\/index.php?rest_route=\/wp\/v2\/posts\/264\/revisions\/267"}],"wp:attachment":[{"href":"https:\/\/tour.gradt.de\/index.php?rest_route=%2Fwp%2Fv2%2Fmedia&parent=264"}],"wp:term":[{"taxonomy":"category","embeddable":true,"href":"https:\/\/tour.gradt.de\/index.php?rest_route=%2Fwp%2Fv2%2Fcategories&post=264"},{"taxonomy":"post_tag","embeddable":true,"href":"https:\/\/tour.gradt.de\/index.php?rest_route=%2Fwp%2Fv2%2Ftags&post=264"}],"curies":[{"name":"wp","href":"https:\/\/api.w.org\/{rel}","templated":true}]}}