{"id":277,"date":"2018-03-21T07:12:31","date_gmt":"2018-03-21T07:12:31","guid":{"rendered":"http:\/\/tour.gradt.de\/?p=277"},"modified":"2018-04-05T21:39:23","modified_gmt":"2018-04-05T21:39:23","slug":"lissabon-von-der-besten-seite","status":"publish","type":"post","link":"https:\/\/tour.gradt.de\/?p=277","title":{"rendered":"Lissabon von der besten Seite"},"content":{"rendered":"<p>Bei einem sonnigen Tag haben wir gestern Lissabon kennengelernt. Gleich nach dem Fr\u00fchst\u00fcck haben wir von unserem Stellplatz einen Bus in die Stadt genommen.<\/p>\n<p>Da wir durch unsere drei Zwerge etwas im Laufen und Ausdauer eingeschr\u00e4nkt sind, haben wir \u00fcberlegt eine &#8222;Tuk Tuk&#8220;-Rundfahrt (Kleines Auto mit dem Guide) zu machen, um zumindest etwas von der Stadt zu sehen und zu erfahren. Der Reisef\u00fchrer hat das super gemacht. In 1,5 Stunden waren wir an wichtigen Pl\u00e4tzen und besten Aussichtsplattformen der Stadt unterwegs. Ausgestiegen, zugeh\u00f6rt, weitergefahren. Die engen Gassen der Altstadt, die unterschiedlichen Ebenen, auf denen die Stadt gebaut ist machen Lissabon zu einer Besonderheit. Mit den Elevatoren (Aufz\u00fcgen) f\u00e4hrt man hoch oder runter und landet in anderem Stadtviertel.<\/p>\n<p>Nach der &#8222;Tuk Tuk Fahrt&#8220; haben wir uns ein Mittagessen geg\u00f6nnt, danach noch einen Spaziergang durch die Innenstadt zur Promenade gemacht, um noch mehr diese besondere Atmosph\u00e4re zu sp\u00fcren. Am Abend sind wir dann mit dem Bus wieder zur\u00fcck. Es war ein toller Tag in Lissabon.<\/p>\n<p><img src=\"https:\/\/i0.wp.com\/tour.gradt.de\/wp-content\/uploads\/2018\/03\/img_4648.jpg?w=525\" class=\"size-full\" data-recalc-dims=\"1\"><img src=\"https:\/\/i0.wp.com\/tour.gradt.de\/wp-content\/uploads\/2018\/03\/img_4698.jpg?w=525\" class=\"size-full\" data-recalc-dims=\"1\"><img src=\"https:\/\/i0.wp.com\/tour.gradt.de\/wp-content\/uploads\/2018\/03\/img_4653.jpg?w=525\" class=\"size-full\" data-recalc-dims=\"1\"><img src=\"https:\/\/i0.wp.com\/tour.gradt.de\/wp-content\/uploads\/2018\/03\/img_4669.jpg?w=525\" class=\"size-full\" data-recalc-dims=\"1\"><img src=\"https:\/\/i0.wp.com\/tour.gradt.de\/wp-content\/uploads\/2018\/03\/img_4661.jpg?w=525\" class=\"size-full\" data-recalc-dims=\"1\"><\/p>\n<p><img src=\"https:\/\/i0.wp.com\/tour.gradt.de\/wp-content\/uploads\/2018\/03\/img_4671.jpg?w=525\" class=\"size-full\" data-recalc-dims=\"1\"><img src=\"https:\/\/i0.wp.com\/tour.gradt.de\/wp-content\/uploads\/2018\/03\/img_4686.jpg?w=525\" class=\"size-full\" data-recalc-dims=\"1\"><\/p>\n","protected":false},"excerpt":{"rendered":"<p>Bei einem sonnigen Tag haben wir gestern Lissabon kennengelernt. Gleich nach dem Fr\u00fchst\u00fcck haben wir von unserem Stellplatz einen Bus in die Stadt genommen. Da wir durch unsere drei Zwerge etwas im Laufen und Ausdauer eingeschr\u00e4nkt sind, haben wir \u00fcberlegt eine &#8222;Tuk Tuk&#8220;-Rundfahrt (Kleines Auto mit dem Guide) zu machen, um zumindest etwas von der &hellip; <\/p>\n<p class=\"link-more\"><a href=\"https:\/\/tour.gradt.de\/?p=277\" class=\"more-link\"><span class=\"screen-reader-text\">\u201eLissabon von der besten Seite\u201c<\/span> weiterlesen<\/a><\/p>\n","protected":false},"author":2,"featured_media":0,"comment_status":"open","ping_status":"open","sticky":false,"template":"","format":"standard","meta":{"jetpack_post_was_ever_published":false,"jetpack_publicize_message":"","jetpack_is_tweetstorm":false,"jetpack_publicize_feature_enabled":true},"categories":[7],"tags":[],"jetpack_publicize_connections":[],"jetpack_featured_media_url":"","jetpack_sharing_enabled":true,"jetpack_shortlink":"https:\/\/wp.me\/p9KDky-4t","jetpack_likes_enabled":true,"_links":{"self":[{"href":"https:\/\/tour.gradt.de\/index.php?rest_route=\/wp\/v2\/posts\/277"}],"collection":[{"href":"https:\/\/tour.gradt.de\/index.php?rest_route=\/wp\/v2\/posts"}],"about":[{"href":"https:\/\/tour.gradt.de\/index.php?rest_route=\/wp\/v2\/types\/post"}],"author":[{"embeddable":true,"href":"https:\/\/tour.gradt.de\/index.php?rest_route=\/wp\/v2\/users\/2"}],"replies":[{"embeddable":true,"href":"https:\/\/tour.gradt.de\/index.php?rest_route=%2Fwp%2Fv2%2Fcomments&post=277"}],"version-history":[{"count":8,"href":"https:\/\/tour.gradt.de\/index.php?rest_route=\/wp\/v2\/posts\/277\/revisions"}],"predecessor-version":[{"id":286,"href":"https:\/\/tour.gradt.de\/index.php?rest_route=\/wp\/v2\/posts\/277\/revisions\/286"}],"wp:attachment":[{"href":"https:\/\/tour.gradt.de\/index.php?rest_route=%2Fwp%2Fv2%2Fmedia&parent=277"}],"wp:term":[{"taxonomy":"category","embeddable":true,"href":"https:\/\/tour.gradt.de\/index.php?rest_route=%2Fwp%2Fv2%2Fcategories&post=277"},{"taxonomy":"post_tag","embeddable":true,"href":"https:\/\/tour.gradt.de\/index.php?rest_route=%2Fwp%2Fv2%2Ftags&post=277"}],"curies":[{"name":"wp","href":"https:\/\/api.w.org\/{rel}","templated":true}]}}