{"id":297,"date":"2018-03-22T07:23:20","date_gmt":"2018-03-22T07:23:20","guid":{"rendered":"http:\/\/tour.gradt.de\/?p=297"},"modified":"2018-04-05T21:39:17","modified_gmt":"2018-04-05T21:39:17","slug":"das-tor-ist-zu","status":"publish","type":"post","link":"https:\/\/tour.gradt.de\/?p=297","title":{"rendered":"Das Tor ist zu"},"content":{"rendered":"<p>Gestern haben noch auf dem Campingplatz von Lissabon \u00fcbernachtet. Das war eine sch\u00f6ne Anlage. Die Kinder haben bis Mittag auf dem Spielplatz gespielt. Christian hat Auto von au\u00dfen frisch gemacht und Anna hat den Haushalt gemacht. Das Tolle am Haushalt im Wohnmobil ist, dass man nur ma\u0445. 30 Min f\u00fcr die Generalreinigung braucht. Es ist sch\u00f6n man verwendet keine Zeit f\u00fcr das Putzen sondern f\u00fcr viele andere deutlich angenehmer Sachen. Gut einkaufen und kochen muss man auch wie zu Hause.<\/p>\n<p>Gegen Mittag sind wir weiter an der K\u00fcste Richtung S\u00fcden gefahren. Zwischendurch Pausen gemacht, Eink\u00e4ufe erledigt. Gegen Abend haben wir in der ADAC App einen Stellplatz ausgesucht und sind hingefahren.<\/p>\n<p>Die Fahrt bis dahin war etwas unheimlich. Die Navigation hat uns durch einen Feldweg zu einem Haus mit einem riesigen Tor gebracht. Wir stehen vor dem Tor und es geht nicht auf. Wir versuchen jemanden telefonisch zu erreichen, niemand ist erreichbar. Die Kinder werden unruhig, wollen essen und schlafen. Uns bleibt nichts anderes \u00fcbrig als ein schnelles Abendessen zu machen und sie ins Bett zu bringen. W\u00e4hrenddessen ist eine Frau mit dem Auto gekommen, das Tor geht auf. Christian springt sehr schnell aus dem Auto, um zu fragen ob wir rein k\u00f6nnen. Die Frau war aus Deutschland und erkl\u00e4rt: &#8222;Hier gibt es nur private Ferienwohnungen zu mieten, aber es stehen \u00f6fter Camper vor dem Tor &#8211; auch letztes Jahr immer wieder.&#8220; Sie f\u00e4hrt rein das Tor geht zu und wir stehen wieder da. Die Kinder sind im Bett und wir suchen einen neuen Stellplatz. Wir entscheiden uns noch etwa 45min nach Sagres zu fahren und haben ganz nah am s\u00fcd-westlichsten Punkt Europas \u00fcbernachtet. Den sehen wir uns heute mal an!<\/p>\n<p><img src=\"https:\/\/i0.wp.com\/tour.gradt.de\/wp-content\/uploads\/2018\/03\/img_4711.jpg?w=525\" class=\"size-full\" data-recalc-dims=\"1\"><\/p>\n<p><img loading=\"lazy\" src=\"https:\/\/i0.wp.com\/tour.gradt.de\/wp-content\/uploads\/2018\/03\/img_4703-1.jpg?resize=525%2C700\" class=\"wp-image-294 size-full\" height=\"700\" width=\"525\" srcset=\"https:\/\/i0.wp.com\/tour.gradt.de\/wp-content\/uploads\/2018\/03\/img_4703-1.jpg?w=2448&amp;ssl=1 2448w, https:\/\/i0.wp.com\/tour.gradt.de\/wp-content\/uploads\/2018\/03\/img_4703-1.jpg?resize=225%2C300&amp;ssl=1 225w, https:\/\/i0.wp.com\/tour.gradt.de\/wp-content\/uploads\/2018\/03\/img_4703-1.jpg?resize=768%2C1024&amp;ssl=1 768w, https:\/\/i0.wp.com\/tour.gradt.de\/wp-content\/uploads\/2018\/03\/img_4703-1.jpg?w=1050 1050w, https:\/\/i0.wp.com\/tour.gradt.de\/wp-content\/uploads\/2018\/03\/img_4703-1.jpg?w=1575 1575w\" sizes=\"(max-width: 767px) 89vw, (max-width: 1000px) 54vw, (max-width: 1071px) 543px, 580px\" data-recalc-dims=\"1\" \/><img loading=\"lazy\" src=\"https:\/\/i0.wp.com\/tour.gradt.de\/wp-content\/uploads\/2018\/03\/img_4720-1.jpg?resize=525%2C700\" class=\"wp-image-295 size-full\" height=\"700\" width=\"525\" srcset=\"https:\/\/i0.wp.com\/tour.gradt.de\/wp-content\/uploads\/2018\/03\/img_4720-1.jpg?w=2448&amp;ssl=1 2448w, https:\/\/i0.wp.com\/tour.gradt.de\/wp-content\/uploads\/2018\/03\/img_4720-1.jpg?resize=225%2C300&amp;ssl=1 225w, https:\/\/i0.wp.com\/tour.gradt.de\/wp-content\/uploads\/2018\/03\/img_4720-1.jpg?resize=768%2C1024&amp;ssl=1 768w, https:\/\/i0.wp.com\/tour.gradt.de\/wp-content\/uploads\/2018\/03\/img_4720-1.jpg?w=1050 1050w, https:\/\/i0.wp.com\/tour.gradt.de\/wp-content\/uploads\/2018\/03\/img_4720-1.jpg?w=1575 1575w\" sizes=\"(max-width: 767px) 89vw, (max-width: 1000px) 54vw, (max-width: 1071px) 543px, 580px\" data-recalc-dims=\"1\" \/><img loading=\"lazy\" src=\"https:\/\/i0.wp.com\/tour.gradt.de\/wp-content\/uploads\/2018\/03\/img_4732-1.jpg?resize=525%2C612\" class=\"wp-image-292 size-full\" height=\"612\" width=\"525\" srcset=\"https:\/\/i0.wp.com\/tour.gradt.de\/wp-content\/uploads\/2018\/03\/img_4732-1.jpg?w=2448&amp;ssl=1 2448w, https:\/\/i0.wp.com\/tour.gradt.de\/wp-content\/uploads\/2018\/03\/img_4732-1.jpg?resize=258%2C300&amp;ssl=1 258w, https:\/\/i0.wp.com\/tour.gradt.de\/wp-content\/uploads\/2018\/03\/img_4732-1.jpg?resize=768%2C895&amp;ssl=1 768w, https:\/\/i0.wp.com\/tour.gradt.de\/wp-content\/uploads\/2018\/03\/img_4732-1.jpg?resize=879%2C1024&amp;ssl=1 879w, https:\/\/i0.wp.com\/tour.gradt.de\/wp-content\/uploads\/2018\/03\/img_4732-1.jpg?w=1050 1050w, https:\/\/i0.wp.com\/tour.gradt.de\/wp-content\/uploads\/2018\/03\/img_4732-1.jpg?w=1575 1575w\" sizes=\"(max-width: 767px) 89vw, (max-width: 1000px) 54vw, (max-width: 1071px) 543px, 580px\" data-recalc-dims=\"1\" \/><img loading=\"lazy\" src=\"https:\/\/i0.wp.com\/tour.gradt.de\/wp-content\/uploads\/2018\/03\/img_4730-1.jpg?resize=525%2C700\" class=\"wp-image-296 size-full\" height=\"700\" width=\"525\" srcset=\"https:\/\/i0.wp.com\/tour.gradt.de\/wp-content\/uploads\/2018\/03\/img_4730-1.jpg?w=2448&amp;ssl=1 2448w, https:\/\/i0.wp.com\/tour.gradt.de\/wp-content\/uploads\/2018\/03\/img_4730-1.jpg?resize=225%2C300&amp;ssl=1 225w, https:\/\/i0.wp.com\/tour.gradt.de\/wp-content\/uploads\/2018\/03\/img_4730-1.jpg?resize=768%2C1024&amp;ssl=1 768w, https:\/\/i0.wp.com\/tour.gradt.de\/wp-content\/uploads\/2018\/03\/img_4730-1.jpg?w=1050 1050w, https:\/\/i0.wp.com\/tour.gradt.de\/wp-content\/uploads\/2018\/03\/img_4730-1.jpg?w=1575 1575w\" sizes=\"(max-width: 767px) 89vw, (max-width: 1000px) 54vw, (max-width: 1071px) 543px, 580px\" data-recalc-dims=\"1\" \/><img loading=\"lazy\" src=\"https:\/\/i0.wp.com\/tour.gradt.de\/wp-content\/uploads\/2018\/03\/img_4744-1.jpg?resize=525%2C700\" class=\"wp-image-293 size-full\" height=\"700\" width=\"525\" srcset=\"https:\/\/i0.wp.com\/tour.gradt.de\/wp-content\/uploads\/2018\/03\/img_4744-1.jpg?w=2448&amp;ssl=1 2448w, https:\/\/i0.wp.com\/tour.gradt.de\/wp-content\/uploads\/2018\/03\/img_4744-1.jpg?resize=225%2C300&amp;ssl=1 225w, https:\/\/i0.wp.com\/tour.gradt.de\/wp-content\/uploads\/2018\/03\/img_4744-1.jpg?resize=768%2C1024&amp;ssl=1 768w, https:\/\/i0.wp.com\/tour.gradt.de\/wp-content\/uploads\/2018\/03\/img_4744-1.jpg?w=1050 1050w, https:\/\/i0.wp.com\/tour.gradt.de\/wp-content\/uploads\/2018\/03\/img_4744-1.jpg?w=1575 1575w\" sizes=\"(max-width: 767px) 89vw, (max-width: 1000px) 54vw, (max-width: 1071px) 543px, 580px\" data-recalc-dims=\"1\" \/><\/p>\n","protected":false},"excerpt":{"rendered":"<p>Gestern haben noch auf dem Campingplatz von Lissabon \u00fcbernachtet. Das war eine sch\u00f6ne Anlage. Die Kinder haben bis Mittag auf dem Spielplatz gespielt. Christian hat Auto von au\u00dfen frisch gemacht und Anna hat den Haushalt gemacht. Das Tolle am Haushalt im Wohnmobil ist, dass man nur ma\u0445. 30 Min f\u00fcr die Generalreinigung braucht. Es ist &hellip; <\/p>\n<p class=\"link-more\"><a href=\"https:\/\/tour.gradt.de\/?p=297\" class=\"more-link\"><span class=\"screen-reader-text\">\u201eDas Tor ist zu\u201c<\/span> weiterlesen<\/a><\/p>\n","protected":false},"author":2,"featured_media":0,"comment_status":"open","ping_status":"open","sticky":false,"template":"","format":"standard","meta":{"jetpack_post_was_ever_published":false,"jetpack_publicize_message":"","jetpack_is_tweetstorm":false,"jetpack_publicize_feature_enabled":true},"categories":[7],"tags":[],"jetpack_publicize_connections":[],"jetpack_featured_media_url":"","jetpack_sharing_enabled":true,"jetpack_shortlink":"https:\/\/wp.me\/p9KDky-4N","jetpack_likes_enabled":true,"_links":{"self":[{"href":"https:\/\/tour.gradt.de\/index.php?rest_route=\/wp\/v2\/posts\/297"}],"collection":[{"href":"https:\/\/tour.gradt.de\/index.php?rest_route=\/wp\/v2\/posts"}],"about":[{"href":"https:\/\/tour.gradt.de\/index.php?rest_route=\/wp\/v2\/types\/post"}],"author":[{"embeddable":true,"href":"https:\/\/tour.gradt.de\/index.php?rest_route=\/wp\/v2\/users\/2"}],"replies":[{"embeddable":true,"href":"https:\/\/tour.gradt.de\/index.php?rest_route=%2Fwp%2Fv2%2Fcomments&post=297"}],"version-history":[{"count":3,"href":"https:\/\/tour.gradt.de\/index.php?rest_route=\/wp\/v2\/posts\/297\/revisions"}],"predecessor-version":[{"id":301,"href":"https:\/\/tour.gradt.de\/index.php?rest_route=\/wp\/v2\/posts\/297\/revisions\/301"}],"wp:attachment":[{"href":"https:\/\/tour.gradt.de\/index.php?rest_route=%2Fwp%2Fv2%2Fmedia&parent=297"}],"wp:term":[{"taxonomy":"category","embeddable":true,"href":"https:\/\/tour.gradt.de\/index.php?rest_route=%2Fwp%2Fv2%2Fcategories&post=297"},{"taxonomy":"post_tag","embeddable":true,"href":"https:\/\/tour.gradt.de\/index.php?rest_route=%2Fwp%2Fv2%2Ftags&post=297"}],"curies":[{"name":"wp","href":"https:\/\/api.w.org\/{rel}","templated":true}]}}