{"id":30,"date":"2018-02-02T08:50:15","date_gmt":"2018-02-02T07:50:15","guid":{"rendered":"http:\/\/tour.gradt.de\/?p=30"},"modified":"2018-04-19T11:42:54","modified_gmt":"2018-04-19T09:42:54","slug":"herausforderungen","status":"publish","type":"post","link":"https:\/\/tour.gradt.de\/?p=30","title":{"rendered":"Herausforderungen"},"content":{"rendered":"<p>Nunmehr Ende Januar oder auch Anfang Februar haben wir das Wohnmobil immer noch nicht.<\/p>\n<p>Ein Fahrzeug steht zwar beim H\u00e4ndler, jedoch nicht so ausgestattet, dass wir mit 5 Personen gut gesichert fahren k\u00f6nnten. Mit dem Modellwechsel 2018 gibt es in der Standardausf\u00fchrung nur noch 4 gurtbare Pl\u00e4tze, damit leider zu wenig f\u00fcr uns.<\/p>\n<p>Montag geht es weiter. Dann besprechen wir die M\u00f6glichkeiten mit dem H\u00e4ndler. Bis zur geplanten Abreise sind es ja nur noch 21 Tage.<\/p>\n<p>Es bleibt spannend.<\/p>\n","protected":false},"excerpt":{"rendered":"<p>Nunmehr Ende Januar oder auch Anfang Februar haben wir das Wohnmobil immer noch nicht. Ein Fahrzeug steht zwar beim H\u00e4ndler, jedoch nicht so ausgestattet, dass wir mit 5 Personen gut gesichert fahren k\u00f6nnten. Mit dem Modellwechsel 2018 gibt es in der Standardausf\u00fchrung nur noch 4 gurtbare Pl\u00e4tze, damit leider zu wenig f\u00fcr uns. Montag geht &hellip; <\/p>\n<p class=\"link-more\"><a href=\"https:\/\/tour.gradt.de\/?p=30\" class=\"more-link\"><span class=\"screen-reader-text\">\u201eHerausforderungen\u201c<\/span> weiterlesen<\/a><\/p>\n","protected":false},"author":3,"featured_media":0,"comment_status":"open","ping_status":"open","sticky":false,"template":"","format":"standard","meta":{"jetpack_post_was_ever_published":false,"jetpack_publicize_message":"","jetpack_is_tweetstorm":false,"jetpack_publicize_feature_enabled":true},"categories":[3],"tags":[],"jetpack_publicize_connections":[],"jetpack_featured_media_url":"","jetpack_sharing_enabled":true,"jetpack_shortlink":"https:\/\/wp.me\/p9KDky-u","jetpack_likes_enabled":true,"_links":{"self":[{"href":"https:\/\/tour.gradt.de\/index.php?rest_route=\/wp\/v2\/posts\/30"}],"collection":[{"href":"https:\/\/tour.gradt.de\/index.php?rest_route=\/wp\/v2\/posts"}],"about":[{"href":"https:\/\/tour.gradt.de\/index.php?rest_route=\/wp\/v2\/types\/post"}],"author":[{"embeddable":true,"href":"https:\/\/tour.gradt.de\/index.php?rest_route=\/wp\/v2\/users\/3"}],"replies":[{"embeddable":true,"href":"https:\/\/tour.gradt.de\/index.php?rest_route=%2Fwp%2Fv2%2Fcomments&post=30"}],"version-history":[{"count":1,"href":"https:\/\/tour.gradt.de\/index.php?rest_route=\/wp\/v2\/posts\/30\/revisions"}],"predecessor-version":[{"id":31,"href":"https:\/\/tour.gradt.de\/index.php?rest_route=\/wp\/v2\/posts\/30\/revisions\/31"}],"wp:attachment":[{"href":"https:\/\/tour.gradt.de\/index.php?rest_route=%2Fwp%2Fv2%2Fmedia&parent=30"}],"wp:term":[{"taxonomy":"category","embeddable":true,"href":"https:\/\/tour.gradt.de\/index.php?rest_route=%2Fwp%2Fv2%2Fcategories&post=30"},{"taxonomy":"post_tag","embeddable":true,"href":"https:\/\/tour.gradt.de\/index.php?rest_route=%2Fwp%2Fv2%2Ftags&post=30"}],"curies":[{"name":"wp","href":"https:\/\/api.w.org\/{rel}","templated":true}]}}