{"id":303,"date":"2018-03-23T00:01:37","date_gmt":"2018-03-23T00:01:37","guid":{"rendered":"http:\/\/tour.gradt.de\/?p=303"},"modified":"2018-04-05T21:38:53","modified_gmt":"2018-04-05T21:38:53","slug":"letzte-bratwurst-vor-amerika","status":"publish","type":"post","link":"https:\/\/tour.gradt.de\/?p=303","title":{"rendered":"Letzte Bratwurst vor Amerika"},"content":{"rendered":"<p>Das Gef\u00fchl der Freiheit ist&#8230; wenn man vor dem Atlantik am s\u00fcd-westlichsten Punkt Europas steht und sieht wie das Wasser mit dem blauen Himmel eine Einheit wird.<\/p>\n<p>Wir sind gestern kaum gefahren und ganz viel angeschaut. Wir waren an dem Leuchtturm, wo Europa zu Ende ist. \u00dcberw\u00e4ltigend! Man kann das mit Worten nicht beschreiben! Das muss man einfach sehen, sp\u00fcren, f\u00fchlen und riechen! Cabo de Sao Vicente hei\u00dft der Leuchtturm wo alles zu Ende ist, au\u00dfer deutschen Bratw\u00fcrstchen. In der N\u00e4he vom Leuchtturm steht eine Wurstbude, in der zwei deutsche Frauen Bratwurst im Br\u00f6tchen verkaufen. 4\u20ac pro St\u00fcck aber das ist jedem Tourist das Geld wert &#8211; vor allem deutschen Touristen \ud83d\ude42 Das Kochen in Wohnmobil zum Mittag ist nat\u00fcrlich ausgefallen.<\/p>\n<p>Einzigartige Pflanzen, Lavasteine, das klare Wasser des Ozeans und der Wind pr\u00e4gen die Landschaft. Sie erinnern den Mensch daran, wie gewaltig und dominant die Natur ist. Ein unvergesslicher Tag!<\/p>\n<p>Wir haben in Espiche auf einem Campingplatz \u00fcbernachtet. Die Eindr\u00fccke wollen erstmal verarbeitet werden.<\/p>\n<p><img src=\"https:\/\/i0.wp.com\/tour.gradt.de\/wp-content\/uploads\/2018\/03\/IMG_5602.jpg?w=525\" class=\"size-full\" data-recalc-dims=\"1\"><img src=\"https:\/\/i0.wp.com\/tour.gradt.de\/wp-content\/uploads\/2018\/03\/img_4863.jpg?w=525\" class=\"size-full\" data-recalc-dims=\"1\"><img src=\"https:\/\/i0.wp.com\/tour.gradt.de\/wp-content\/uploads\/2018\/03\/img_4759.jpg?w=525\" class=\"size-full\" data-recalc-dims=\"1\"><img src=\"https:\/\/i0.wp.com\/tour.gradt.de\/wp-content\/uploads\/2018\/03\/img_4851.jpg?w=525\" class=\"size-full\" data-recalc-dims=\"1\"><img src=\"https:\/\/i0.wp.com\/tour.gradt.de\/wp-content\/uploads\/2018\/03\/img_4791.jpg?w=525\" class=\"size-full\" data-recalc-dims=\"1\"><img src=\"https:\/\/i0.wp.com\/tour.gradt.de\/wp-content\/uploads\/2018\/03\/img_4811.jpg?w=525\" class=\"size-full\" data-recalc-dims=\"1\"><img src=\"https:\/\/i0.wp.com\/tour.gradt.de\/wp-content\/uploads\/2018\/03\/img_4826.jpg?w=525\" class=\"size-full\" data-recalc-dims=\"1\"><img src=\"https:\/\/i0.wp.com\/tour.gradt.de\/wp-content\/uploads\/2018\/03\/img_4765.jpg?w=525\" class=\"size-full\" data-recalc-dims=\"1\"><\/p>\n<p><img src=\"https:\/\/i0.wp.com\/tour.gradt.de\/wp-content\/uploads\/2018\/03\/img_4879.jpg?w=525\" class=\"size-full\" data-recalc-dims=\"1\"><\/p>\n","protected":false},"excerpt":{"rendered":"<p>Das Gef\u00fchl der Freiheit ist&#8230; wenn man vor dem Atlantik am s\u00fcd-westlichsten Punkt Europas steht und sieht wie das Wasser mit dem blauen Himmel eine Einheit wird. Wir sind gestern kaum gefahren und ganz viel angeschaut. Wir waren an dem Leuchtturm, wo Europa zu Ende ist. \u00dcberw\u00e4ltigend! Man kann das mit Worten nicht beschreiben! Das &hellip; <\/p>\n<p class=\"link-more\"><a href=\"https:\/\/tour.gradt.de\/?p=303\" class=\"more-link\"><span class=\"screen-reader-text\">\u201eLetzte Bratwurst vor Amerika\u201c<\/span> weiterlesen<\/a><\/p>\n","protected":false},"author":2,"featured_media":0,"comment_status":"open","ping_status":"open","sticky":false,"template":"","format":"standard","meta":{"jetpack_post_was_ever_published":false,"jetpack_publicize_message":"","jetpack_is_tweetstorm":false,"jetpack_publicize_feature_enabled":true},"categories":[7],"tags":[],"jetpack_publicize_connections":[],"jetpack_featured_media_url":"","jetpack_sharing_enabled":true,"jetpack_shortlink":"https:\/\/wp.me\/p9KDky-4T","jetpack_likes_enabled":true,"_links":{"self":[{"href":"https:\/\/tour.gradt.de\/index.php?rest_route=\/wp\/v2\/posts\/303"}],"collection":[{"href":"https:\/\/tour.gradt.de\/index.php?rest_route=\/wp\/v2\/posts"}],"about":[{"href":"https:\/\/tour.gradt.de\/index.php?rest_route=\/wp\/v2\/types\/post"}],"author":[{"embeddable":true,"href":"https:\/\/tour.gradt.de\/index.php?rest_route=\/wp\/v2\/users\/2"}],"replies":[{"embeddable":true,"href":"https:\/\/tour.gradt.de\/index.php?rest_route=%2Fwp%2Fv2%2Fcomments&post=303"}],"version-history":[{"count":8,"href":"https:\/\/tour.gradt.de\/index.php?rest_route=\/wp\/v2\/posts\/303\/revisions"}],"predecessor-version":[{"id":324,"href":"https:\/\/tour.gradt.de\/index.php?rest_route=\/wp\/v2\/posts\/303\/revisions\/324"}],"wp:attachment":[{"href":"https:\/\/tour.gradt.de\/index.php?rest_route=%2Fwp%2Fv2%2Fmedia&parent=303"}],"wp:term":[{"taxonomy":"category","embeddable":true,"href":"https:\/\/tour.gradt.de\/index.php?rest_route=%2Fwp%2Fv2%2Fcategories&post=303"},{"taxonomy":"post_tag","embeddable":true,"href":"https:\/\/tour.gradt.de\/index.php?rest_route=%2Fwp%2Fv2%2Ftags&post=303"}],"curies":[{"name":"wp","href":"https:\/\/api.w.org\/{rel}","templated":true}]}}