{"id":331,"date":"2018-03-23T20:48:49","date_gmt":"2018-03-23T20:48:49","guid":{"rendered":"http:\/\/tour.gradt.de\/?p=331"},"modified":"2018-04-05T21:38:46","modified_gmt":"2018-04-05T21:38:46","slug":"mittag-am-tomatenstrand","status":"publish","type":"post","link":"https:\/\/tour.gradt.de\/?p=331","title":{"rendered":"Mittag am Tomatenstrand"},"content":{"rendered":"<p>Da wo wir die letzte Nacht \u00fcbernachtet haben, war schlechtes Wetter gemeldet. Nach dem Duschen und W\u00e4schewaschen am Campingplatz, haben wir uns entschieden weiter zu fahren. Wir sind zum Praia dos Tomates gefahren &#8211; also auf gut Deutsch am Tomatenstrand gelandet.<\/p>\n<p>Zuerst wollten wir hier nur die Mittagspause verbringen aber es hat uns so gefallen, dass wir hier \u00fcber die Nacht bleiben werden.<\/p>\n<p>Nach dem Mittagessen sind wir 3 Stunden spazieren gegangen. Die Natur, die Pflanzen kann man sich nicht sattsehen. Ein breiter Strand, rechts Wasser, links r\u00f6tliche Felswand und \u00fcberall riesengro\u00dfe Kakteen. Die Kinder waren beim Sand buddeln gut besch\u00e4ftigt und wir haben das Panorama genossen. Dann sind wir vom Strand weg in die andere Richtung gelaufen, haben ein Feld mit einer Schafherde entdeckt. Die Kinder wollten die Schafe streicheln aber sie hatten Angst von uns.<\/p>\n<p>Nach dem Tag wollten die Kinder fr\u00fcher ins Bett. Zeit f\u00fcr uns um zu Lesen, zu Schreiben, zu Quatschen oder auch einfach die gesammelten bis jetzt Eindr\u00fccke und Ereignisse ein wenig zu verarbeiten. Kaum zu glauben ist,  dass schon 4 Wochen vergingen, seit wir von zu Hause weg&#8230; es f\u00fchlt sich an wie ein Tag&#8230;<\/p>\n<p><img src=\"https:\/\/i0.wp.com\/tour.gradt.de\/wp-content\/uploads\/2018\/03\/img_4912.jpg?w=525\" class=\"size-full\" data-recalc-dims=\"1\"><img src=\"https:\/\/i0.wp.com\/tour.gradt.de\/wp-content\/uploads\/2018\/03\/img_4921.jpg?w=525\" class=\"size-full\" data-recalc-dims=\"1\"><img src=\"https:\/\/i0.wp.com\/tour.gradt.de\/wp-content\/uploads\/2018\/03\/img_4915.jpg?w=525\" class=\"size-full\" data-recalc-dims=\"1\"><img src=\"https:\/\/i0.wp.com\/tour.gradt.de\/wp-content\/uploads\/2018\/03\/img_4916.jpg?w=525\" class=\"size-full\" data-recalc-dims=\"1\"><img src=\"https:\/\/i0.wp.com\/tour.gradt.de\/wp-content\/uploads\/2018\/03\/img_4909.jpg?w=525\" class=\"size-full\" data-recalc-dims=\"1\"><img src=\"https:\/\/i0.wp.com\/tour.gradt.de\/wp-content\/uploads\/2018\/03\/img_4923.jpg?w=525\" class=\"size-full\" data-recalc-dims=\"1\"><\/p>\n","protected":false},"excerpt":{"rendered":"<p>Da wo wir die letzte Nacht \u00fcbernachtet haben, war schlechtes Wetter gemeldet. Nach dem Duschen und W\u00e4schewaschen am Campingplatz, haben wir uns entschieden weiter zu fahren. Wir sind zum Praia dos Tomates gefahren &#8211; also auf gut Deutsch am Tomatenstrand gelandet. Zuerst wollten wir hier nur die Mittagspause verbringen aber es hat uns so gefallen, &hellip; <\/p>\n<p class=\"link-more\"><a href=\"https:\/\/tour.gradt.de\/?p=331\" class=\"more-link\"><span class=\"screen-reader-text\">\u201eMittag am Tomatenstrand\u201c<\/span> weiterlesen<\/a><\/p>\n","protected":false},"author":2,"featured_media":0,"comment_status":"open","ping_status":"open","sticky":false,"template":"","format":"standard","meta":{"jetpack_post_was_ever_published":false,"jetpack_publicize_message":"","jetpack_is_tweetstorm":false,"jetpack_publicize_feature_enabled":true},"categories":[7],"tags":[],"jetpack_publicize_connections":[],"jetpack_featured_media_url":"","jetpack_sharing_enabled":true,"jetpack_shortlink":"https:\/\/wp.me\/p9KDky-5l","jetpack_likes_enabled":true,"_links":{"self":[{"href":"https:\/\/tour.gradt.de\/index.php?rest_route=\/wp\/v2\/posts\/331"}],"collection":[{"href":"https:\/\/tour.gradt.de\/index.php?rest_route=\/wp\/v2\/posts"}],"about":[{"href":"https:\/\/tour.gradt.de\/index.php?rest_route=\/wp\/v2\/types\/post"}],"author":[{"embeddable":true,"href":"https:\/\/tour.gradt.de\/index.php?rest_route=\/wp\/v2\/users\/2"}],"replies":[{"embeddable":true,"href":"https:\/\/tour.gradt.de\/index.php?rest_route=%2Fwp%2Fv2%2Fcomments&post=331"}],"version-history":[{"count":2,"href":"https:\/\/tour.gradt.de\/index.php?rest_route=\/wp\/v2\/posts\/331\/revisions"}],"predecessor-version":[{"id":333,"href":"https:\/\/tour.gradt.de\/index.php?rest_route=\/wp\/v2\/posts\/331\/revisions\/333"}],"wp:attachment":[{"href":"https:\/\/tour.gradt.de\/index.php?rest_route=%2Fwp%2Fv2%2Fmedia&parent=331"}],"wp:term":[{"taxonomy":"category","embeddable":true,"href":"https:\/\/tour.gradt.de\/index.php?rest_route=%2Fwp%2Fv2%2Fcategories&post=331"},{"taxonomy":"post_tag","embeddable":true,"href":"https:\/\/tour.gradt.de\/index.php?rest_route=%2Fwp%2Fv2%2Ftags&post=331"}],"curies":[{"name":"wp","href":"https:\/\/api.w.org\/{rel}","templated":true}]}}