{"id":340,"date":"2018-03-24T21:50:42","date_gmt":"2018-03-24T21:50:42","guid":{"rendered":"http:\/\/tour.gradt.de\/?p=340"},"modified":"2018-04-05T21:39:06","modified_gmt":"2018-04-05T21:39:06","slug":"wie-spaet-ist-es","status":"publish","type":"post","link":"https:\/\/tour.gradt.de\/?p=340","title":{"rendered":"Wie sp\u00e4t ist es? :-)"},"content":{"rendered":"<p>Manchmal nach dem Aufstehen fragen wir uns welchen Wochentag wir heute haben. Morgen wird&#8217;s noch schwieriger, die zweite Zeitverschiebung in weniger als 12 Stunden &#8211; quasi Jetlag. Denn heute haben wir Portugal verlassen und sind wieder in Spanien. Deutschland und auch Spanien sind den Portugiesen eine Stunde voraus. Heute Nacht kommt dann noch die Zeitumstellung f\u00fcr uns um eine Stunde nach vorne. Das ist schon fast eine Matheaufgabe f\u00fcr die Oberstufe \ud83d\ude09 Zum Gl\u00fcck haben wir die gemeinsam gel\u00f6st \ud83d\ude42 Also f\u00fcr uns bedeutet es zwei Stunden nach vorne. Zum Gl\u00fcck m\u00fcssen wir morgen nirgendwo p\u00fcnktlich sein \ud83d\ude09<\/p>\n<p>Wir sind heute nach dem Fr\u00fchst\u00fcck noch am Tomatenstrand geblieben. Sind spazieren gegangen, haben Leute kennengelernt, die uns tolle Tipps gegeben haben, was wir hier noch Tolles erleben k\u00f6nnen, ihren Tipps werden wir auch teilweise folgen &#8211; dazu in einem der folgenden Berichte mehr.<\/p>\n<p>Wir sind dann auf der K\u00fcstenstra\u00dfe (N125) \u00fcber Faro in Richtung Spanien gefahren. Die Grenze haben wir Mittags passiert und den Nachmittag im Nationalpark Coto de Do\u00f1ana verbracht und wieder eine andere Landschaft (Natur) genossen.<\/p>\n<p>Nach dem Abendessen sind wir noch weiter gefahren um Morgen gleich mit Sightseeing loszulegen, denn heute \u00fcbernachten wir in Sevilla, mitten in der Stadt. Mal schauen wie sp\u00e4t es (wirklich) ist, wenn wir aufstehen!<\/p>\n<p><img loading=\"lazy\" src=\"https:\/\/i0.wp.com\/tour.gradt.de\/wp-content\/uploads\/2018\/03\/img_4980-1.jpg?resize=525%2C700\" class=\"wp-image-345 size-full\" height=\"700\" width=\"525\" srcset=\"https:\/\/i0.wp.com\/tour.gradt.de\/wp-content\/uploads\/2018\/03\/img_4980-1.jpg?w=2448&amp;ssl=1 2448w, https:\/\/i0.wp.com\/tour.gradt.de\/wp-content\/uploads\/2018\/03\/img_4980-1.jpg?resize=225%2C300&amp;ssl=1 225w, https:\/\/i0.wp.com\/tour.gradt.de\/wp-content\/uploads\/2018\/03\/img_4980-1.jpg?resize=768%2C1024&amp;ssl=1 768w, https:\/\/i0.wp.com\/tour.gradt.de\/wp-content\/uploads\/2018\/03\/img_4980-1.jpg?w=1050 1050w, https:\/\/i0.wp.com\/tour.gradt.de\/wp-content\/uploads\/2018\/03\/img_4980-1.jpg?w=1575 1575w\" sizes=\"(max-width: 767px) 89vw, (max-width: 1000px) 54vw, (max-width: 1071px) 543px, 580px\" data-recalc-dims=\"1\" \/><img loading=\"lazy\" src=\"https:\/\/i0.wp.com\/tour.gradt.de\/wp-content\/uploads\/2018\/03\/img_4972-1.jpg?resize=525%2C700\" class=\"wp-image-343 size-full\" height=\"700\" width=\"525\" srcset=\"https:\/\/i0.wp.com\/tour.gradt.de\/wp-content\/uploads\/2018\/03\/img_4972-1.jpg?w=2448&amp;ssl=1 2448w, https:\/\/i0.wp.com\/tour.gradt.de\/wp-content\/uploads\/2018\/03\/img_4972-1.jpg?resize=225%2C300&amp;ssl=1 225w, https:\/\/i0.wp.com\/tour.gradt.de\/wp-content\/uploads\/2018\/03\/img_4972-1.jpg?resize=768%2C1024&amp;ssl=1 768w, https:\/\/i0.wp.com\/tour.gradt.de\/wp-content\/uploads\/2018\/03\/img_4972-1.jpg?w=1050 1050w, https:\/\/i0.wp.com\/tour.gradt.de\/wp-content\/uploads\/2018\/03\/img_4972-1.jpg?w=1575 1575w\" sizes=\"(max-width: 767px) 89vw, (max-width: 1000px) 54vw, (max-width: 1071px) 543px, 580px\" data-recalc-dims=\"1\" \/><img loading=\"lazy\" src=\"https:\/\/i0.wp.com\/tour.gradt.de\/wp-content\/uploads\/2018\/03\/img_4970-1.jpg?resize=525%2C700\" class=\"wp-image-346 size-full\" height=\"700\" width=\"525\" srcset=\"https:\/\/i0.wp.com\/tour.gradt.de\/wp-content\/uploads\/2018\/03\/img_4970-1.jpg?w=2448&amp;ssl=1 2448w, https:\/\/i0.wp.com\/tour.gradt.de\/wp-content\/uploads\/2018\/03\/img_4970-1.jpg?resize=225%2C300&amp;ssl=1 225w, https:\/\/i0.wp.com\/tour.gradt.de\/wp-content\/uploads\/2018\/03\/img_4970-1.jpg?resize=768%2C1024&amp;ssl=1 768w, https:\/\/i0.wp.com\/tour.gradt.de\/wp-content\/uploads\/2018\/03\/img_4970-1.jpg?w=1050 1050w, https:\/\/i0.wp.com\/tour.gradt.de\/wp-content\/uploads\/2018\/03\/img_4970-1.jpg?w=1575 1575w\" sizes=\"(max-width: 767px) 89vw, (max-width: 1000px) 54vw, (max-width: 1071px) 543px, 580px\" data-recalc-dims=\"1\" \/><img loading=\"lazy\" src=\"https:\/\/i0.wp.com\/tour.gradt.de\/wp-content\/uploads\/2018\/03\/img_4973-1.jpg?resize=525%2C700\" class=\"wp-image-344 size-full\" height=\"700\" width=\"525\" srcset=\"https:\/\/i0.wp.com\/tour.gradt.de\/wp-content\/uploads\/2018\/03\/img_4973-1.jpg?w=1983&amp;ssl=1 1983w, https:\/\/i0.wp.com\/tour.gradt.de\/wp-content\/uploads\/2018\/03\/img_4973-1.jpg?resize=225%2C300&amp;ssl=1 225w, https:\/\/i0.wp.com\/tour.gradt.de\/wp-content\/uploads\/2018\/03\/img_4973-1.jpg?resize=768%2C1024&amp;ssl=1 768w, https:\/\/i0.wp.com\/tour.gradt.de\/wp-content\/uploads\/2018\/03\/img_4973-1.jpg?w=1050 1050w, https:\/\/i0.wp.com\/tour.gradt.de\/wp-content\/uploads\/2018\/03\/img_4973-1.jpg?w=1575 1575w\" sizes=\"(max-width: 767px) 89vw, (max-width: 1000px) 54vw, (max-width: 1071px) 543px, 580px\" data-recalc-dims=\"1\" \/><img loading=\"lazy\" src=\"https:\/\/i0.wp.com\/tour.gradt.de\/wp-content\/uploads\/2018\/03\/img_4981-1.jpg?resize=525%2C728\" class=\"wp-image-347 size-full\" height=\"728\" width=\"525\" srcset=\"https:\/\/i0.wp.com\/tour.gradt.de\/wp-content\/uploads\/2018\/03\/img_4981-1.jpg?w=2820&amp;ssl=1 2820w, https:\/\/i0.wp.com\/tour.gradt.de\/wp-content\/uploads\/2018\/03\/img_4981-1.jpg?resize=216%2C300&amp;ssl=1 216w, https:\/\/i0.wp.com\/tour.gradt.de\/wp-content\/uploads\/2018\/03\/img_4981-1.jpg?resize=768%2C1065&amp;ssl=1 768w, https:\/\/i0.wp.com\/tour.gradt.de\/wp-content\/uploads\/2018\/03\/img_4981-1.jpg?resize=738%2C1024&amp;ssl=1 738w, https:\/\/i0.wp.com\/tour.gradt.de\/wp-content\/uploads\/2018\/03\/img_4981-1.jpg?w=1050 1050w, https:\/\/i0.wp.com\/tour.gradt.de\/wp-content\/uploads\/2018\/03\/img_4981-1.jpg?w=1575 1575w\" sizes=\"(max-width: 767px) 89vw, (max-width: 1000px) 54vw, (max-width: 1071px) 543px, 580px\" data-recalc-dims=\"1\" \/><\/p>\n<p><img src=\"https:\/\/i0.wp.com\/tour.gradt.de\/wp-content\/uploads\/2018\/03\/img_4962-1.jpg?w=525\" class=\"size-full\" data-recalc-dims=\"1\"><\/p>\n","protected":false},"excerpt":{"rendered":"<p>Manchmal nach dem Aufstehen fragen wir uns welchen Wochentag wir heute haben. Morgen wird&#8217;s noch schwieriger, die zweite Zeitverschiebung in weniger als 12 Stunden &#8211; quasi Jetlag. Denn heute haben wir Portugal verlassen und sind wieder in Spanien. Deutschland und auch Spanien sind den Portugiesen eine Stunde voraus. Heute Nacht kommt dann noch die Zeitumstellung &hellip; <\/p>\n<p class=\"link-more\"><a href=\"https:\/\/tour.gradt.de\/?p=340\" class=\"more-link\"><span class=\"screen-reader-text\">\u201eWie sp\u00e4t ist es? :-)\u201c<\/span> weiterlesen<\/a><\/p>\n","protected":false},"author":2,"featured_media":0,"comment_status":"open","ping_status":"open","sticky":false,"template":"","format":"standard","meta":{"jetpack_post_was_ever_published":false,"jetpack_publicize_message":"","jetpack_is_tweetstorm":false,"jetpack_publicize_feature_enabled":true},"categories":[7,18],"tags":[],"jetpack_publicize_connections":[],"jetpack_featured_media_url":"","jetpack_sharing_enabled":true,"jetpack_shortlink":"https:\/\/wp.me\/p9KDky-5u","jetpack_likes_enabled":true,"_links":{"self":[{"href":"https:\/\/tour.gradt.de\/index.php?rest_route=\/wp\/v2\/posts\/340"}],"collection":[{"href":"https:\/\/tour.gradt.de\/index.php?rest_route=\/wp\/v2\/posts"}],"about":[{"href":"https:\/\/tour.gradt.de\/index.php?rest_route=\/wp\/v2\/types\/post"}],"author":[{"embeddable":true,"href":"https:\/\/tour.gradt.de\/index.php?rest_route=\/wp\/v2\/users\/2"}],"replies":[{"embeddable":true,"href":"https:\/\/tour.gradt.de\/index.php?rest_route=%2Fwp%2Fv2%2Fcomments&post=340"}],"version-history":[{"count":6,"href":"https:\/\/tour.gradt.de\/index.php?rest_route=\/wp\/v2\/posts\/340\/revisions"}],"predecessor-version":[{"id":352,"href":"https:\/\/tour.gradt.de\/index.php?rest_route=\/wp\/v2\/posts\/340\/revisions\/352"}],"wp:attachment":[{"href":"https:\/\/tour.gradt.de\/index.php?rest_route=%2Fwp%2Fv2%2Fmedia&parent=340"}],"wp:term":[{"taxonomy":"category","embeddable":true,"href":"https:\/\/tour.gradt.de\/index.php?rest_route=%2Fwp%2Fv2%2Fcategories&post=340"},{"taxonomy":"post_tag","embeddable":true,"href":"https:\/\/tour.gradt.de\/index.php?rest_route=%2Fwp%2Fv2%2Ftags&post=340"}],"curies":[{"name":"wp","href":"https:\/\/api.w.org\/{rel}","templated":true}]}}