{"id":360,"date":"2018-03-25T22:20:41","date_gmt":"2018-03-25T22:20:41","guid":{"rendered":"http:\/\/tour.gradt.de\/?p=360"},"modified":"2018-04-05T21:38:27","modified_gmt":"2018-04-05T21:38:27","slug":"hochstimmung-in-sevilla","status":"publish","type":"post","link":"https:\/\/tour.gradt.de\/?p=360","title":{"rendered":"Hochstimmung in Sevilla"},"content":{"rendered":"<p>Wir haben heute die Hauptstadt von Andalusien &#8211; Sevilla besichtigt. Von Stellplatz aus sind wir bei schwerst wechselhaftem Wetter zu Fuss in die Innenstadt gelaufen.<\/p>\n<p>Dort gab eine gro\u00dfe \u00dcberraschung, mit der haben wir nicht gerechnet. Pl\u00f6tzlich steht ein Meer von St\u00fchlen auf der Stra\u00dfe, viele Leute, alle sind sehr schick gekleidet, Marschmusik, auf den Balkonen h\u00e4ngt Stoff in Bordeaux. Tausende verh\u00fcllte Kapuzenm\u00e4nner ziehen durch die Stadt. Manche Menschen tragen Palmwedel in der Hand. Zuerst haben wir nicht erraten was das ist. Doch dann haben wir uns erinnert, dass heute Palmsonntag ist und verstehen, dass die Prozessionen der Bruderschaften beginnen und die ganze Woche bis Ostersonntag andauern. Tausende Touristen von der ganzen Welt sind angereist, um das zu erleben und wir unverhofft mitten drin im Geschehen.<\/p>\n<p>Alle Menschen wollen in die Kathedrale. Sie ist die gr\u00f6\u00dfte gotische Kirche Spaniens und eine der gr\u00f6\u00dften der Welt. Reinzukommen war leider wegen Menschenmenge und den Vorbereitungen auf den Gottesdienst nicht m\u00f6glich.<\/p>\n<p>Wir haben uns f\u00fcr einen langen Rundgang durch die Altstadt entschieden und haben uns sehr gefreut, dass wir so spontan diese ungew\u00f6hnliche und interessante Zeremonie erleben durften.<\/p>\n<p>Am Abend sind wir dann noch weiter Richtung S\u00fcden gefahren und am s\u00fcdlichsten Punkt Europas in Tarifa gelandet wo wir auch heute \u00fcbernachten. <img src=\"https:\/\/i0.wp.com\/tour.gradt.de\/wp-content\/uploads\/2018\/03\/img_4999.jpg?w=525\" class=\"size-full\" data-recalc-dims=\"1\"><img src=\"https:\/\/i0.wp.com\/tour.gradt.de\/wp-content\/uploads\/2018\/03\/img_5019.jpg?w=525\" class=\"size-full\" data-recalc-dims=\"1\"><img src=\"https:\/\/i0.wp.com\/tour.gradt.de\/wp-content\/uploads\/2018\/03\/img_5004.jpg?w=525\" class=\"size-full\" data-recalc-dims=\"1\"><img src=\"https:\/\/i0.wp.com\/tour.gradt.de\/wp-content\/uploads\/2018\/03\/img_5011.jpg?w=525\" class=\"size-full\" data-recalc-dims=\"1\"><img src=\"https:\/\/i0.wp.com\/tour.gradt.de\/wp-content\/uploads\/2018\/03\/img_5009.jpg?w=525\" class=\"size-full\" data-recalc-dims=\"1\"><img src=\"https:\/\/i0.wp.com\/tour.gradt.de\/wp-content\/uploads\/2018\/03\/img_5024.jpg?w=525\" class=\"size-full\" data-recalc-dims=\"1\"><img src=\"https:\/\/i0.wp.com\/tour.gradt.de\/wp-content\/uploads\/2018\/03\/img_5003.jpg?w=525\" class=\"size-full\" data-recalc-dims=\"1\"><\/p>\n<p><img loading=\"lazy\" src=\"https:\/\/i0.wp.com\/tour.gradt.de\/wp-content\/uploads\/2018\/03\/img_5629.jpg?resize=374%2C500\" class=\"size-full wp-image-365\" height=\"500\" width=\"374\" srcset=\"https:\/\/i0.wp.com\/tour.gradt.de\/wp-content\/uploads\/2018\/03\/img_5629.jpg?w=374&amp;ssl=1 374w, https:\/\/i0.wp.com\/tour.gradt.de\/wp-content\/uploads\/2018\/03\/img_5629.jpg?resize=224%2C300&amp;ssl=1 224w\" sizes=\"(max-width: 374px) 100vw, 374px\" data-recalc-dims=\"1\" \/><\/p>\n","protected":false},"excerpt":{"rendered":"<p>Wir haben heute die Hauptstadt von Andalusien &#8211; Sevilla besichtigt. Von Stellplatz aus sind wir bei schwerst wechselhaftem Wetter zu Fuss in die Innenstadt gelaufen. Dort gab eine gro\u00dfe \u00dcberraschung, mit der haben wir nicht gerechnet. Pl\u00f6tzlich steht ein Meer von St\u00fchlen auf der Stra\u00dfe, viele Leute, alle sind sehr schick gekleidet, Marschmusik, auf den &hellip; <\/p>\n<p class=\"link-more\"><a href=\"https:\/\/tour.gradt.de\/?p=360\" class=\"more-link\"><span class=\"screen-reader-text\">\u201eHochstimmung in Sevilla\u201c<\/span> weiterlesen<\/a><\/p>\n","protected":false},"author":2,"featured_media":0,"comment_status":"open","ping_status":"open","sticky":false,"template":"","format":"standard","meta":{"jetpack_post_was_ever_published":false,"jetpack_publicize_message":"","jetpack_is_tweetstorm":false,"jetpack_publicize_feature_enabled":true},"categories":[18],"tags":[],"jetpack_publicize_connections":[],"jetpack_featured_media_url":"","jetpack_sharing_enabled":true,"jetpack_shortlink":"https:\/\/wp.me\/p9KDky-5O","jetpack_likes_enabled":true,"_links":{"self":[{"href":"https:\/\/tour.gradt.de\/index.php?rest_route=\/wp\/v2\/posts\/360"}],"collection":[{"href":"https:\/\/tour.gradt.de\/index.php?rest_route=\/wp\/v2\/posts"}],"about":[{"href":"https:\/\/tour.gradt.de\/index.php?rest_route=\/wp\/v2\/types\/post"}],"author":[{"embeddable":true,"href":"https:\/\/tour.gradt.de\/index.php?rest_route=\/wp\/v2\/users\/2"}],"replies":[{"embeddable":true,"href":"https:\/\/tour.gradt.de\/index.php?rest_route=%2Fwp%2Fv2%2Fcomments&post=360"}],"version-history":[{"count":5,"href":"https:\/\/tour.gradt.de\/index.php?rest_route=\/wp\/v2\/posts\/360\/revisions"}],"predecessor-version":[{"id":367,"href":"https:\/\/tour.gradt.de\/index.php?rest_route=\/wp\/v2\/posts\/360\/revisions\/367"}],"wp:attachment":[{"href":"https:\/\/tour.gradt.de\/index.php?rest_route=%2Fwp%2Fv2%2Fmedia&parent=360"}],"wp:term":[{"taxonomy":"category","embeddable":true,"href":"https:\/\/tour.gradt.de\/index.php?rest_route=%2Fwp%2Fv2%2Fcategories&post=360"},{"taxonomy":"post_tag","embeddable":true,"href":"https:\/\/tour.gradt.de\/index.php?rest_route=%2Fwp%2Fv2%2Ftags&post=360"}],"curies":[{"name":"wp","href":"https:\/\/api.w.org\/{rel}","templated":true}]}}