{"id":379,"date":"2018-03-26T21:32:17","date_gmt":"2018-03-26T21:32:17","guid":{"rendered":"http:\/\/tour.gradt.de\/?p=379"},"modified":"2018-04-05T21:38:17","modified_gmt":"2018-04-05T21:38:17","slug":"mal-um-die-ecke-nach-england","status":"publish","type":"post","link":"https:\/\/tour.gradt.de\/?p=379","title":{"rendered":"Mal um die Ecke nach England"},"content":{"rendered":"<p>Die Nacht haben wir in Tarifa verbracht. Vormittags waren wir am s\u00fcdlichsten Punkt Europas. Man steht auf der Promenade &#8211; rechts ist der Atlantik und links das Mittelmeer. Wenn man nach vorne schaut, sieht man schon Afrika (Marokko). Von Tarifa sind es nur 14km bis Marokko. Beeindruckend.<\/p>\n<p>Gegen Mittag sind wir Richtung Nordosten gefahren, und zwar nach La Linea de la Conception. Wir haben das Womo auf dem Stellplatz am Yachthafen geparkt, Mittag gegessen und sind dann nach England gelaufen. Ja so schnell geht&#8217;s von Spanien nach England. 15min. haben wir bis zur Grenze gebraucht und Zack waren wir in Gibraltar. Gibraltar geh\u00f6rt zu Gro\u00dfbritannien und dort ist alles Englisch. Von Spanien nur wenige Spuren. Um den Nachmittag gut zu nutzen haben wir wie in Lissabon ein Auto mit dem Reisef\u00fchrer genommen. Er hat uns alles gezeigt. Sehr, sehr beeindruckend! Einfach unbeschreiblich! Wir waren in der H\u00f6hle, die aus riesigen Stalaktiten und Stalakmiten besteht, mit verschiedenen Lichteffekten. Und dann kam f\u00fcr die Kinder und uns ein aufregender Moment. Wir haben freilebende Affen getroffen. Sie laufen auf der Stra\u00dfe, springen auf die Schulter oder Autos. Die Kinder hatten viel Spa\u00df aber Annas Herz hat gerast als ein Affe ihr auf die Schulter sprang.<\/p>\n<p>Zum Schluss haben wir uns in die Innenstadt bringen lassen und sind ein bisschen umher gelaufen und haben ganz british Fish&#8217;n&#8217;Chips gegessen. Da Gibraltar nicht wirklich gro\u00df ist, 5km lang und 1,5km breit, sind wir zu Fu\u00df zur\u00fcck nach Spanien gelaufen. Auf dem Weg &#8222;nach Hause&#8220; sind wir \u00fcber den Flughafen bzw. dessen Landebahn gelaufen. Mitten in der Stadt ist der internationale Flughafen. Wenn ein Flugzeug startet oder landet gehen die Schranken runter und alle m\u00fcssen wie beim Bahn\u00fcbergang warten \ud83d\ude42 nur hier sind die &#8222;Z\u00fcge&#8220; etwas k\u00fcrzer und lauter.<\/p>\n<p>Ein toller Tag mit unvergesslichen Eindr\u00fccken \ud83d\ude42<\/p>\n<p><img src=\"https:\/\/i0.wp.com\/tour.gradt.de\/wp-content\/uploads\/2018\/03\/img_5158.jpg?w=525\" class=\"size-full\" data-recalc-dims=\"1\"><img src=\"https:\/\/i0.wp.com\/tour.gradt.de\/wp-content\/uploads\/2018\/03\/img_5119.jpg?w=525\" class=\"size-full\" data-recalc-dims=\"1\"><img src=\"https:\/\/i0.wp.com\/tour.gradt.de\/wp-content\/uploads\/2018\/03\/img_5151.jpg?w=525\" class=\"size-full\" data-recalc-dims=\"1\"><img src=\"https:\/\/i0.wp.com\/tour.gradt.de\/wp-content\/uploads\/2018\/03\/img_5168.jpg?w=525\" class=\"size-full\" data-recalc-dims=\"1\"><img src=\"https:\/\/i0.wp.com\/tour.gradt.de\/wp-content\/uploads\/2018\/03\/img_5170.jpg?w=525\" class=\"size-full\" data-recalc-dims=\"1\"><img src=\"https:\/\/i0.wp.com\/tour.gradt.de\/wp-content\/uploads\/2018\/03\/img_5194.jpg?w=525\" class=\"size-full\" data-recalc-dims=\"1\"><img src=\"https:\/\/i0.wp.com\/tour.gradt.de\/wp-content\/uploads\/2018\/03\/img_5190.jpg?w=525\" class=\"size-full\" data-recalc-dims=\"1\"><img src=\"https:\/\/i0.wp.com\/tour.gradt.de\/wp-content\/uploads\/2018\/03\/img_5206.jpg?w=525\" class=\"size-full\" data-recalc-dims=\"1\"><img src=\"https:\/\/i0.wp.com\/tour.gradt.de\/wp-content\/uploads\/2018\/03\/img_5107.jpg?w=525\" class=\"size-full\" data-recalc-dims=\"1\"><img src=\"https:\/\/i0.wp.com\/tour.gradt.de\/wp-content\/uploads\/2018\/03\/img_5220.jpg?w=525\" class=\"size-full\" data-recalc-dims=\"1\"><\/p>\n","protected":false},"excerpt":{"rendered":"<p>Die Nacht haben wir in Tarifa verbracht. Vormittags waren wir am s\u00fcdlichsten Punkt Europas. Man steht auf der Promenade &#8211; rechts ist der Atlantik und links das Mittelmeer. Wenn man nach vorne schaut, sieht man schon Afrika (Marokko). Von Tarifa sind es nur 14km bis Marokko. Beeindruckend. Gegen Mittag sind wir Richtung Nordosten gefahren, und &hellip; <\/p>\n<p class=\"link-more\"><a href=\"https:\/\/tour.gradt.de\/?p=379\" class=\"more-link\"><span class=\"screen-reader-text\">\u201eMal um die Ecke nach England\u201c<\/span> weiterlesen<\/a><\/p>\n","protected":false},"author":2,"featured_media":0,"comment_status":"open","ping_status":"open","sticky":false,"template":"","format":"standard","meta":{"jetpack_post_was_ever_published":false,"jetpack_publicize_message":"","jetpack_is_tweetstorm":false,"jetpack_publicize_feature_enabled":true},"categories":[18],"tags":[],"jetpack_publicize_connections":[],"jetpack_featured_media_url":"","jetpack_sharing_enabled":true,"jetpack_shortlink":"https:\/\/wp.me\/p9KDky-67","jetpack_likes_enabled":true,"_links":{"self":[{"href":"https:\/\/tour.gradt.de\/index.php?rest_route=\/wp\/v2\/posts\/379"}],"collection":[{"href":"https:\/\/tour.gradt.de\/index.php?rest_route=\/wp\/v2\/posts"}],"about":[{"href":"https:\/\/tour.gradt.de\/index.php?rest_route=\/wp\/v2\/types\/post"}],"author":[{"embeddable":true,"href":"https:\/\/tour.gradt.de\/index.php?rest_route=\/wp\/v2\/users\/2"}],"replies":[{"embeddable":true,"href":"https:\/\/tour.gradt.de\/index.php?rest_route=%2Fwp%2Fv2%2Fcomments&post=379"}],"version-history":[{"count":6,"href":"https:\/\/tour.gradt.de\/index.php?rest_route=\/wp\/v2\/posts\/379\/revisions"}],"predecessor-version":[{"id":389,"href":"https:\/\/tour.gradt.de\/index.php?rest_route=\/wp\/v2\/posts\/379\/revisions\/389"}],"wp:attachment":[{"href":"https:\/\/tour.gradt.de\/index.php?rest_route=%2Fwp%2Fv2%2Fmedia&parent=379"}],"wp:term":[{"taxonomy":"category","embeddable":true,"href":"https:\/\/tour.gradt.de\/index.php?rest_route=%2Fwp%2Fv2%2Fcategories&post=379"},{"taxonomy":"post_tag","embeddable":true,"href":"https:\/\/tour.gradt.de\/index.php?rest_route=%2Fwp%2Fv2%2Ftags&post=379"}],"curies":[{"name":"wp","href":"https:\/\/api.w.org\/{rel}","templated":true}]}}