{"id":38,"date":"2018-02-17T13:44:39","date_gmt":"2018-02-17T12:44:39","guid":{"rendered":"http:\/\/tour.gradt.de\/?p=38"},"modified":"2018-04-19T11:41:45","modified_gmt":"2018-04-19T09:41:45","slug":"erstausstattung","status":"publish","type":"post","link":"https:\/\/tour.gradt.de\/?p=38","title":{"rendered":"Erstausstattung"},"content":{"rendered":"<p>Seit Mittwochabend ist das Auto bei uns. Samstag war doch sehr ambitioniert f\u00fcr den Hersteller. Selbst Expressversand dauert aus Italien 1,5 Wochen.<\/p>\n<p>Somit haben wir noch immer keinen 5. gurtbaren Sitz, aber ein Auto!<\/p>\n<p><img loading=\"lazy\" src=\"https:\/\/i0.wp.com\/tour.gradt.de\/wp-content\/uploads\/2018\/02\/img_5041-1.jpg?resize=374%2C500\" class=\"size-full wp-image-37\" height=\"500\" width=\"374\" srcset=\"https:\/\/i0.wp.com\/tour.gradt.de\/wp-content\/uploads\/2018\/02\/img_5041-1.jpg?w=374&amp;ssl=1 374w, https:\/\/i0.wp.com\/tour.gradt.de\/wp-content\/uploads\/2018\/02\/img_5041-1.jpg?resize=224%2C300&amp;ssl=1 224w\" sizes=\"(max-width: 374px) 100vw, 374px\" data-recalc-dims=\"1\" \/><\/p>\n<p>In der Zwischenzeit &#8211; also bis einschlie\u00dflich heute &#8211; haben wir die Erstausstattung besorgt und laden die gerade ein.<\/p>\n<p>Die Reise r\u00fcckt mit gro\u00dfen Schritten n\u00e4her!<\/p>\n","protected":false},"excerpt":{"rendered":"<p>Seit Mittwochabend ist das Auto bei uns. Samstag war doch sehr ambitioniert f\u00fcr den Hersteller. Selbst Expressversand dauert aus Italien 1,5 Wochen. Somit haben wir noch immer keinen 5. gurtbaren Sitz, aber ein Auto! In der Zwischenzeit &#8211; also bis einschlie\u00dflich heute &#8211; haben wir die Erstausstattung besorgt und laden die gerade ein. Die Reise &hellip; <\/p>\n<p class=\"link-more\"><a href=\"https:\/\/tour.gradt.de\/?p=38\" class=\"more-link\"><span class=\"screen-reader-text\">\u201eErstausstattung\u201c<\/span> weiterlesen<\/a><\/p>\n","protected":false},"author":3,"featured_media":0,"comment_status":"open","ping_status":"open","sticky":false,"template":"","format":"standard","meta":{"jetpack_post_was_ever_published":false,"jetpack_publicize_message":"","jetpack_is_tweetstorm":false,"jetpack_publicize_feature_enabled":true},"categories":[3],"tags":[],"jetpack_publicize_connections":[],"jetpack_featured_media_url":"","jetpack_sharing_enabled":true,"jetpack_shortlink":"https:\/\/wp.me\/p9KDky-C","jetpack_likes_enabled":true,"_links":{"self":[{"href":"https:\/\/tour.gradt.de\/index.php?rest_route=\/wp\/v2\/posts\/38"}],"collection":[{"href":"https:\/\/tour.gradt.de\/index.php?rest_route=\/wp\/v2\/posts"}],"about":[{"href":"https:\/\/tour.gradt.de\/index.php?rest_route=\/wp\/v2\/types\/post"}],"author":[{"embeddable":true,"href":"https:\/\/tour.gradt.de\/index.php?rest_route=\/wp\/v2\/users\/3"}],"replies":[{"embeddable":true,"href":"https:\/\/tour.gradt.de\/index.php?rest_route=%2Fwp%2Fv2%2Fcomments&post=38"}],"version-history":[{"count":1,"href":"https:\/\/tour.gradt.de\/index.php?rest_route=\/wp\/v2\/posts\/38\/revisions"}],"predecessor-version":[{"id":39,"href":"https:\/\/tour.gradt.de\/index.php?rest_route=\/wp\/v2\/posts\/38\/revisions\/39"}],"wp:attachment":[{"href":"https:\/\/tour.gradt.de\/index.php?rest_route=%2Fwp%2Fv2%2Fmedia&parent=38"}],"wp:term":[{"taxonomy":"category","embeddable":true,"href":"https:\/\/tour.gradt.de\/index.php?rest_route=%2Fwp%2Fv2%2Fcategories&post=38"},{"taxonomy":"post_tag","embeddable":true,"href":"https:\/\/tour.gradt.de\/index.php?rest_route=%2Fwp%2Fv2%2Ftags&post=38"}],"curies":[{"name":"wp","href":"https:\/\/api.w.org\/{rel}","templated":true}]}}