{"id":396,"date":"2018-03-27T21:48:56","date_gmt":"2018-03-27T21:48:56","guid":{"rendered":"http:\/\/tour.gradt.de\/?p=396"},"modified":"2018-04-05T21:38:08","modified_gmt":"2018-04-05T21:38:08","slug":"4-wochen-rueckblick","status":"publish","type":"post","link":"https:\/\/tour.gradt.de\/?p=396","title":{"rendered":"4 Wochen&#8230;R\u00fcckblick"},"content":{"rendered":"<p>Heute vor 4 Wochen haben wir unser Zuhause verlassen und haben uns auf eine gro\u00dfe Reise gemacht. Nach langen Vorbereitungen und auch schlaflosen N\u00e4chten kam dieser gro\u00dfe Moment, die T\u00fcr zu zuzumachen und sich in eine Ungewissheit zu begeben. Ja, man braucht Mut dazu. Mit Freude und Respekt haben wir den Schritt gemacht und wir haben ihn nicht bereut.<\/p>\n<p>In diesen 4 Wochen haben wir vieles erlebt. Viele, sehr viele tolle, unvergessliche Momente aber auch Situationen wo wir tief atmen mussten und die Z\u00e4hne zusammen bei\u00dfen, meistens dann wenn die Kinder unruhig waren oder Trotzphasen hatten. Es freut uns sehr wenn ihr sagt oder schreibt, dass ihr unsere Blogbeitr\u00e4ge lest. Das gibt uns das Gef\u00fchl, dass wir auf dieser Reise nicht allein sind, obwohl wir so weit (heute 2500 km) von Zuhause weg sind. Wenn man was von euch liest oder h\u00f6rt, ist es ein St\u00fcckchen Heimat \ud83d\ude42 Daf\u00fcr vielen herzlichen Dank an alle, die unsere Beitr\u00e4ge lesen!<\/p>\n<p>Nach dem Fr\u00fchst\u00fcck heute haben wir eingekauft. Nach dem Einkaufen haben wir den Kinderwagen neben dem Auto stehen lassen und waren alle im Womo, um die Taschen auszupacken. Jemand hat an der T\u00fcr geklopft. Ein Spanier hat etwas auf spanisch gesagt oder gefragt und war weg. Wir haben nichts verstanden. Nach dem Auspacken wollten den Kinderwagen wieder ins Auto legen und mussten feststellen, dass unser Kinderwagen verschwunden ist. Happy End: den Kinderwagen haben wir im Supermarkt an der Infotheken wieder bekommen \ud83d\ude42 Der gute Mann, der geklopft hat, hat es nett gemeint, war dann irgendwie doch zu \u00fcbereifrig \ud83d\ude42<\/p>\n<p>Seit heute Nachmittag sind wir auf dem Campingplatz in Manilva und bleiben ein paar Tage. Wir haben hier alles: Strand, Spielplatz, Schwimmbad, Duschen, Waschmaschine, Einkaufsm\u00f6glichkeit. Wir hatten heute +26 Grad in der Sonne und g\u00f6nnen uns ein bi\u00dfchen Ruhe nach 4 intensiven, erlebnisreichen Wochen \ud83d\ude42<\/p>\n<p><img src=\"https:\/\/i0.wp.com\/tour.gradt.de\/wp-content\/uploads\/2018\/03\/img_5236.jpg?w=525\" class=\"size-full\" data-recalc-dims=\"1\"><img src=\"https:\/\/i0.wp.com\/tour.gradt.de\/wp-content\/uploads\/2018\/03\/img_5237.jpg?w=525\" class=\"size-full\" data-recalc-dims=\"1\"><img src=\"https:\/\/i0.wp.com\/tour.gradt.de\/wp-content\/uploads\/2018\/03\/img_5750.jpg?w=525\" class=\"size-full\" data-recalc-dims=\"1\"><\/p>\n","protected":false},"excerpt":{"rendered":"<p>Heute vor 4 Wochen haben wir unser Zuhause verlassen und haben uns auf eine gro\u00dfe Reise gemacht. Nach langen Vorbereitungen und auch schlaflosen N\u00e4chten kam dieser gro\u00dfe Moment, die T\u00fcr zu zuzumachen und sich in eine Ungewissheit zu begeben. Ja, man braucht Mut dazu. Mit Freude und Respekt haben wir den Schritt gemacht und wir &hellip; <\/p>\n<p class=\"link-more\"><a href=\"https:\/\/tour.gradt.de\/?p=396\" class=\"more-link\"><span class=\"screen-reader-text\">\u201e4 Wochen&#8230;R\u00fcckblick\u201c<\/span> weiterlesen<\/a><\/p>\n","protected":false},"author":2,"featured_media":0,"comment_status":"open","ping_status":"open","sticky":false,"template":"","format":"standard","meta":{"jetpack_post_was_ever_published":false,"jetpack_publicize_message":"","jetpack_is_tweetstorm":false,"jetpack_publicize_feature_enabled":true},"categories":[5,7,18],"tags":[],"jetpack_publicize_connections":[],"jetpack_featured_media_url":"","jetpack_sharing_enabled":true,"jetpack_shortlink":"https:\/\/wp.me\/p9KDky-6o","jetpack_likes_enabled":true,"_links":{"self":[{"href":"https:\/\/tour.gradt.de\/index.php?rest_route=\/wp\/v2\/posts\/396"}],"collection":[{"href":"https:\/\/tour.gradt.de\/index.php?rest_route=\/wp\/v2\/posts"}],"about":[{"href":"https:\/\/tour.gradt.de\/index.php?rest_route=\/wp\/v2\/types\/post"}],"author":[{"embeddable":true,"href":"https:\/\/tour.gradt.de\/index.php?rest_route=\/wp\/v2\/users\/2"}],"replies":[{"embeddable":true,"href":"https:\/\/tour.gradt.de\/index.php?rest_route=%2Fwp%2Fv2%2Fcomments&post=396"}],"version-history":[{"count":3,"href":"https:\/\/tour.gradt.de\/index.php?rest_route=\/wp\/v2\/posts\/396\/revisions"}],"predecessor-version":[{"id":399,"href":"https:\/\/tour.gradt.de\/index.php?rest_route=\/wp\/v2\/posts\/396\/revisions\/399"}],"wp:attachment":[{"href":"https:\/\/tour.gradt.de\/index.php?rest_route=%2Fwp%2Fv2%2Fmedia&parent=396"}],"wp:term":[{"taxonomy":"category","embeddable":true,"href":"https:\/\/tour.gradt.de\/index.php?rest_route=%2Fwp%2Fv2%2Fcategories&post=396"},{"taxonomy":"post_tag","embeddable":true,"href":"https:\/\/tour.gradt.de\/index.php?rest_route=%2Fwp%2Fv2%2Ftags&post=396"}],"curies":[{"name":"wp","href":"https:\/\/api.w.org\/{rel}","templated":true}]}}