{"id":40,"date":"2018-02-24T08:15:41","date_gmt":"2018-02-24T07:15:41","guid":{"rendered":"http:\/\/tour.gradt.de\/?p=40"},"modified":"2018-04-19T11:41:34","modified_gmt":"2018-04-19T09:41:34","slug":"urlaub","status":"publish","type":"post","link":"https:\/\/tour.gradt.de\/?p=40","title":{"rendered":"Urlaub"},"content":{"rendered":"<p>Gestern hatte Christian seinen letzten Arbeitstag vor der langen Reise. Die n\u00e4chsten Tage geht es um die finale Vorbereitung. Was fehlt noch? Was muss man noch pr\u00fcfen?<\/p>\n<p>Mittlerweile hat es einen 5. gurtbaren Sitz, der auch eingetragen ist. Es hat eine Heizung, die \u00fcber die endlich in korrekter Position befindlichen Gasflaschen arbeitet. Man kann sagen, dass es vom technischen Zustand her los gehen kann.<\/p>\n","protected":false},"excerpt":{"rendered":"<p>Gestern hatte Christian seinen letzten Arbeitstag vor der langen Reise. Die n\u00e4chsten Tage geht es um die finale Vorbereitung. Was fehlt noch? Was muss man noch pr\u00fcfen? Mittlerweile hat es einen 5. gurtbaren Sitz, der auch eingetragen ist. Es hat eine Heizung, die \u00fcber die endlich in korrekter Position befindlichen Gasflaschen arbeitet. Man kann sagen, &hellip; <\/p>\n<p class=\"link-more\"><a href=\"https:\/\/tour.gradt.de\/?p=40\" class=\"more-link\"><span class=\"screen-reader-text\">\u201eUrlaub\u201c<\/span> weiterlesen<\/a><\/p>\n","protected":false},"author":3,"featured_media":0,"comment_status":"open","ping_status":"open","sticky":false,"template":"","format":"standard","meta":{"jetpack_post_was_ever_published":false,"jetpack_publicize_message":"","jetpack_is_tweetstorm":false,"jetpack_publicize_feature_enabled":true},"categories":[3],"tags":[],"jetpack_publicize_connections":[],"jetpack_featured_media_url":"","jetpack_sharing_enabled":true,"jetpack_shortlink":"https:\/\/wp.me\/s9KDky-urlaub","jetpack_likes_enabled":true,"_links":{"self":[{"href":"https:\/\/tour.gradt.de\/index.php?rest_route=\/wp\/v2\/posts\/40"}],"collection":[{"href":"https:\/\/tour.gradt.de\/index.php?rest_route=\/wp\/v2\/posts"}],"about":[{"href":"https:\/\/tour.gradt.de\/index.php?rest_route=\/wp\/v2\/types\/post"}],"author":[{"embeddable":true,"href":"https:\/\/tour.gradt.de\/index.php?rest_route=\/wp\/v2\/users\/3"}],"replies":[{"embeddable":true,"href":"https:\/\/tour.gradt.de\/index.php?rest_route=%2Fwp%2Fv2%2Fcomments&post=40"}],"version-history":[{"count":1,"href":"https:\/\/tour.gradt.de\/index.php?rest_route=\/wp\/v2\/posts\/40\/revisions"}],"predecessor-version":[{"id":41,"href":"https:\/\/tour.gradt.de\/index.php?rest_route=\/wp\/v2\/posts\/40\/revisions\/41"}],"wp:attachment":[{"href":"https:\/\/tour.gradt.de\/index.php?rest_route=%2Fwp%2Fv2%2Fmedia&parent=40"}],"wp:term":[{"taxonomy":"category","embeddable":true,"href":"https:\/\/tour.gradt.de\/index.php?rest_route=%2Fwp%2Fv2%2Fcategories&post=40"},{"taxonomy":"post_tag","embeddable":true,"href":"https:\/\/tour.gradt.de\/index.php?rest_route=%2Fwp%2Fv2%2Ftags&post=40"}],"curies":[{"name":"wp","href":"https:\/\/api.w.org\/{rel}","templated":true}]}}