{"id":400,"date":"2018-03-29T06:36:58","date_gmt":"2018-03-29T06:36:58","guid":{"rendered":"http:\/\/tour.gradt.de\/?p=400"},"modified":"2018-04-05T21:38:02","modified_gmt":"2018-04-05T21:38:02","slug":"leben-auf-dem-campingplatz","status":"publish","type":"post","link":"https:\/\/tour.gradt.de\/?p=400","title":{"rendered":"Leben auf dem Campingplatz"},"content":{"rendered":"<p>Wir haben es uns gem\u00fctlich gemacht. Die Markise am Womo rausgerollt, die Gartenm\u00f6bel rausgestellt. Fr\u00fchst\u00fcck im Freien, frische, warme Luft, die Palmen drumherum, kein Zeitdruck. Ein richtiges Urlaubsfeeling.<\/p>\n<p>Wir haben drei Nachbarn aus England und einen aus Deutschland (D\u00fcsseldorf). Einer der englischen Nachbarn spielt Gitarre. Es ist sch\u00f6n wenn man aufwacht und die Gitarrenmusik und die Lieder von drau\u00dfen genie\u00dft. So haben wir bis zum Mittag gefr\u00fchst\u00fcckt.<!--more--><\/p>\n<p>Dann sind wir durch den Campingplatz gelaufen, um zu schauen wo sich alles befindet. Den Nachmittag haben wir am Strand verbracht. Die Kinder hatten nicht genug vom Spielen und Toben. Als die Kinder im Bett waren, haben wir drau\u00dfen noch gesessen. Unsere musikalischen Nachbarn haben gerufen: &#8222;Setzt euch dazu, wir machen Musik&#8220;. Wir haben eine Flasche Wein mitgenommen und uns dazu gesetzt, haben sie n\u00e4her kennengelernt.<\/p>\n<p>Zwei Freunde, der \u00c4ltere aus England und der J\u00fcngere aus Schottland. Der \u00c4ltere hat alles m\u00f6gliches im Leben gemacht, lebt jetzt \u00fcberwiegend in Spanien. Er sagt, dass er nichts braucht au\u00dfer seinem Van. Au\u00dferhalb hat er das gr\u00f6\u00dfte Wohnzimmer, dass er sich zwar mit Anderen teilen muss, aber noch ist Platz f\u00fcr Alle. Er f\u00e4hrt durch Spanien, macht Stra\u00dfenmusik und lebt (auch?) davon und ist sehr gl\u00fccklich damit. Sein Freund ist Krankenpfleger, der 2 Monate Urlaub in Spanien macht. Irgendwie sind sie miteinander verwandt, wenn wir das richtig verstanden haben.<\/p>\n<p>Es war ein sch\u00f6ner erster Tag am Campingplatz, der uns eine Begegnung mit Menschen geschenkt hat zum Nachdenken&#8230; Was braucht der Mensch um gl\u00fccklich zu sein? Eigentlich nicht viel aber jeder was anderes&#8230;.<\/p>\n<p><img class=\"size-full\" src=\"https:\/\/i0.wp.com\/tour.gradt.de\/wp-content\/uploads\/2018\/03\/img_5242.jpg?w=525\" data-recalc-dims=\"1\" \/><img class=\"size-full\" src=\"https:\/\/i0.wp.com\/tour.gradt.de\/wp-content\/uploads\/2018\/03\/img_5250.jpg?w=525\" data-recalc-dims=\"1\" \/><img class=\"size-full\" src=\"https:\/\/i0.wp.com\/tour.gradt.de\/wp-content\/uploads\/2018\/03\/img_5258.jpg?w=525\" data-recalc-dims=\"1\" \/><img class=\"size-full\" src=\"https:\/\/i0.wp.com\/tour.gradt.de\/wp-content\/uploads\/2018\/03\/img_5245.jpg?w=525\" data-recalc-dims=\"1\" \/><img class=\"size-full\" src=\"https:\/\/i0.wp.com\/tour.gradt.de\/wp-content\/uploads\/2018\/03\/img_5246.jpg?w=525\" data-recalc-dims=\"1\" \/><img class=\"size-full\" src=\"https:\/\/i0.wp.com\/tour.gradt.de\/wp-content\/uploads\/2018\/03\/img_5271-1.jpg?w=525\" data-recalc-dims=\"1\" \/><img class=\"size-full\" src=\"https:\/\/i0.wp.com\/tour.gradt.de\/wp-content\/uploads\/2018\/03\/img_5270.jpg?w=525\" data-recalc-dims=\"1\" \/><\/p>\n","protected":false},"excerpt":{"rendered":"<p>Wir haben es uns gem\u00fctlich gemacht. Die Markise am Womo rausgerollt, die Gartenm\u00f6bel rausgestellt. Fr\u00fchst\u00fcck im Freien, frische, warme Luft, die Palmen drumherum, kein Zeitdruck. Ein richtiges Urlaubsfeeling. Wir haben drei Nachbarn aus England und einen aus Deutschland (D\u00fcsseldorf). Einer der englischen Nachbarn spielt Gitarre. Es ist sch\u00f6n wenn man aufwacht und die Gitarrenmusik und &hellip; <\/p>\n<p class=\"link-more\"><a href=\"https:\/\/tour.gradt.de\/?p=400\" class=\"more-link\"><span class=\"screen-reader-text\">\u201eLeben auf dem Campingplatz\u201c<\/span> weiterlesen<\/a><\/p>\n","protected":false},"author":2,"featured_media":410,"comment_status":"open","ping_status":"open","sticky":false,"template":"","format":"standard","meta":{"jetpack_post_was_ever_published":false,"jetpack_publicize_message":"","jetpack_is_tweetstorm":false,"jetpack_publicize_feature_enabled":true},"categories":[18],"tags":[],"jetpack_publicize_connections":[],"jetpack_featured_media_url":"https:\/\/i0.wp.com\/tour.gradt.de\/wp-content\/uploads\/2018\/03\/img_5250.jpg?fit=2448%2C3264&ssl=1","jetpack_sharing_enabled":true,"jetpack_shortlink":"https:\/\/wp.me\/p9KDky-6s","jetpack_likes_enabled":true,"_links":{"self":[{"href":"https:\/\/tour.gradt.de\/index.php?rest_route=\/wp\/v2\/posts\/400"}],"collection":[{"href":"https:\/\/tour.gradt.de\/index.php?rest_route=\/wp\/v2\/posts"}],"about":[{"href":"https:\/\/tour.gradt.de\/index.php?rest_route=\/wp\/v2\/types\/post"}],"author":[{"embeddable":true,"href":"https:\/\/tour.gradt.de\/index.php?rest_route=\/wp\/v2\/users\/2"}],"replies":[{"embeddable":true,"href":"https:\/\/tour.gradt.de\/index.php?rest_route=%2Fwp%2Fv2%2Fcomments&post=400"}],"version-history":[{"count":5,"href":"https:\/\/tour.gradt.de\/index.php?rest_route=\/wp\/v2\/posts\/400\/revisions"}],"predecessor-version":[{"id":439,"href":"https:\/\/tour.gradt.de\/index.php?rest_route=\/wp\/v2\/posts\/400\/revisions\/439"}],"wp:featuredmedia":[{"embeddable":true,"href":"https:\/\/tour.gradt.de\/index.php?rest_route=\/wp\/v2\/media\/410"}],"wp:attachment":[{"href":"https:\/\/tour.gradt.de\/index.php?rest_route=%2Fwp%2Fv2%2Fmedia&parent=400"}],"wp:term":[{"taxonomy":"category","embeddable":true,"href":"https:\/\/tour.gradt.de\/index.php?rest_route=%2Fwp%2Fv2%2Fcategories&post=400"},{"taxonomy":"post_tag","embeddable":true,"href":"https:\/\/tour.gradt.de\/index.php?rest_route=%2Fwp%2Fv2%2Ftags&post=400"}],"curies":[{"name":"wp","href":"https:\/\/api.w.org\/{rel}","templated":true}]}}