{"id":42,"date":"2018-02-27T19:39:48","date_gmt":"2018-02-27T19:39:48","guid":{"rendered":"http:\/\/tour.gradt.de\/?p=42"},"modified":"2018-03-30T21:14:58","modified_gmt":"2018-03-30T21:14:58","slug":"27-02-18","status":"publish","type":"post","link":"https:\/\/tour.gradt.de\/?p=42","title":{"rendered":"Abreise"},"content":{"rendered":"<p>Es geht schon sehr abenteuerlich los. Wir haben geplant gegen 11 Uhr loszufahren, es ist 15 Uhr geworden. Es ist uns viel eingefallen was wir noch erledigen und mitnehmen m\u00fcssen. Kurz nach dem Losfahren wollte der Adrian die H\u00e4nde waschen. Wir haben das Wasser angemacht. Das Wasser lief in der K\u00fcche \u00fcber. Der Wasserhahn ist undicht. Eigentlich wollten wir heute Richtung Solingen fahren, mussten in Gegenrichtung nach Erlangen fahren, um den Wasserhahn tauschen zu lassen. Wir haben heute noch vor Bayern zu verlassen.<img loading=\"lazy\" src=\"https:\/\/i0.wp.com\/tour.gradt.de\/wp-content\/uploads\/2018\/02\/img_3895.jpg?resize=525%2C700\" class=\"wp-image-45 size-full\" height=\"700\" width=\"525\" srcset=\"https:\/\/i0.wp.com\/tour.gradt.de\/wp-content\/uploads\/2018\/02\/img_3895.jpg?w=2448&amp;ssl=1 2448w, https:\/\/i0.wp.com\/tour.gradt.de\/wp-content\/uploads\/2018\/02\/img_3895.jpg?resize=225%2C300&amp;ssl=1 225w, https:\/\/i0.wp.com\/tour.gradt.de\/wp-content\/uploads\/2018\/02\/img_3895.jpg?resize=768%2C1024&amp;ssl=1 768w, https:\/\/i0.wp.com\/tour.gradt.de\/wp-content\/uploads\/2018\/02\/img_3895.jpg?w=1050 1050w, https:\/\/i0.wp.com\/tour.gradt.de\/wp-content\/uploads\/2018\/02\/img_3895.jpg?w=1575 1575w\" sizes=\"(max-width: 767px) 89vw, (max-width: 1000px) 54vw, (max-width: 1071px) 543px, 580px\" data-recalc-dims=\"1\" \/><\/p>\n","protected":false},"excerpt":{"rendered":"<p>Es geht schon sehr abenteuerlich los. Wir haben geplant gegen 11 Uhr loszufahren, es ist 15 Uhr geworden. Es ist uns viel eingefallen was wir noch erledigen und mitnehmen m\u00fcssen. Kurz nach dem Losfahren wollte der Adrian die H\u00e4nde waschen. Wir haben das Wasser angemacht. Das Wasser lief in der K\u00fcche \u00fcber. Der Wasserhahn ist &hellip; <\/p>\n<p class=\"link-more\"><a href=\"https:\/\/tour.gradt.de\/?p=42\" class=\"more-link\"><span class=\"screen-reader-text\">\u201eAbreise\u201c<\/span> weiterlesen<\/a><\/p>\n","protected":false},"author":2,"featured_media":0,"comment_status":"open","ping_status":"open","sticky":false,"template":"","format":"standard","meta":{"jetpack_post_was_ever_published":false,"jetpack_publicize_message":"","jetpack_is_tweetstorm":false,"jetpack_publicize_feature_enabled":true},"categories":[8],"tags":[],"jetpack_publicize_connections":[],"jetpack_featured_media_url":"","jetpack_sharing_enabled":true,"jetpack_shortlink":"https:\/\/wp.me\/p9KDky-G","jetpack_likes_enabled":true,"_links":{"self":[{"href":"https:\/\/tour.gradt.de\/index.php?rest_route=\/wp\/v2\/posts\/42"}],"collection":[{"href":"https:\/\/tour.gradt.de\/index.php?rest_route=\/wp\/v2\/posts"}],"about":[{"href":"https:\/\/tour.gradt.de\/index.php?rest_route=\/wp\/v2\/types\/post"}],"author":[{"embeddable":true,"href":"https:\/\/tour.gradt.de\/index.php?rest_route=\/wp\/v2\/users\/2"}],"replies":[{"embeddable":true,"href":"https:\/\/tour.gradt.de\/index.php?rest_route=%2Fwp%2Fv2%2Fcomments&post=42"}],"version-history":[{"count":3,"href":"https:\/\/tour.gradt.de\/index.php?rest_route=\/wp\/v2\/posts\/42\/revisions"}],"predecessor-version":[{"id":46,"href":"https:\/\/tour.gradt.de\/index.php?rest_route=\/wp\/v2\/posts\/42\/revisions\/46"}],"wp:attachment":[{"href":"https:\/\/tour.gradt.de\/index.php?rest_route=%2Fwp%2Fv2%2Fmedia&parent=42"}],"wp:term":[{"taxonomy":"category","embeddable":true,"href":"https:\/\/tour.gradt.de\/index.php?rest_route=%2Fwp%2Fv2%2Fcategories&post=42"},{"taxonomy":"post_tag","embeddable":true,"href":"https:\/\/tour.gradt.de\/index.php?rest_route=%2Fwp%2Fv2%2Ftags&post=42"}],"curies":[{"name":"wp","href":"https:\/\/api.w.org\/{rel}","templated":true}]}}