{"id":429,"date":"2018-03-30T20:56:03","date_gmt":"2018-03-30T20:56:03","guid":{"rendered":"http:\/\/tour.gradt.de\/?p=429"},"modified":"2018-04-05T21:37:44","modified_gmt":"2018-04-05T21:37:44","slug":"stuermisch","status":"publish","type":"post","link":"https:\/\/tour.gradt.de\/?p=429","title":{"rendered":"St\u00fcrmisch"},"content":{"rendered":"<p>Es war ein ganz gew\u00f6hnlicher Morgen, Anna beim Joggen, tolles Fr\u00fchst\u00fcck von Christian &#8211; alle waren gut drauf, au\u00dfer dem Wetter. Da es am Vormittag regnerisch und den ganzen Tag windig bis st\u00fcrmisch war, sind wir im Wohnmobil geblieben und haben die Zeit gut genutzt und haben f\u00fcr Ostern gebastelt. Pl\u00f6tzlich hat Adrian schlechte Laune bekommen, die ihn und uns Alle den ganzen, restlichen Tag begleitet hat. Es gibt Tage, an denen man verliert und heute war so ein Tag.<!--more--><\/p>\n<p>Besonders an solchen Tagen sind Menschen, mit denen man dar\u00fcber reden kann einfach Gold wert.<\/p>\n<p>M\u00fcde und ausgepowert sind wir ins Bett gefallen. Kinder, Kinder, Kinder&#8230; \ud83d\ude42<\/p>\n<p><img class=\"size-full\" src=\"https:\/\/i0.wp.com\/tour.gradt.de\/wp-content\/uploads\/2018\/03\/img_5315.jpg?w=525\" data-recalc-dims=\"1\" \/><img class=\"size-full\" src=\"https:\/\/i0.wp.com\/tour.gradt.de\/wp-content\/uploads\/2018\/03\/img_5320.jpg?w=525\" data-recalc-dims=\"1\" \/><img class=\"size-full\" src=\"https:\/\/i0.wp.com\/tour.gradt.de\/wp-content\/uploads\/2018\/03\/img_5313.jpg?w=525\" data-recalc-dims=\"1\" \/><\/p>\n","protected":false},"excerpt":{"rendered":"<p>Es war ein ganz gew\u00f6hnlicher Morgen, Anna beim Joggen, tolles Fr\u00fchst\u00fcck von Christian &#8211; alle waren gut drauf, au\u00dfer dem Wetter. Da es am Vormittag regnerisch und den ganzen Tag windig bis st\u00fcrmisch war, sind wir im Wohnmobil geblieben und haben die Zeit gut genutzt und haben f\u00fcr Ostern gebastelt. Pl\u00f6tzlich hat Adrian schlechte Laune &hellip; <\/p>\n<p class=\"link-more\"><a href=\"https:\/\/tour.gradt.de\/?p=429\" class=\"more-link\"><span class=\"screen-reader-text\">\u201eSt\u00fcrmisch\u201c<\/span> weiterlesen<\/a><\/p>\n","protected":false},"author":2,"featured_media":428,"comment_status":"open","ping_status":"open","sticky":false,"template":"","format":"standard","meta":{"jetpack_post_was_ever_published":false,"jetpack_publicize_message":"","jetpack_is_tweetstorm":false,"jetpack_publicize_feature_enabled":true},"categories":[18],"tags":[],"jetpack_publicize_connections":[],"jetpack_featured_media_url":"https:\/\/i0.wp.com\/tour.gradt.de\/wp-content\/uploads\/2018\/03\/img_5320.jpg?fit=2448%2C3264&ssl=1","jetpack_sharing_enabled":true,"jetpack_shortlink":"https:\/\/wp.me\/p9KDky-6V","jetpack_likes_enabled":true,"_links":{"self":[{"href":"https:\/\/tour.gradt.de\/index.php?rest_route=\/wp\/v2\/posts\/429"}],"collection":[{"href":"https:\/\/tour.gradt.de\/index.php?rest_route=\/wp\/v2\/posts"}],"about":[{"href":"https:\/\/tour.gradt.de\/index.php?rest_route=\/wp\/v2\/types\/post"}],"author":[{"embeddable":true,"href":"https:\/\/tour.gradt.de\/index.php?rest_route=\/wp\/v2\/users\/2"}],"replies":[{"embeddable":true,"href":"https:\/\/tour.gradt.de\/index.php?rest_route=%2Fwp%2Fv2%2Fcomments&post=429"}],"version-history":[{"count":4,"href":"https:\/\/tour.gradt.de\/index.php?rest_route=\/wp\/v2\/posts\/429\/revisions"}],"predecessor-version":[{"id":437,"href":"https:\/\/tour.gradt.de\/index.php?rest_route=\/wp\/v2\/posts\/429\/revisions\/437"}],"wp:featuredmedia":[{"embeddable":true,"href":"https:\/\/tour.gradt.de\/index.php?rest_route=\/wp\/v2\/media\/428"}],"wp:attachment":[{"href":"https:\/\/tour.gradt.de\/index.php?rest_route=%2Fwp%2Fv2%2Fmedia&parent=429"}],"wp:term":[{"taxonomy":"category","embeddable":true,"href":"https:\/\/tour.gradt.de\/index.php?rest_route=%2Fwp%2Fv2%2Fcategories&post=429"},{"taxonomy":"post_tag","embeddable":true,"href":"https:\/\/tour.gradt.de\/index.php?rest_route=%2Fwp%2Fv2%2Ftags&post=429"}],"curies":[{"name":"wp","href":"https:\/\/api.w.org\/{rel}","templated":true}]}}