{"id":455,"date":"2018-03-31T22:57:53","date_gmt":"2018-03-31T20:57:53","guid":{"rendered":"http:\/\/tour.gradt.de?p=455"},"modified":"2018-04-20T09:04:04","modified_gmt":"2018-04-20T07:04:04","slug":"sonnenschein","status":"publish","type":"post","link":"https:\/\/tour.gradt.de\/?p=455","title":{"rendered":"Sonnenschein"},"content":{"rendered":"<p>Nach dem st\u00fcrmischen Tag gestern schien die Sonne heute wieder &#8211; nicht nur drau\u00dfen, sondern auch in den Herzen der Gradts.<\/p>\n<p>Die schlechte Laune von Adrian gestern hat uns aufmerksam gemacht. Wir haben verstanden, dass wir nicht nur zusammen was unternehmen sollten, sondern auch getrennt. Zu Hause haben wir das oftmals gemacht. Seit wir unterwegs sind haben wir das ehrlich gesagt etwas vernachl\u00e4ssigt und immer alles gemeinsam gemacht.<!--more-->Nach dem Fr\u00fchst\u00fcck ist Christian mit Sandra und Sebastian am Campingplatz geblieben und haben gespielt. Anna hat mit Adrian eine Fahrradtour gemacht. Es hat den Beiden gut getan, sie haben einander viel erz\u00e4hlt und Adrian hat wie ein Wasserfall geredet. <img src=\"https:\/\/i0.wp.com\/tour.gradt.de\/wp-content\/uploads\/2018\/03\/img_5349.jpg?w=525\" class=\"size-full\" data-recalc-dims=\"1\"><img src=\"https:\/\/i0.wp.com\/tour.gradt.de\/wp-content\/uploads\/2018\/03\/img_5324.jpg?w=525\" class=\"size-full\" data-recalc-dims=\"1\"><img src=\"https:\/\/i0.wp.com\/tour.gradt.de\/wp-content\/uploads\/2018\/03\/img_5325.jpg?w=525\" class=\"size-full\" data-recalc-dims=\"1\"><img src=\"https:\/\/i0.wp.com\/tour.gradt.de\/wp-content\/uploads\/2018\/03\/img_5341-1.jpg?w=525\" class=\"size-full\" data-recalc-dims=\"1\"><img src=\"https:\/\/i0.wp.com\/tour.gradt.de\/wp-content\/uploads\/2018\/03\/img_5366.jpg?w=525\" class=\"size-full\" data-recalc-dims=\"1\"><img src=\"https:\/\/i0.wp.com\/tour.gradt.de\/wp-content\/uploads\/2018\/03\/img_5356.jpg?w=525\" class=\"size-full\" data-recalc-dims=\"1\"><img src=\"https:\/\/i0.wp.com\/tour.gradt.de\/wp-content\/uploads\/2018\/03\/img_5822.jpg?w=525\" class=\"size-full\" data-recalc-dims=\"1\"><\/p>\n<p>Nachmittags waren wir wieder am Strand und haben dann direkt im Strand-Restaurant Pizza und Eis zu Abend gegessen. Es war wieder ein guter Tag am Campingplatz, der bei Vollmond ausklingt.<\/p>\n","protected":false},"excerpt":{"rendered":"<p>Nach dem st\u00fcrmischen Tag gestern schien die Sonne heute wieder &#8211; nicht nur drau\u00dfen, sondern auch in den Herzen der Gradts. Die schlechte Laune von Adrian gestern hat uns aufmerksam gemacht. Wir haben verstanden, dass wir nicht nur zusammen was unternehmen sollten, sondern auch getrennt. Zu Hause haben wir das oftmals gemacht. Seit wir unterwegs &hellip; <\/p>\n<p class=\"link-more\"><a href=\"https:\/\/tour.gradt.de\/?p=455\" class=\"more-link\"><span class=\"screen-reader-text\">\u201eSonnenschein\u201c<\/span> weiterlesen<\/a><\/p>\n","protected":false},"author":2,"featured_media":448,"comment_status":"open","ping_status":"open","sticky":false,"template":"","format":"standard","meta":{"jetpack_post_was_ever_published":false,"jetpack_publicize_message":"","jetpack_is_tweetstorm":false,"jetpack_publicize_feature_enabled":true},"categories":[6],"tags":[],"jetpack_publicize_connections":[],"jetpack_featured_media_url":"https:\/\/i0.wp.com\/tour.gradt.de\/wp-content\/uploads\/2018\/03\/img_5325.jpg?fit=960%2C1280&ssl=1","jetpack_sharing_enabled":true,"jetpack_shortlink":"https:\/\/wp.me\/p9KDky-7l","jetpack_likes_enabled":true,"_links":{"self":[{"href":"https:\/\/tour.gradt.de\/index.php?rest_route=\/wp\/v2\/posts\/455"}],"collection":[{"href":"https:\/\/tour.gradt.de\/index.php?rest_route=\/wp\/v2\/posts"}],"about":[{"href":"https:\/\/tour.gradt.de\/index.php?rest_route=\/wp\/v2\/types\/post"}],"author":[{"embeddable":true,"href":"https:\/\/tour.gradt.de\/index.php?rest_route=\/wp\/v2\/users\/2"}],"replies":[{"embeddable":true,"href":"https:\/\/tour.gradt.de\/index.php?rest_route=%2Fwp%2Fv2%2Fcomments&post=455"}],"version-history":[{"count":7,"href":"https:\/\/tour.gradt.de\/index.php?rest_route=\/wp\/v2\/posts\/455\/revisions"}],"predecessor-version":[{"id":743,"href":"https:\/\/tour.gradt.de\/index.php?rest_route=\/wp\/v2\/posts\/455\/revisions\/743"}],"wp:featuredmedia":[{"embeddable":true,"href":"https:\/\/tour.gradt.de\/index.php?rest_route=\/wp\/v2\/media\/448"}],"wp:attachment":[{"href":"https:\/\/tour.gradt.de\/index.php?rest_route=%2Fwp%2Fv2%2Fmedia&parent=455"}],"wp:term":[{"taxonomy":"category","embeddable":true,"href":"https:\/\/tour.gradt.de\/index.php?rest_route=%2Fwp%2Fv2%2Fcategories&post=455"},{"taxonomy":"post_tag","embeddable":true,"href":"https:\/\/tour.gradt.de\/index.php?rest_route=%2Fwp%2Fv2%2Ftags&post=455"}],"curies":[{"name":"wp","href":"https:\/\/api.w.org\/{rel}","templated":true}]}}