{"id":468,"date":"2018-04-02T06:31:54","date_gmt":"2018-04-02T06:31:54","guid":{"rendered":"http:\/\/tour.gradt.de?p=468"},"modified":"2018-04-05T21:37:25","modified_gmt":"2018-04-05T21:37:25","slug":"letzter-tag-am-ostersonntag","status":"publish","type":"post","link":"https:\/\/tour.gradt.de\/?p=468","title":{"rendered":"Letzter Tag am Ostersonntag"},"content":{"rendered":"<p>Gestern war unser letzter Tag auf dem Campingplatz. Knapp eine Woche sind wir hier geblieben und haben uns erholt. Wir haben nette Leute getroffen und eine tolle Zeit verbracht.<\/p>\n<p>Der Osterhase war da und hat rund ums Auto S\u00fc\u00dfigkeiten versteckt, weil er hier in Spanien leider keine wei\u00dfen Eier zum F\u00e4rben bekommen hat. Die Kinder haben sich sehr gefreut \ud83d\ude42<!--more--> Am Nachmittag haben wir einen langen Spaziergang an der Promenade gemacht. Adrian mit dem Fahrrad, Sandra mit dem Laufrad und wir mit dem Kinderwagen. Viele Restaurants, Eiscaf\u00e9s, Touristen (\u00fcberwiegend Engl\u00e4nder), eigenartige, spanische Architektur, das Rauschen des Meeres und nat\u00fcrlich die schwer-beladenen Stra\u00dfenverk\u00e4ufer aus Afrika beleben die Promenade und machen eine sch\u00f6ne Atmosph\u00e4re, die einfach zum Genie\u00dfen ist. Mit Kindern an einem Eiscaf\u00e9 vorbeizugehen ist nicht immer einfach, also hat auf dem R\u00fcckweg jeder eine Kugel Eis bekommen \ud83d\ude42<\/p>\n<p>Zum Abendessen, haben wir mit unseren, neuen Freunden aus England und Schottland gegrillt. Danach haben sie Musik gemacht und einige Nachbarn sind dazu gekommen. Unsere Freunde fahren heute auch weiter. Wir haben zusammen eine kleine, gem\u00fctliche Verabschiedungsparty geschmissen. Nette Leute und sch\u00f6ne Gitarrenmusik bleiben noch lange in Erinnerung. Wer wei\u00df&#8230;, man trifft sich immer zwei mal im Leben.<\/p>\n<p>Heute gegen Mittag geht&#8217;s weiter in die Welt hinaus. Wieder Erleben und neue Eindr\u00fccke sammeln. Wir w\u00fcnschen euch allen noch frohe Ostern und freuen uns auf die n\u00e4chsten Etappen!<\/p>\n<p><img src=\"https:\/\/i0.wp.com\/tour.gradt.de\/wp-content\/uploads\/2018\/04\/img_5376.jpg?w=525\" class=\"size-full\" data-recalc-dims=\"1\"><img src=\"https:\/\/i0.wp.com\/tour.gradt.de\/wp-content\/uploads\/2018\/04\/img_5390.jpg?w=525\" class=\"size-full\" data-recalc-dims=\"1\"><img src=\"https:\/\/i0.wp.com\/tour.gradt.de\/wp-content\/uploads\/2018\/04\/img_5385.jpg?w=525\" class=\"size-full\" data-recalc-dims=\"1\"><img src=\"https:\/\/i0.wp.com\/tour.gradt.de\/wp-content\/uploads\/2018\/04\/img_5382.jpg?w=525\" class=\"size-full\" data-recalc-dims=\"1\"><img src=\"https:\/\/i0.wp.com\/tour.gradt.de\/wp-content\/uploads\/2018\/04\/img_5395.jpg?w=525\" class=\"size-full\" data-recalc-dims=\"1\"><img src=\"https:\/\/i0.wp.com\/tour.gradt.de\/wp-content\/uploads\/2018\/04\/img_5409.jpg?w=525\" class=\"size-full\" data-recalc-dims=\"1\"><\/p>\n","protected":false},"excerpt":{"rendered":"<p>Gestern war unser letzter Tag auf dem Campingplatz. Knapp eine Woche sind wir hier geblieben und haben uns erholt. Wir haben nette Leute getroffen und eine tolle Zeit verbracht. Der Osterhase war da und hat rund ums Auto S\u00fc\u00dfigkeiten versteckt, weil er hier in Spanien leider keine wei\u00dfen Eier zum F\u00e4rben bekommen hat. Die Kinder &hellip; <\/p>\n<p class=\"link-more\"><a href=\"https:\/\/tour.gradt.de\/?p=468\" class=\"more-link\"><span class=\"screen-reader-text\">\u201eLetzter Tag am Ostersonntag\u201c<\/span> weiterlesen<\/a><\/p>\n","protected":false},"author":2,"featured_media":466,"comment_status":"open","ping_status":"open","sticky":false,"template":"","format":"standard","meta":{"jetpack_post_was_ever_published":false,"jetpack_publicize_message":"","jetpack_is_tweetstorm":false,"jetpack_publicize_feature_enabled":true},"categories":[18],"tags":[],"jetpack_publicize_connections":[],"jetpack_featured_media_url":"https:\/\/i0.wp.com\/tour.gradt.de\/wp-content\/uploads\/2018\/04\/img_5376.jpg?fit=2448%2C3264&ssl=1","jetpack_sharing_enabled":true,"jetpack_shortlink":"https:\/\/wp.me\/p9KDky-7y","jetpack_likes_enabled":true,"_links":{"self":[{"href":"https:\/\/tour.gradt.de\/index.php?rest_route=\/wp\/v2\/posts\/468"}],"collection":[{"href":"https:\/\/tour.gradt.de\/index.php?rest_route=\/wp\/v2\/posts"}],"about":[{"href":"https:\/\/tour.gradt.de\/index.php?rest_route=\/wp\/v2\/types\/post"}],"author":[{"embeddable":true,"href":"https:\/\/tour.gradt.de\/index.php?rest_route=\/wp\/v2\/users\/2"}],"replies":[{"embeddable":true,"href":"https:\/\/tour.gradt.de\/index.php?rest_route=%2Fwp%2Fv2%2Fcomments&post=468"}],"version-history":[{"count":1,"href":"https:\/\/tour.gradt.de\/index.php?rest_route=\/wp\/v2\/posts\/468\/revisions"}],"predecessor-version":[{"id":469,"href":"https:\/\/tour.gradt.de\/index.php?rest_route=\/wp\/v2\/posts\/468\/revisions\/469"}],"wp:featuredmedia":[{"embeddable":true,"href":"https:\/\/tour.gradt.de\/index.php?rest_route=\/wp\/v2\/media\/466"}],"wp:attachment":[{"href":"https:\/\/tour.gradt.de\/index.php?rest_route=%2Fwp%2Fv2%2Fmedia&parent=468"}],"wp:term":[{"taxonomy":"category","embeddable":true,"href":"https:\/\/tour.gradt.de\/index.php?rest_route=%2Fwp%2Fv2%2Fcategories&post=468"},{"taxonomy":"post_tag","embeddable":true,"href":"https:\/\/tour.gradt.de\/index.php?rest_route=%2Fwp%2Fv2%2Ftags&post=468"}],"curies":[{"name":"wp","href":"https:\/\/api.w.org\/{rel}","templated":true}]}}