{"id":474,"date":"2018-04-01T21:24:47","date_gmt":"2018-04-01T21:24:47","guid":{"rendered":"http:\/\/tour.gradt.de?p=474"},"modified":"2018-04-05T21:26:54","modified_gmt":"2018-04-05T21:26:54","slug":"letzter-tag-am-ostersonntag","status":"publish","type":"post","link":"https:\/\/tour.gradt.de\/?p=474","title":{"rendered":"Letzter Tag am Ostersonntag"},"content":{"rendered":"<p><span id=\"result_box\" class=\"\" lang=\"en\" tabindex=\"-1\"><span title=\"Gestern war unser letzter Tag auf dem Campingplatz.\">Yesterday was our last day at the campsite. <\/span><span title=\"Knapp eine Woche sind wir hier geblieben und haben uns erholt.\">Almost a week we stayed here and have recovered. <\/span><span title=\"Wir haben nette Leute getroffen und eine tolle Zeit verbracht. \">We met nice people and spent a great time.<\/span><\/span><\/p>\n<p><span title=\"Der Osterhase war da und hat rund ums Auto S\u00fc\u00dfigkeiten versteckt, weil er hier in Spanien leider keine wei\u00dfen Eier zum F\u00e4rben bekommen hat.\">The Easter Bunny was there and hid candy around the car, because unfortunately he did not get white eggs to dye here in Spain. <\/span><span title=\"Die Kinder haben sich sehr gefreut :-) Am Nachmittag haben wir einen langen Spaziergang an der Promenade gemacht.\">The children were very happy \ud83d\ude42 In the afternoon we took a long walk on the promenade. <\/span><span title=\"Adrian mit dem Fahrrad, Sandra mit dem Laufrad und wir mit dem Kinderwagen.\">Adrian on the bike, Sandra on the bike, and we on the stroller. <\/span><span title=\"Viele Restaurants, Eiscaf\u00e9s, Touristen (\u00fcberwiegend Engl\u00e4nder), eigenartige, spanische Architektur, das Rauschen des Meeres und nat\u00fcrlich die schwer-beladenen Stra\u00dfenverk\u00e4ufer aus Afrika beleben die Promenade und machen eine sch\u00f6ne Atmosph\u00e4re, die einfach zum Genie\u00dfen ist.\">Many restaurants, ice cream parlors, tourists (mostly English), peculiar Spanish architecture, the sound of the sea and, of course, the heavily laden African street vendors liven up the promenade and create a beautiful atmosphere that is simply enjoyable. <\/span><span title=\"Mit Kindern an einem Eiscaf\u00e9 vorbeizugehen ist nicht immer einfach, also hat auf dem R\u00fcckweg jeder eine Kugel Eis bekommen :-) \">Walking past an ice cream parlor with children is not always easy, so everyone got a scoop of ice cream on the way back \ud83d\ude42<\/span><!--more--><\/p>\n<p><span id=\"result_box\" class=\"\" lang=\"en\" tabindex=\"-1\"><span title=\"Zum Abendessen, haben wir mit unseren, neuen Freunden aus England und Schottland gegrillt.\">For dinner, we have grilled with our new friends from England and Scotland. <\/span><span title=\"Danach haben sie Musik gemacht und einige Nachbarn sind dazu gekommen.\">After that they made music and some neighbors came to it. <\/span><span title=\"Unsere Freunde fahren heute auch weiter.\">Our friends continue today. <\/span><span title=\"Wir haben zusammen eine kleine, gem\u00fctliche Verabschiedungsparty geschmissen.\">We threw together a small, cozy farewell party. <\/span><span title=\"Nette Leute und sch\u00f6ne Gitarrenmusik bleiben noch lange in Erinnerung.\">Nice people and nice guitar music will be remembered for a long time. <\/span><span title=\"Wer wei\u00df..., man trifft sich immer zwei mal im Leben. \">Who knows &#8230;, you always meet twice in your life.<\/span><\/span><\/p>\n<p><span title=\"Heute gegen Mittag geht's weiter in die Welt hinaus.\">Today at noon, it&#8217;s off to the world. <\/span><span title=\"Wieder Erleben und neue Eindr\u00fccke sammeln.\">Experience again and gather new impressions. <\/span><span title=\"Wir w\u00fcnschen euch allen noch frohe Ostern und freuen uns auf die n\u00e4chsten Etappen!\">We wish you all a happy Easter and look forward to the next stages!<\/span><\/p>\n<p><img class=\"size-full\" src=\"https:\/\/i0.wp.com\/tour.gradt.de\/wp-content\/uploads\/2018\/04\/img_5376.jpg?w=525\" data-recalc-dims=\"1\" \/><img class=\"size-full\" src=\"https:\/\/i0.wp.com\/tour.gradt.de\/wp-content\/uploads\/2018\/04\/img_5390.jpg?w=525\" data-recalc-dims=\"1\" \/><img class=\"size-full\" src=\"https:\/\/i0.wp.com\/tour.gradt.de\/wp-content\/uploads\/2018\/04\/img_5385.jpg?w=525\" data-recalc-dims=\"1\" \/><img class=\"size-full\" src=\"https:\/\/i0.wp.com\/tour.gradt.de\/wp-content\/uploads\/2018\/04\/img_5382.jpg?w=525\" data-recalc-dims=\"1\" \/><img class=\"size-full\" src=\"https:\/\/i0.wp.com\/tour.gradt.de\/wp-content\/uploads\/2018\/04\/img_5395.jpg?w=525\" data-recalc-dims=\"1\" \/><img class=\"size-full\" src=\"https:\/\/i0.wp.com\/tour.gradt.de\/wp-content\/uploads\/2018\/04\/img_5409.jpg?w=525\" data-recalc-dims=\"1\" \/><\/p>\n","protected":false},"excerpt":{"rendered":"<p>Yesterday was our last day at the campsite. Almost a week we stayed here and have recovered. We met nice people and spent a great time. The Easter Bunny was there and hid candy around the car, because unfortunately he did not get white eggs to dye here in Spain. The children were very happy &hellip; <\/p>\n<p class=\"link-more\"><a href=\"https:\/\/tour.gradt.de\/?p=474\" class=\"more-link\"><span class=\"screen-reader-text\">\u201eLetzter Tag am Ostersonntag\u201c<\/span> weiterlesen<\/a><\/p>\n","protected":false},"author":1,"featured_media":466,"comment_status":"open","ping_status":"open","sticky":false,"template":"","format":"standard","meta":{"jetpack_post_was_ever_published":false,"jetpack_publicize_message":"","jetpack_is_tweetstorm":false,"jetpack_publicize_feature_enabled":true},"categories":[1],"tags":[],"jetpack_publicize_connections":[],"jetpack_featured_media_url":"https:\/\/i0.wp.com\/tour.gradt.de\/wp-content\/uploads\/2018\/04\/img_5376.jpg?fit=2448%2C3264&ssl=1","jetpack_sharing_enabled":true,"jetpack_shortlink":"https:\/\/wp.me\/p9KDky-7E","jetpack_likes_enabled":true,"_links":{"self":[{"href":"https:\/\/tour.gradt.de\/index.php?rest_route=\/wp\/v2\/posts\/474"}],"collection":[{"href":"https:\/\/tour.gradt.de\/index.php?rest_route=\/wp\/v2\/posts"}],"about":[{"href":"https:\/\/tour.gradt.de\/index.php?rest_route=\/wp\/v2\/types\/post"}],"author":[{"embeddable":true,"href":"https:\/\/tour.gradt.de\/index.php?rest_route=\/wp\/v2\/users\/1"}],"replies":[{"embeddable":true,"href":"https:\/\/tour.gradt.de\/index.php?rest_route=%2Fwp%2Fv2%2Fcomments&post=474"}],"version-history":[{"count":2,"href":"https:\/\/tour.gradt.de\/index.php?rest_route=\/wp\/v2\/posts\/474\/revisions"}],"predecessor-version":[{"id":566,"href":"https:\/\/tour.gradt.de\/index.php?rest_route=\/wp\/v2\/posts\/474\/revisions\/566"}],"wp:featuredmedia":[{"embeddable":true,"href":"https:\/\/tour.gradt.de\/index.php?rest_route=\/wp\/v2\/media\/466"}],"wp:attachment":[{"href":"https:\/\/tour.gradt.de\/index.php?rest_route=%2Fwp%2Fv2%2Fmedia&parent=474"}],"wp:term":[{"taxonomy":"category","embeddable":true,"href":"https:\/\/tour.gradt.de\/index.php?rest_route=%2Fwp%2Fv2%2Fcategories&post=474"},{"taxonomy":"post_tag","embeddable":true,"href":"https:\/\/tour.gradt.de\/index.php?rest_route=%2Fwp%2Fv2%2Ftags&post=474"}],"curies":[{"name":"wp","href":"https:\/\/api.w.org\/{rel}","templated":true}]}}