{"id":490,"date":"2018-04-03T06:09:54","date_gmt":"2018-04-03T06:09:54","guid":{"rendered":"http:\/\/tour.gradt.de?p=490"},"modified":"2018-04-05T21:37:10","modified_gmt":"2018-04-05T21:37:10","slug":"spanischer-stierkampf","status":"publish","type":"post","link":"https:\/\/tour.gradt.de\/?p=490","title":{"rendered":"Spanischer Stierkampf"},"content":{"rendered":"<p>Gestern haben wir gegen Mittag unser gem\u00fctliches Nest, den Campingplatz in Manilva, verlassen. Sind weg vom Meer rund 80 km bis nach Ronda gefahren. Unterwegs haben wir die wundersch\u00f6nen, weiten und m\u00e4chtigen Landschaft aus Bergen, Felsen und teilweise Wiesen mit &#8222;Kakaok\u00fchen&#8220; :-), Pferden und Schafen genossen.<\/p>\n<p><!--more-->Ronda ist eine kleine Stadt, die f\u00fcr ihre besondere Lage und den Stierkampf bekannt ist. Die engen Stra\u00dfen und die wei\u00dfen H\u00e4user im s\u00fcdlichen Stil sind in den Hang gebaut. Besonders ist die Lage der Altstadt, welche durch eine Schlucht von der neuen Stadt getrennt ist. In der Schlucht gibt es G\u00e4rten und Heilb\u00e4der. Wir hatten den Eindruck die Natur in ihrer ganzen Urspr\u00fcnglichkeit zu begegnen.<\/p>\n<p>Nach dem Spaziergang durch die Stadt waren wir im Museum des bekannten, spanischen Stierkampfes. Durch das ganze imposante Gel\u00e4nde mit der Arena sind wir gelaufen und konnten sehen, wie die Tiere gehalten und f\u00fcr den Kampf vorbereitet werden. Einerseits interessant und andererseits zieht es einem das Herz zusammen, wenn man den Kampf auf den Bildern sieht und versteht wie die Tiere gequ\u00e4lt worden sind.<\/p>\n<p>Nach dem Museumsbesuch sind wir wieder zur\u00fcck durch die Stadt gelaufen, zwischendurch ein bi\u00dfchen zum Abendessen eingekauft und sind auf dem Parkplatz in Ronda \u00fcber die Nacht geblieben.<\/p>\n<p>Es war ein sch\u00f6ner, erlebnisreicher Tag nach der langen Ruhepause. Heute geht&#8217;s wieder weiter. Mal schauen wie weit wir kommen und was wir erleben&#8230;:-) immer nach Lust und Laune \ud83d\ude09 und ganz ohne Zeitdruck!<\/p>\n<p><img src=\"https:\/\/i0.wp.com\/tour.gradt.de\/wp-content\/uploads\/2018\/04\/img_5413.jpg?w=525\" class=\"size-full\" data-recalc-dims=\"1\"><img src=\"https:\/\/i0.wp.com\/tour.gradt.de\/wp-content\/uploads\/2018\/04\/img_5492.jpg?w=525\" class=\"size-full\" data-recalc-dims=\"1\"><img src=\"https:\/\/i0.wp.com\/tour.gradt.de\/wp-content\/uploads\/2018\/04\/img_5440.jpg?w=525\" class=\"size-full\" data-recalc-dims=\"1\"><img src=\"https:\/\/i0.wp.com\/tour.gradt.de\/wp-content\/uploads\/2018\/04\/img_5434.jpg?w=525\" class=\"size-full\" data-recalc-dims=\"1\"><img src=\"https:\/\/i0.wp.com\/tour.gradt.de\/wp-content\/uploads\/2018\/04\/img_5439.jpg?w=525\" class=\"size-full\" data-recalc-dims=\"1\"><img src=\"https:\/\/i0.wp.com\/tour.gradt.de\/wp-content\/uploads\/2018\/04\/img_5436.jpg?w=525\" class=\"size-full\" data-recalc-dims=\"1\"><img src=\"https:\/\/i0.wp.com\/tour.gradt.de\/wp-content\/uploads\/2018\/04\/img_5481.jpg?w=525\" class=\"size-full\" data-recalc-dims=\"1\"><img src=\"https:\/\/i0.wp.com\/tour.gradt.de\/wp-content\/uploads\/2018\/04\/img_5463.jpg?w=525\" class=\"size-full\" data-recalc-dims=\"1\"><img src=\"https:\/\/i0.wp.com\/tour.gradt.de\/wp-content\/uploads\/2018\/04\/img_5473.jpg?w=525\" class=\"size-full\" data-recalc-dims=\"1\"><img src=\"https:\/\/i0.wp.com\/tour.gradt.de\/wp-content\/uploads\/2018\/04\/img_5469.jpg?w=525\" class=\"size-full\" data-recalc-dims=\"1\"><img src=\"https:\/\/i0.wp.com\/tour.gradt.de\/wp-content\/uploads\/2018\/04\/img_5464.jpg?w=525\" class=\"size-full\" data-recalc-dims=\"1\"><\/p>\n","protected":false},"excerpt":{"rendered":"<p>Gestern haben wir gegen Mittag unser gem\u00fctliches Nest, den Campingplatz in Manilva, verlassen. Sind weg vom Meer rund 80 km bis nach Ronda gefahren. Unterwegs haben wir die wundersch\u00f6nen, weiten und m\u00e4chtigen Landschaft aus Bergen, Felsen und teilweise Wiesen mit &#8222;Kakaok\u00fchen&#8220; :-), Pferden und Schafen genossen.<\/p>\n","protected":false},"author":2,"featured_media":489,"comment_status":"open","ping_status":"open","sticky":false,"template":"","format":"standard","meta":{"jetpack_post_was_ever_published":false,"jetpack_publicize_message":"","jetpack_is_tweetstorm":false,"jetpack_publicize_feature_enabled":true},"categories":[18],"tags":[],"jetpack_publicize_connections":[],"jetpack_featured_media_url":"https:\/\/i0.wp.com\/tour.gradt.de\/wp-content\/uploads\/2018\/04\/img_5481.jpg?fit=2448%2C3264&ssl=1","jetpack_sharing_enabled":true,"jetpack_shortlink":"https:\/\/wp.me\/p9KDky-7U","jetpack_likes_enabled":true,"_links":{"self":[{"href":"https:\/\/tour.gradt.de\/index.php?rest_route=\/wp\/v2\/posts\/490"}],"collection":[{"href":"https:\/\/tour.gradt.de\/index.php?rest_route=\/wp\/v2\/posts"}],"about":[{"href":"https:\/\/tour.gradt.de\/index.php?rest_route=\/wp\/v2\/types\/post"}],"author":[{"embeddable":true,"href":"https:\/\/tour.gradt.de\/index.php?rest_route=\/wp\/v2\/users\/2"}],"replies":[{"embeddable":true,"href":"https:\/\/tour.gradt.de\/index.php?rest_route=%2Fwp%2Fv2%2Fcomments&post=490"}],"version-history":[{"count":8,"href":"https:\/\/tour.gradt.de\/index.php?rest_route=\/wp\/v2\/posts\/490\/revisions"}],"predecessor-version":[{"id":501,"href":"https:\/\/tour.gradt.de\/index.php?rest_route=\/wp\/v2\/posts\/490\/revisions\/501"}],"wp:featuredmedia":[{"embeddable":true,"href":"https:\/\/tour.gradt.de\/index.php?rest_route=\/wp\/v2\/media\/489"}],"wp:attachment":[{"href":"https:\/\/tour.gradt.de\/index.php?rest_route=%2Fwp%2Fv2%2Fmedia&parent=490"}],"wp:term":[{"taxonomy":"category","embeddable":true,"href":"https:\/\/tour.gradt.de\/index.php?rest_route=%2Fwp%2Fv2%2Fcategories&post=490"},{"taxonomy":"post_tag","embeddable":true,"href":"https:\/\/tour.gradt.de\/index.php?rest_route=%2Fwp%2Fv2%2Ftags&post=490"}],"curies":[{"name":"wp","href":"https:\/\/api.w.org\/{rel}","templated":true}]}}