{"id":518,"date":"2018-04-04T21:20:30","date_gmt":"2018-04-04T21:20:30","guid":{"rendered":"http:\/\/tour.gradt.de?p=518"},"modified":"2018-04-05T21:36:46","modified_gmt":"2018-04-05T21:36:46","slug":"tut-aber-immer-fahren","status":"publish","type":"post","link":"https:\/\/tour.gradt.de\/?p=518","title":{"rendered":"Tut aber immer fahren ;-)"},"content":{"rendered":"<p>Wir haben heute in Mijas auf einem Stellplatz neben der Golfanlage \u00fcbernachtet. Nach dem Fr\u00fchst\u00fcck dieses Mal mit Gas und Kaffee \ud83d\ude42 sind wir auf den Basar gegangen, der direkt auf unserem Stellplatz befand. Zahlreiche Obst-, Gem\u00fcse-, und Klamottenver\u00e4ufer waren da. Besonders interessant war es f\u00fcr uns Porzellangeschirr mit verschiedenen spanischen Motiven anzuschauen: Flamenco T\u00e4nzerinnen, sch\u00f6ne spanische Landschaften, bunte F\u00e4cher. Anna w\u00fcrde am liebsten alles mitnehmen, aber der Platz im WoMo ist leider begrenzt. Dinge, die nach und nach den Platz wieder hergeben haben wir gekauft: Frische Wassermelone, Erdbeeren und Oliven.<\/p>\n<p>Es war so warm drau\u00dfen, man kann sagen hei\u00df, dass die kalte Wassermelone zum Mittag das Beste war. Danach sind wir in Richtung Malaga losgefahren.<\/p>\n<p>Beim Fahren haben wir gemerkt, dass etwas mit unserem Auto nicht stimmt. Es schl\u00e4gt etwas unten drunter, man sp\u00fcrt es auch in der Fahrerkabine rechts, aber nur beim Beschleunigen oder Bremsen. Christian hat beim ADAC in Deutschland angerufen. Sie haben uns in die Werkstatt nach M\u00e1laga geschickt. Dort angekommen, waren fast alle in der &#8222;Mittagspause&#8220; von 13 bis 16 Uhr. Der einzige auffindbare Mitarbeiter im Service ist dann mit uns rausgegangen und hat eine kurze Probefahrt um den Block gemacht. Aber wie es Murphy so will, hat nichts geschlagen und er konnte nichts feststellen. Er hat dann gesagt: &#8222;wir sollen weiter fahren und wenn das Klappern nochmal kommt&#8220; uns an die n\u00e4chste FIAT- Werkstatt wenden \ud83d\ude42 Der Werkstattmeister war anscheinend auch voll in der Siestastimmung \ud83d\ude42 Das Schlagen taucht immer noch auf. Mal schauen wie weit wir kommen.<\/p>\n<p>Da es in einem Vorort von M\u00e1laga einen Laika-Service gibt, sind wir auch dort vorbei. Wir wollten dort ein Paar Ersatzteile f\u00fcr die Kleinreparaturen im Womo besorgen. Zumindest haben hier ein wenig Erfolg gehabt und k\u00f6nnen nun die Seitenklappe wieder ordentlich verriegeln. Die R\u00fcckfahrkamera und die Trittstufe lassen sich noch nicht wieder in Betrieb nehmen.<\/p>\n<p>Heute stehen wir auf einem recht lauten, aber gem\u00fctlichen Stellplatz bei M\u00e1laga, direkt am M\u00e1laga Beach.<\/p>\n<p><img loading=\"lazy\" src=\"https:\/\/i0.wp.com\/tour.gradt.de\/wp-content\/uploads\/2018\/04\/img_5511.jpg?resize=525%2C700\" class=\"size-full wp-image-519\" height=\"700\" width=\"525\" srcset=\"https:\/\/i0.wp.com\/tour.gradt.de\/wp-content\/uploads\/2018\/04\/img_5511.jpg?w=2448&amp;ssl=1 2448w, https:\/\/i0.wp.com\/tour.gradt.de\/wp-content\/uploads\/2018\/04\/img_5511.jpg?resize=225%2C300&amp;ssl=1 225w, https:\/\/i0.wp.com\/tour.gradt.de\/wp-content\/uploads\/2018\/04\/img_5511.jpg?resize=768%2C1024&amp;ssl=1 768w, https:\/\/i0.wp.com\/tour.gradt.de\/wp-content\/uploads\/2018\/04\/img_5511.jpg?w=1050 1050w, https:\/\/i0.wp.com\/tour.gradt.de\/wp-content\/uploads\/2018\/04\/img_5511.jpg?w=1575 1575w\" sizes=\"(max-width: 767px) 89vw, (max-width: 1000px) 54vw, (max-width: 1071px) 543px, 580px\" data-recalc-dims=\"1\" \/><img loading=\"lazy\" src=\"https:\/\/i0.wp.com\/tour.gradt.de\/wp-content\/uploads\/2018\/04\/img_5514-1.jpg?resize=525%2C700\" class=\"wp-image-520 size-full\" height=\"700\" width=\"525\" srcset=\"https:\/\/i0.wp.com\/tour.gradt.de\/wp-content\/uploads\/2018\/04\/img_5514-1.jpg?w=2448&amp;ssl=1 2448w, https:\/\/i0.wp.com\/tour.gradt.de\/wp-content\/uploads\/2018\/04\/img_5514-1.jpg?resize=225%2C300&amp;ssl=1 225w, https:\/\/i0.wp.com\/tour.gradt.de\/wp-content\/uploads\/2018\/04\/img_5514-1.jpg?resize=768%2C1024&amp;ssl=1 768w, https:\/\/i0.wp.com\/tour.gradt.de\/wp-content\/uploads\/2018\/04\/img_5514-1.jpg?w=1050 1050w, https:\/\/i0.wp.com\/tour.gradt.de\/wp-content\/uploads\/2018\/04\/img_5514-1.jpg?w=1575 1575w\" sizes=\"(max-width: 767px) 89vw, (max-width: 1000px) 54vw, (max-width: 1071px) 543px, 580px\" data-recalc-dims=\"1\" \/><img loading=\"lazy\" src=\"https:\/\/i0.wp.com\/tour.gradt.de\/wp-content\/uploads\/2018\/04\/img_5513-1.jpg?resize=525%2C700\" class=\"wp-image-521 size-full\" height=\"700\" width=\"525\" srcset=\"https:\/\/i0.wp.com\/tour.gradt.de\/wp-content\/uploads\/2018\/04\/img_5513-1.jpg?w=2448&amp;ssl=1 2448w, https:\/\/i0.wp.com\/tour.gradt.de\/wp-content\/uploads\/2018\/04\/img_5513-1.jpg?resize=225%2C300&amp;ssl=1 225w, https:\/\/i0.wp.com\/tour.gradt.de\/wp-content\/uploads\/2018\/04\/img_5513-1.jpg?resize=768%2C1024&amp;ssl=1 768w, https:\/\/i0.wp.com\/tour.gradt.de\/wp-content\/uploads\/2018\/04\/img_5513-1.jpg?w=1050 1050w, https:\/\/i0.wp.com\/tour.gradt.de\/wp-content\/uploads\/2018\/04\/img_5513-1.jpg?w=1575 1575w\" sizes=\"(max-width: 767px) 89vw, (max-width: 1000px) 54vw, (max-width: 1071px) 543px, 580px\" data-recalc-dims=\"1\" \/><img loading=\"lazy\" src=\"https:\/\/i0.wp.com\/tour.gradt.de\/wp-content\/uploads\/2018\/04\/img_5517-1.jpg?resize=525%2C700\" class=\"size-full wp-image-522\" height=\"700\" width=\"525\" srcset=\"https:\/\/i0.wp.com\/tour.gradt.de\/wp-content\/uploads\/2018\/04\/img_5517-1.jpg?w=2448&amp;ssl=1 2448w, https:\/\/i0.wp.com\/tour.gradt.de\/wp-content\/uploads\/2018\/04\/img_5517-1.jpg?resize=225%2C300&amp;ssl=1 225w, https:\/\/i0.wp.com\/tour.gradt.de\/wp-content\/uploads\/2018\/04\/img_5517-1.jpg?resize=768%2C1024&amp;ssl=1 768w, https:\/\/i0.wp.com\/tour.gradt.de\/wp-content\/uploads\/2018\/04\/img_5517-1.jpg?w=1050 1050w, https:\/\/i0.wp.com\/tour.gradt.de\/wp-content\/uploads\/2018\/04\/img_5517-1.jpg?w=1575 1575w\" sizes=\"(max-width: 767px) 89vw, (max-width: 1000px) 54vw, (max-width: 1071px) 543px, 580px\" data-recalc-dims=\"1\" \/><\/p>\n","protected":false},"excerpt":{"rendered":"<p>Wir haben heute in Mijas auf einem Stellplatz neben der Golfanlage \u00fcbernachtet. Nach dem Fr\u00fchst\u00fcck dieses Mal mit Gas und Kaffee \ud83d\ude42 sind wir auf den Basar gegangen, der direkt auf unserem Stellplatz befand. Zahlreiche Obst-, Gem\u00fcse-, und Klamottenver\u00e4ufer waren da. Besonders interessant war es f\u00fcr uns Porzellangeschirr mit verschiedenen spanischen Motiven anzuschauen: Flamenco T\u00e4nzerinnen, &hellip; <\/p>\n<p class=\"link-more\"><a href=\"https:\/\/tour.gradt.de\/?p=518\" class=\"more-link\"><span class=\"screen-reader-text\">\u201eTut aber immer fahren ;-)\u201c<\/span> weiterlesen<\/a><\/p>\n","protected":false},"author":2,"featured_media":0,"comment_status":"open","ping_status":"open","sticky":false,"template":"","format":"standard","meta":{"jetpack_post_was_ever_published":false,"jetpack_publicize_message":"","jetpack_is_tweetstorm":false,"jetpack_publicize_feature_enabled":true},"categories":[18],"tags":[],"jetpack_publicize_connections":[],"jetpack_featured_media_url":"","jetpack_sharing_enabled":true,"jetpack_shortlink":"https:\/\/wp.me\/p9KDky-8m","jetpack_likes_enabled":true,"_links":{"self":[{"href":"https:\/\/tour.gradt.de\/index.php?rest_route=\/wp\/v2\/posts\/518"}],"collection":[{"href":"https:\/\/tour.gradt.de\/index.php?rest_route=\/wp\/v2\/posts"}],"about":[{"href":"https:\/\/tour.gradt.de\/index.php?rest_route=\/wp\/v2\/types\/post"}],"author":[{"embeddable":true,"href":"https:\/\/tour.gradt.de\/index.php?rest_route=\/wp\/v2\/users\/2"}],"replies":[{"embeddable":true,"href":"https:\/\/tour.gradt.de\/index.php?rest_route=%2Fwp%2Fv2%2Fcomments&post=518"}],"version-history":[{"count":4,"href":"https:\/\/tour.gradt.de\/index.php?rest_route=\/wp\/v2\/posts\/518\/revisions"}],"predecessor-version":[{"id":526,"href":"https:\/\/tour.gradt.de\/index.php?rest_route=\/wp\/v2\/posts\/518\/revisions\/526"}],"wp:attachment":[{"href":"https:\/\/tour.gradt.de\/index.php?rest_route=%2Fwp%2Fv2%2Fmedia&parent=518"}],"wp:term":[{"taxonomy":"category","embeddable":true,"href":"https:\/\/tour.gradt.de\/index.php?rest_route=%2Fwp%2Fv2%2Fcategories&post=518"},{"taxonomy":"post_tag","embeddable":true,"href":"https:\/\/tour.gradt.de\/index.php?rest_route=%2Fwp%2Fv2%2Ftags&post=518"}],"curies":[{"name":"wp","href":"https:\/\/api.w.org\/{rel}","templated":true}]}}