{"id":527,"date":"2018-04-05T20:17:39","date_gmt":"2018-04-05T18:17:39","guid":{"rendered":"http:\/\/tour.gradt.de?p=527"},"modified":"2018-04-19T11:37:14","modified_gmt":"2018-04-19T09:37:14","slug":"oh-wie-schoen-ist-malaga","status":"publish","type":"post","link":"https:\/\/tour.gradt.de\/?p=527","title":{"rendered":"Oh wie sch\u00f6n ist M\u00e1laga!"},"content":{"rendered":"<p>Nach dem technischen Tag und der damit verbundenen wenigen Bewegung, haben wir uns entschieden in M\u00e1laga ein wenig l\u00e4nger zu verweilen. Daher ging es heute nach dem Fr\u00fchst\u00fcck und den Geschenken f\u00fcr Christian (auch er wird j\u00e4hrlich reifer) mit dem Bus in die Stadt.<\/p>\n<p>Schon an der Haltestelle in der Stadt w\u00fcrden wir von Palmen und einer pr\u00e4chtigen Strandpromenade empfangen. Es war sch\u00f6n die Promenade zum Yachthafen zu laufen, ein wenig auf dem kleinen Basar gest\u00f6bert und dann durch einen &#8222;Urwald&#8220;aus Palmen und tropischen Pflanzen, die wir in Deutschland so nicht kennen. Am Fu\u00dfe des Schlossbergs ging es dann auf einen Rundkurs durch die Innenstadt, bei dem wir uns selbstverst\u00e4ndlich auch mit dem ber\u00fchmten Sohn der Stadt &#8211; Pablo Picasso &#8211; haben fotografieren lassen. Bei Stra\u00dfenmusik gab es vor einem Restaurant Steak und Calamari und zum Nachtisch ein Eis. Durch die kleine Gassen der Altstadt haben wir dann unsere Runde durch M\u00e1laga beendet.<\/p>\n<p>Zur\u00fcck am Stellplatz wurden die Kinder von Mama geduscht, Papa hat den Abendbrei gekocht dann wurde geschlafen. Christian und Anna lassen den Abend noch bei einem guten Glas zur Feier des Tages ausklingen.<\/p>\n<p><img src=\"https:\/\/i0.wp.com\/tour.gradt.de\/wp-content\/uploads\/2018\/04\/img_5600.jpg?w=525\" class=\"size-full\" data-recalc-dims=\"1\"><img src=\"https:\/\/i0.wp.com\/tour.gradt.de\/wp-content\/uploads\/2018\/04\/img_5546.jpg?w=525\" class=\"size-full\" data-recalc-dims=\"1\"><img src=\"https:\/\/i0.wp.com\/tour.gradt.de\/wp-content\/uploads\/2018\/04\/img_5593.jpg?w=525\" class=\"size-full\" data-recalc-dims=\"1\"><img src=\"https:\/\/i0.wp.com\/tour.gradt.de\/wp-content\/uploads\/2018\/04\/img_5534.jpg?w=525\" class=\"size-full\" data-recalc-dims=\"1\"><img src=\"https:\/\/i0.wp.com\/tour.gradt.de\/wp-content\/uploads\/2018\/04\/img_5590.jpg?w=525\" class=\"size-full\" data-recalc-dims=\"1\"><img src=\"https:\/\/i0.wp.com\/tour.gradt.de\/wp-content\/uploads\/2018\/04\/img_5526.jpg?w=525\" class=\"size-full\" data-recalc-dims=\"1\"><img src=\"https:\/\/i0.wp.com\/tour.gradt.de\/wp-content\/uploads\/2018\/04\/img_5562.jpg?w=525\" class=\"size-full\" data-recalc-dims=\"1\"><\/p>\n<p><img src=\"https:\/\/i0.wp.com\/tour.gradt.de\/wp-content\/uploads\/2018\/04\/img_5924.jpg?w=525\" class=\"size-full\" data-recalc-dims=\"1\"><\/p>\n","protected":false},"excerpt":{"rendered":"<p>Nach dem technischen Tag und der damit verbundenen wenigen Bewegung, haben wir uns entschieden in M\u00e1laga ein wenig l\u00e4nger zu verweilen. Daher ging es heute nach dem Fr\u00fchst\u00fcck und den Geschenken f\u00fcr Christian (auch er wird j\u00e4hrlich reifer) mit dem Bus in die Stadt. Schon an der Haltestelle in der Stadt w\u00fcrden wir von Palmen &hellip; <\/p>\n<p class=\"link-more\"><a href=\"https:\/\/tour.gradt.de\/?p=527\" class=\"more-link\"><span class=\"screen-reader-text\">\u201eOh wie sch\u00f6n ist M\u00e1laga!\u201c<\/span> weiterlesen<\/a><\/p>\n","protected":false},"author":3,"featured_media":0,"comment_status":"open","ping_status":"open","sticky":false,"template":"","format":"standard","meta":{"jetpack_post_was_ever_published":false,"jetpack_publicize_message":"","jetpack_is_tweetstorm":false,"jetpack_publicize_feature_enabled":true},"categories":[18],"tags":[],"jetpack_publicize_connections":[],"jetpack_featured_media_url":"","jetpack_sharing_enabled":true,"jetpack_shortlink":"https:\/\/wp.me\/p9KDky-8v","jetpack_likes_enabled":true,"_links":{"self":[{"href":"https:\/\/tour.gradt.de\/index.php?rest_route=\/wp\/v2\/posts\/527"}],"collection":[{"href":"https:\/\/tour.gradt.de\/index.php?rest_route=\/wp\/v2\/posts"}],"about":[{"href":"https:\/\/tour.gradt.de\/index.php?rest_route=\/wp\/v2\/types\/post"}],"author":[{"embeddable":true,"href":"https:\/\/tour.gradt.de\/index.php?rest_route=\/wp\/v2\/users\/3"}],"replies":[{"embeddable":true,"href":"https:\/\/tour.gradt.de\/index.php?rest_route=%2Fwp%2Fv2%2Fcomments&post=527"}],"version-history":[{"count":6,"href":"https:\/\/tour.gradt.de\/index.php?rest_route=\/wp\/v2\/posts\/527\/revisions"}],"predecessor-version":[{"id":542,"href":"https:\/\/tour.gradt.de\/index.php?rest_route=\/wp\/v2\/posts\/527\/revisions\/542"}],"wp:attachment":[{"href":"https:\/\/tour.gradt.de\/index.php?rest_route=%2Fwp%2Fv2%2Fmedia&parent=527"}],"wp:term":[{"taxonomy":"category","embeddable":true,"href":"https:\/\/tour.gradt.de\/index.php?rest_route=%2Fwp%2Fv2%2Fcategories&post=527"},{"taxonomy":"post_tag","embeddable":true,"href":"https:\/\/tour.gradt.de\/index.php?rest_route=%2Fwp%2Fv2%2Ftags&post=527"}],"curies":[{"name":"wp","href":"https:\/\/api.w.org\/{rel}","templated":true}]}}